{"id":47109,"date":"2022-04-20T10:52:13","date_gmt":"2022-04-20T13:52:13","guid":{"rendered":"http:\/\/sol.fm.br\/radio\/?p=47109"},"modified":"2022-04-20T10:52:13","modified_gmt":"2022-04-20T13:52:13","slug":"governo-do-estado-e-prefeitura-da-capital-entregam-reformas-em-pavilhoes-do-cais-que-irao-receber-o-south-summit-brasil","status":"publish","type":"post","link":"http:\/\/sol.fm.br\/radio\/governo-do-estado-e-prefeitura-da-capital-entregam-reformas-em-pavilhoes-do-cais-que-irao-receber-o-south-summit-brasil\/","title":{"rendered":"Governo do Estado e prefeitura da capital entregam reformas em pavilh\u00f5es do cais que ir\u00e3o receber o South Summit Brasil"},"content":{"rendered":"<div id=\"dslc-theme-content\"><div id=\"dslc-theme-content-inner\"><p>O governo do Rio Grande do Sul, a prefeitura de Porto Alegre e a organiza\u00e7\u00e3o do South Summit Brasil entregaram nesta ter\u00e7a-feira (19\/4) as reformas nos armaz\u00e9ns do Cais Mau\u00e1 que ir\u00e3o receber a South Summit Brasil nos dias 4, 5 e 6 de maio.<\/p>\n<p>As reformas realizadas nos tr\u00eas armaz\u00e9ns foram organizadas pela prefeitura de Porto Alegre e feitas com o apoio de 22 empresas da iniciativa privada que arcaram com os custos do projeto e recupera\u00e7\u00e3o dos pavilh\u00f5es. Os pr\u00e9dios receberam reformas no telhado, nos port\u00f5es, calhas e fia\u00e7\u00e3o el\u00e9trica, entre outras.<\/p>\n<p><img loading=\"lazy\" decoding=\"async\" class=\"wp-image-47111 aligncenter\" src=\"http:\/\/sol.fm.br\/radio\/wp-content\/uploads\/2022\/04\/10-4-400x267.jpg\" alt=\"\" width=\"415\" height=\"277\" srcset=\"http:\/\/sol.fm.br\/radio\/wp-content\/uploads\/2022\/04\/10-4-400x267.jpg 400w, http:\/\/sol.fm.br\/radio\/wp-content\/uploads\/2022\/04\/10-4-768x512.jpg 768w, http:\/\/sol.fm.br\/radio\/wp-content\/uploads\/2022\/04\/10-4-600x400.jpg 600w, http:\/\/sol.fm.br\/radio\/wp-content\/uploads\/2022\/04\/10-4.jpg 800w\" sizes=\"auto, (max-width: 415px) 100vw, 415px\" \/><\/p>\n<p><em>\u201cEntregamos hoje os tr\u00eas armaz\u00e9ns que foram restaurados para a realiza\u00e7\u00e3o do South Summit Brasil. Este espa\u00e7o inovador dialoga diretamente com esta grande plataforma de inova\u00e7\u00e3o e tecnologia que, pela primeira vez, sair\u00e1 da Europa para ocorrer aqui em Porto Alegre. Temos tradi\u00e7\u00e3o em eventos de porte e saberemos abra\u00e7ar os participantes de um encontro como esse, com repercuss\u00e3o global. Nossa edi\u00e7\u00e3o do South Summit dar\u00e1 um impulso extraordin\u00e1rio aos neg\u00f3cios na \u00e1rea de tecnologia, potencializando a\u00e7\u00f5es em curso h\u00e1 d\u00e9cadas no nosso Estado\u201d<\/em>, disse o governador Ranolfo Vieira J\u00fanior.<\/p>\n<p>Fundado em Madri, na Espanha, em 2012, o South Summit realiza a primeira edi\u00e7\u00e3o internacional com o objetivo colocar o Brasil e a Am\u00e9rica Latina no mapa mundial da inova\u00e7\u00e3o reunindo startups, corpora\u00e7\u00f5es e grandes investidores.<\/p>\n<p>Prefeito em exerc\u00edcio da capital, Ricardo Gomes destacou a parceria com a iniciativa privada. <em>\u201cComo n\u00e3o havia tempo h\u00e1bil para o poder p\u00fablico recuperar os espa\u00e7os, o prefeito Sebasti\u00e3o Melo sugeriu que busc\u00e1ssemos parceiros. Agradecemos muito a todos que ajudaram. \u00c9 simb\u00f3lico que o South Summit aconte\u00e7a no Centro Hist\u00f3rico e no Cais Mau\u00e1, porque o momento \u00e9 de transforma\u00e7\u00e3o e retomada econ\u00f4mica da cidade\u201d<\/em>, acrescentou.<\/p>\n<p>Tamb\u00e9m nesta ter\u00e7a (19), se iniciaram no local as obras das estruturas do evento. A empresa DMDL Montagens de Stands, vencedora do preg\u00e3o eletr\u00f4nico promovido pela Subsecretaria Central de Licita\u00e7\u00f5es (Celic), vinculada \u00e0 Secretaria de Planejamento, Governan\u00e7a e Gest\u00e3o (SPGG), ser\u00e1 a respons\u00e1vel pelos servi\u00e7os. O valor contratado pelo Estado \u00e9 de R$ 6,35 milh\u00f5es e tem prazo de dois meses.<\/p>\n<p><img loading=\"lazy\" decoding=\"async\" class=\"wp-image-47113 aligncenter\" src=\"http:\/\/sol.fm.br\/radio\/wp-content\/uploads\/2022\/04\/20-400x267.jpg\" alt=\"\" width=\"424\" height=\"283\" srcset=\"http:\/\/sol.fm.br\/radio\/wp-content\/uploads\/2022\/04\/20-400x267.jpg 400w, http:\/\/sol.fm.br\/radio\/wp-content\/uploads\/2022\/04\/20-768x512.jpg 768w, http:\/\/sol.fm.br\/radio\/wp-content\/uploads\/2022\/04\/20-600x400.jpg 600w, http:\/\/sol.fm.br\/radio\/wp-content\/uploads\/2022\/04\/20.jpg 800w\" sizes=\"auto, (max-width: 424px) 100vw, 424px\" \/><\/p>\n<p><em>\u201cDesde o in\u00edcio da atual gest\u00e3o o governo sempre teve em mente, como estrat\u00e9gia, a busca de um grande evento internacional de inova\u00e7\u00e3o. O objetivo era o de marcar a transi\u00e7\u00e3o do RS para a nova economia. E hoje, com a entrega dos pavilh\u00f5es, cujas reformas tiveram o apoio da iniciativa privada e tamb\u00e9m com o in\u00edcio das obras para instala\u00e7\u00e3o do South Summit, come\u00e7amos mais uma parte da caminhada para entregar este grande evento para Porto Alegre. Para recebermos aqui na nossa capital toda a comunidade de inova\u00e7\u00e3o do pa\u00eds e do mundo. Vamos fazer um evento global e cont\u00ednuo, que vai ficar por aqui nos pr\u00f3ximos anos\u201d<\/em>, disse o secret\u00e1rio estadual de Planejamento, Governan\u00e7a e Gest\u00e3o, Claudio Gastal.<\/p>\n<p>Durante o evento, tamb\u00e9m foram apresentados n\u00fameros relativos ao South Summit Brasil. Ser\u00e3o cerca de 400 palestrantes. A competi\u00e7\u00e3o de startups recebeu inscri\u00e7\u00f5es de mais de mil startups de 76 pa\u00edses diferentes \u2013 o Brasil lidera, com 330 inscritos.<\/p>\n<p>Outros 10 pa\u00edses se destacam: Estados Unidos, Espanha, R\u00fassia, \u00cdndia, Nig\u00e9ria, Turquia, Argentina, Col\u00f4mbia e Reino Unido. Entre todos, foram escolhidas 50 finalistas que ter\u00e3o a oportunidade de dar visibilidade ao seu projeto, bem como acesso aos quase 90 fundos de investimento (18 deles internacionais) com uma carteira de US$ 62 bilh\u00f5es previstos para a Am\u00e9rica Latina.<\/p>\n<p><strong>Sobre o South Summit<\/strong><\/p>\n<p>Realizado desde 2012 em Madrid, na Espanha, o South Summit \u00e9 reconhecido como uma plataforma global de inova\u00e7\u00e3o e conex\u00f5es entre os principais participantes do mundo empresarial. Sozinho, j\u00e1 movimentou cerca de US$ 8,8 bilh\u00f5es em investimentos.<\/p>\n<p><img loading=\"lazy\" decoding=\"async\" class=\"wp-image-47114 aligncenter\" src=\"http:\/\/sol.fm.br\/radio\/wp-content\/uploads\/2022\/04\/30-400x267.jpg\" alt=\"\" width=\"439\" height=\"293\" srcset=\"http:\/\/sol.fm.br\/radio\/wp-content\/uploads\/2022\/04\/30-400x267.jpg 400w, http:\/\/sol.fm.br\/radio\/wp-content\/uploads\/2022\/04\/30-768x512.jpg 768w, http:\/\/sol.fm.br\/radio\/wp-content\/uploads\/2022\/04\/30-600x400.jpg 600w, http:\/\/sol.fm.br\/radio\/wp-content\/uploads\/2022\/04\/30.jpg 800w\" sizes=\"auto, (max-width: 439px) 100vw, 439px\" \/><\/p>\n<p>A edi\u00e7\u00e3o mais recente reuniu cerca de 20 mil participantes e 8 mil empres\u00e1rios \u2013 7 mil deles corporativos \u2013 e 1.600 investidores com uma carteira de investimentos de US$ 135 bilh\u00f5es.<\/p>\n<p>O South Summit \u00e9 hoje o principal encontro de conex\u00e3o entre startups, empresas e fundos de investimento globais. A edi\u00e7\u00e3o brasileira conta com a correaliza\u00e7\u00e3o do governo do Estado do Rio Grande do Sul, South Summit Espanha e powered by IE.<\/p>\n<hr \/>\n<h6><strong>GOV RS | Texto: Claiton Magalh\u00e3es\/Ascom SPGG |\u00a0Edi\u00e7\u00e3o: Secom |\u00a0Fotos: Gustavo Mansur \/ Pal\u00e1cio Piratini<\/strong><\/h6>\n<p><center><iframe loading=\"lazy\" class=\"jmvplayer\" src=\"https:\/\/player.jmvstream.com\/lvw\/YYGWo5wfZuZ8fEW7Qoq1ISwhLSEDhU\" width=\"640\" height=\"360\" frameborder=\"0\" allowfullscreen=\"allowfullscreen\"><\/iframe><\/center><\/p>\n<h6><\/h6>\n<\/div><\/div>","protected":false},"excerpt":{"rendered":"<p>O governo do Rio Grande do Sul, a prefeitura de Porto Alegre e a organiza\u00e7\u00e3o do South Summit Brasil entregaram nesta ter\u00e7a-feira (19\/4) as reformas nos armaz\u00e9ns do Cais Mau\u00e1 que ir\u00e3o receber a South Summit Brasil nos dias 4, 5 e 6 de maio. As reformas realizadas nos tr\u00eas armaz\u00e9ns foram organizadas pela prefeitura [&hellip;]<\/p>\n","protected":false},"author":4,"featured_media":47112,"comment_status":"open","ping_status":"open","sticky":false,"template":"","format":"standard","meta":{"footnotes":""},"categories":[1],"tags":[],"class_list":["post-47109","post","type-post","status-publish","format-standard","has-post-thumbnail","hentry","category-sem-categoria"],"_links":{"self":[{"href":"http:\/\/sol.fm.br\/radio\/wp-json\/wp\/v2\/posts\/47109","targetHints":{"allow":["GET"]}}],"collection":[{"href":"http:\/\/sol.fm.br\/radio\/wp-json\/wp\/v2\/posts"}],"about":[{"href":"http:\/\/sol.fm.br\/radio\/wp-json\/wp\/v2\/types\/post"}],"author":[{"embeddable":true,"href":"http:\/\/sol.fm.br\/radio\/wp-json\/wp\/v2\/users\/4"}],"replies":[{"embeddable":true,"href":"http:\/\/sol.fm.br\/radio\/wp-json\/wp\/v2\/comments?post=47109"}],"version-history":[{"count":1,"href":"http:\/\/sol.fm.br\/radio\/wp-json\/wp\/v2\/posts\/47109\/revisions"}],"predecessor-version":[{"id":47115,"href":"http:\/\/sol.fm.br\/radio\/wp-json\/wp\/v2\/posts\/47109\/revisions\/47115"}],"wp:featuredmedia":[{"embeddable":true,"href":"http:\/\/sol.fm.br\/radio\/wp-json\/wp\/v2\/media\/47112"}],"wp:attachment":[{"href":"http:\/\/sol.fm.br\/radio\/wp-json\/wp\/v2\/media?parent=47109"}],"wp:term":[{"taxonomy":"category","embeddable":true,"href":"http:\/\/sol.fm.br\/radio\/wp-json\/wp\/v2\/categories?post=47109"},{"taxonomy":"post_tag","embeddable":true,"href":"http:\/\/sol.fm.br\/radio\/wp-json\/wp\/v2\/tags?post=47109"}],"curies":[{"name":"wp","href":"https:\/\/api.w.org\/{rel}","templated":true}]}}