{"id":48466,"date":"2022-06-09T14:02:36","date_gmt":"2022-06-09T17:02:36","guid":{"rendered":"http:\/\/sol.fm.br\/radio\/?p=48466"},"modified":"2022-06-09T14:02:36","modified_gmt":"2022-06-09T17:02:36","slug":"dia-internacional-da-imunizacao-o-servico-de-vacinacao-oferecido-nas-farmacias","status":"publish","type":"post","link":"http:\/\/sol.fm.br\/radio\/dia-internacional-da-imunizacao-o-servico-de-vacinacao-oferecido-nas-farmacias\/","title":{"rendered":"Dia Internacional da Imuniza\u00e7\u00e3o: o servi\u00e7o de vacina\u00e7\u00e3o oferecido nas farm\u00e1cias"},"content":{"rendered":"<div id=\"dslc-theme-content\"><div id=\"dslc-theme-content-inner\"><p>As vacinas foram respons\u00e1veis pelo aumento de 30 anos na expectativa de vida e anualmente evitam cerca de 3 milh\u00f5es de mortes, de acordo com estimativa da Organiza\u00e7\u00e3o Mundial da Sa\u00fade (OMS). Para alertar sobre a import\u00e2ncia das vacinas, na prote\u00e7\u00e3o de pessoas de todas as idades, a data de 9 de junho foi institu\u00edda como Dia Internacional da Imuniza\u00e7\u00e3o.<\/p>\n<p><em>\u201cManter a vacina\u00e7\u00e3o em dia, tanto de crian\u00e7as quanto de adultos, \u00e9 uma das principais maneiras de evitar doen\u00e7as, especialmente as infectocontagiosas. Vacinar \u00e9 um ato de cuidado individual e tamb\u00e9m com a sa\u00fade coletiva, j\u00e1 que reduz a chance de uma doen\u00e7a se espalhar. Nenhuma pessoa deveria perder a vida por problemas de sa\u00fade que podem ser evitados com a imuniza\u00e7\u00e3o\u201d,<\/em> refor\u00e7a o gerente de Servi\u00e7os de Sa\u00fade da Rede de Farm\u00e1cias S\u00e3o Jo\u00e3o, Roberto Canquerini.<\/p>\n<p>Al\u00e9m do aumento da expectativa de vida e de milh\u00f5es de mortes evitadas todos os anos, a vacina\u00e7\u00e3o contribuiu significativamente para a erradica\u00e7\u00e3o de doen\u00e7as como sarampo, poliomielite, difteria e rub\u00e9ola. O avan\u00e7o da imuniza\u00e7\u00e3o tamb\u00e9m teve impacto na redu\u00e7\u00e3o da mortalidade infantil que caiu 91,9% no pa\u00eds, de 1940 a 2019, conforme levantamento do Instituto Brasileiro de Geografia e Estat\u00edstica (IBGE).<\/p>\n<p><em>\u201cS\u00e3o in\u00fameras as conquistas em rela\u00e7\u00e3o \u00e0 sa\u00fade p\u00fablica, devido a vacina\u00e7\u00e3o. Por\u00e9m, nos \u00faltimos dez anos o pa\u00eds tem enfrentado uma queda significativa na cobertura vacinal, motivada por falta de informa\u00e7\u00e3o ou mitos. Isso acendeu um alerta para doen\u00e7as que j\u00e1 estavam erradicadas no pa\u00eds, como a poliomielite que, ap\u00f3s 30 anos sem registro de casos, a baixa taxa de vacina\u00e7\u00e3o colocou o Brasil na lista de 'alto risco' de volta da doen\u00e7a\u201d<\/em>, afirma o m\u00e9dico do N\u00facleo de Inova\u00e7\u00e3o em Servi\u00e7os de Sa\u00fade da Rede de Farm\u00e1cias S\u00e3o Jo\u00e3o, Dr. Jefferson Cunha.<\/p>\n<p>O m\u00e9dico ainda explica que as vacinas ensinam ao sistema imune como reconhecer os v\u00edrus e ter uma resposta de defesa mais eficiente. Pessoas vacinadas t\u00eam menor chance de sofrer complica\u00e7\u00f5es, interna\u00e7\u00e3o hospitalar e evolu\u00e7\u00e3o para \u00f3bito.<\/p>\n<p>Embora o \u00edndice de vacina\u00e7\u00e3o ideal seja acima de 90%, as taxas gerais de imuniza\u00e7\u00e3o t\u00eam ficado abaixo desse valor desde 2012, chegando a 50,4% em 2016. No \u00faltimo ano, a porcentagem foi de 60,7%, segundo informa\u00e7\u00f5es do Datasus do Minist\u00e9rio da Sa\u00fade.<\/p>\n<p>Existem diversos motivos que podem esclarecer essa queda nas coberturas vacinais. O mais evidente deles \u00e9 que a popula\u00e7\u00e3o atualmente adulta foi devidamente vacinada na inf\u00e2ncia, quando doen\u00e7as como o sarampo ou a poliomielite eram vis\u00edveis e a preocupa\u00e7\u00e3o em vacinar as crian\u00e7as era maior.<\/p>\n<p><em>\u201cHoje, como a doen\u00e7a desapareceu, os pais que foram beneficiados pela vacina e que por isso n\u00e3o conviveram com a doen\u00e7a, muitas vezes n\u00e3o percebem a import\u00e2ncia da imuniza\u00e7\u00e3o. Por isso, \u00e9 imprescind\u00edvel mostrar que, apesar de raros os casos, as doen\u00e7as ainda existem e que, portanto, \u00e9 primordial vacinar as crian\u00e7as\u201d,<\/em> finaliza o gerente de Servi\u00e7os de Sa\u00fade da Rede de Farm\u00e1cias S\u00e3o Jo\u00e3o.<\/p>\n<p><strong>Diferen\u00e7a entre vacinas do SUS e rede particular<\/strong><\/p>\n<p>Tanto as vacinas do SUS quanto da rede particular garantem prote\u00e7\u00e3o, por\u00e9m existem algumas diferen\u00e7as. As principais vantagens das vacinas oferecidas pela rede privada est\u00e3o na maior prote\u00e7\u00e3o para evitar doen\u00e7as e infec\u00e7\u00f5es, como \u00e9 o caso da vacina contra HPV quadrivalente e a rotav\u00edrus pentavalente, al\u00e9m do menor n\u00famero de picadas e doses, como \u00e9 o caso da vacina hexavalente, onde apenas uma vacina protege contra 6 tipos de doen\u00e7as \u2013 difteria, t\u00e9tano, coqueluche, haemophilus influenzae tipo b, poliomielite e hepatite B.<\/p>\n<p>Outra diferen\u00e7a est\u00e1 na faixa et\u00e1ria, em algumas situa\u00e7\u00f5es a rede p\u00fablica disponibiliza somente para uma determinada idade, como \u00e9 o caso da vacina contra o HPV oferecida dos 9 aos 15 anos incompletos. Na rede particular, a mesma vacina est\u00e1 dispon\u00edvel tamb\u00e9m para adultos.<\/p>\n<p>Algumas vacinas s\u00e3o administradas mais cedo pela rede particular, como \u00e9 o caso da vacina da gripe, oferecida para todas as idades e dispon\u00edvel anualmente antes mesmo de come\u00e7ar a campanha da rede p\u00fablica.<\/p>\n<p>Ainda, existem as que est\u00e3o dispon\u00edveis apenas na rede particular, como as vacinas contra a dengue, meningite B e herpes z\u00f3ster.<\/p>\n<p>Para o servi\u00e7o de vacina\u00e7\u00e3o, nas filiais da S\u00e3o Jo\u00e3o tem a op\u00e7\u00e3o de escolha do melhor dia, incluindo finais de semana e hor\u00e1rio estendido, com atendimentos inclusive \u00e0 noite.<\/p>\n<p><strong>Salas de vacina\u00e7\u00e3o dentro das farm\u00e1cias<\/strong><\/p>\n<p>A Rede de Farm\u00e1cias S\u00e3o Jo\u00e3o disp\u00f5e de mais de 110 salas de vacinas dentro das filiais. S\u00e3o espa\u00e7os modernos, confort\u00e1veis e seguros que seguem uma s\u00e9rie de quesitos estabelecidos pela legisla\u00e7\u00e3o sanit\u00e1ria.<\/p>\n<p>Desde 2017, as farm\u00e1cias possuem permiss\u00e3o no Brasil para aplica\u00e7\u00e3o de vacinas e cada filial passa por um processo de certifica\u00e7\u00e3o junto \u00e0 Ag\u00eancia Nacional de Vigil\u00e2ncia Sanit\u00e1ria (Anvisa), para receber a autoriza\u00e7\u00e3o e iniciar a presta\u00e7\u00e3o desse servi\u00e7o.<\/p>\n<p>As vacinas s\u00e3o aplicadas por farmac\u00eauticos habilitados, seguindo todos os protocolos de preven\u00e7\u00e3o contra a covid-19. As filiais da S\u00e3o Jo\u00e3o oferecem hor\u00e1rio estendido, incluindo finais de semana, estacionamento pr\u00f3prio e a possibilidade de agendamento para a aplica\u00e7\u00e3o da vacina, atrav\u00e9s do site: <a href=\"https:\/\/saojoaosaude.com.br\/home\">saojoaosaude.com.br<\/a>.<\/p>\n<p>\u00c9 preciso conferir no site a filial mais pr\u00f3xima com sala de vacinas e hor\u00e1rio dispon\u00edvel.<\/p>\n<p><strong>Vacinas dispon\u00edveis na S\u00e3o Jo\u00e3o:<\/strong><\/p>\n<p>\u2022 Dengue<\/p>\n<p>\u2022 Gripe Tetravalente<\/p>\n<p>\u2022 Febre Amarela<\/p>\n<p>\u2022 Haemophilus Influenzae B<\/p>\n<p>\u2022 Hepatite A<\/p>\n<p>\u2022 Hepatite B<\/p>\n<p>\u2022 Hepatite A + B<\/p>\n<p>\u2022 Herpes Z\u00f3ster<\/p>\n<p>\u2022 Hexavalente (difteria, t\u00e9tano, coqueluche, haemophilus influenzae tipo b, poliomelite e hepatite B).<\/p>\n<p>\u2022 HPV Quadrivalente<\/p>\n<p>\u2022 Meningoc\u00f3cica ACWY<\/p>\n<p>\u2022 Meningoc\u00f3cica B<\/p>\n<p>\u2022 Pentavalente (difteria, t\u00e9tano, coqueluche, haemophilus influenzae tipo b e poliomelite)<\/p>\n<p>\u2022 Pneumoc\u00f3cica 13<\/p>\n<p>\u2022 Pneumoc\u00f3cica 23<\/p>\n<p>\u2022 Rotav\u00edrus Pentavalente<\/p>\n<p>\u2022 Tetra Viral (sarampo, caxumba, rub\u00e9ola e varicela)<\/p>\n<p>\u2022 Tr\u00edplice Viral (sarampo, caxumba e rub\u00e9ola)<\/p>\n<p>\u2022 Tr\u00edplice Bacteriana (difteria, t\u00e9tano e coqueluche)<\/p>\n<p>\u2022 Tr\u00edplice Bacteriana + Poliomelite<\/p>\n<p>\u2022 Varicela (catapora)<\/p>\n<p><strong>Sobre a Rede S\u00e3o Jo\u00e3o<\/strong><\/p>\n<p>A Rede de Farm\u00e1cias S\u00e3o Jo\u00e3o \u00e9 a 4\u00aa maior do varejo farmac\u00eautico do Brasil e a maior da regi\u00e3o Sul (RS, SC e PR). Atualmente s\u00e3o mais de 900 lojas, cerca de 15 mil colaboradores e o compromisso \u201cCuidar da sua sa\u00fade \u00e9 nossa miss\u00e3o\u201d.<\/p>\n<p>O atendimento ao cliente conta ainda com um aplicativo, o maior em n\u00famero de lojas integradas na regi\u00e3o Sul do Brasil, para oferecer mais comodidade ao cliente atrav\u00e9s do uso do celular. No APP da S\u00e3o Jo\u00e3o, al\u00e9m de todos os produtos dispon\u00edveis na Rede, tem as op\u00e7\u00f5es de compre e retire na loja, receba em casa, ofertas exclusivas e como encontrar a filial mais pr\u00f3xima.<\/p>\n<hr \/>\n<h6><strong>Assessoria de Imprensa Rede de Farm\u00e1cias S\u00e3o Jo\u00e3o\u00a0<\/strong><\/h6>\n<p><center><iframe loading=\"lazy\" class=\"jmvplayer\" src=\"https:\/\/player.jmvstream.com\/lvw\/YYGWo5wfZuZ8fEW7Qoq1ISwhLSEDhU\" width=\"640\" height=\"360\" frameborder=\"0\" allowfullscreen=\"allowfullscreen\"><\/iframe><\/center><\/p>\n<h6><\/h6>\n<\/div><\/div>","protected":false},"excerpt":{"rendered":"<p>As vacinas foram respons\u00e1veis pelo aumento de 30 anos na expectativa de vida e anualmente evitam cerca de 3 milh\u00f5es de mortes, de acordo com estimativa da Organiza\u00e7\u00e3o Mundial da Sa\u00fade (OMS). Para alertar sobre a import\u00e2ncia das vacinas, na prote\u00e7\u00e3o de pessoas de todas as idades, a data de 9 de junho foi institu\u00edda [&hellip;]<\/p>\n","protected":false},"author":4,"featured_media":48467,"comment_status":"open","ping_status":"open","sticky":false,"template":"","format":"standard","meta":{"footnotes":""},"categories":[1],"tags":[],"class_list":["post-48466","post","type-post","status-publish","format-standard","has-post-thumbnail","hentry","category-sem-categoria"],"_links":{"self":[{"href":"http:\/\/sol.fm.br\/radio\/wp-json\/wp\/v2\/posts\/48466","targetHints":{"allow":["GET"]}}],"collection":[{"href":"http:\/\/sol.fm.br\/radio\/wp-json\/wp\/v2\/posts"}],"about":[{"href":"http:\/\/sol.fm.br\/radio\/wp-json\/wp\/v2\/types\/post"}],"author":[{"embeddable":true,"href":"http:\/\/sol.fm.br\/radio\/wp-json\/wp\/v2\/users\/4"}],"replies":[{"embeddable":true,"href":"http:\/\/sol.fm.br\/radio\/wp-json\/wp\/v2\/comments?post=48466"}],"version-history":[{"count":1,"href":"http:\/\/sol.fm.br\/radio\/wp-json\/wp\/v2\/posts\/48466\/revisions"}],"predecessor-version":[{"id":48468,"href":"http:\/\/sol.fm.br\/radio\/wp-json\/wp\/v2\/posts\/48466\/revisions\/48468"}],"wp:featuredmedia":[{"embeddable":true,"href":"http:\/\/sol.fm.br\/radio\/wp-json\/wp\/v2\/media\/48467"}],"wp:attachment":[{"href":"http:\/\/sol.fm.br\/radio\/wp-json\/wp\/v2\/media?parent=48466"}],"wp:term":[{"taxonomy":"category","embeddable":true,"href":"http:\/\/sol.fm.br\/radio\/wp-json\/wp\/v2\/categories?post=48466"},{"taxonomy":"post_tag","embeddable":true,"href":"http:\/\/sol.fm.br\/radio\/wp-json\/wp\/v2\/tags?post=48466"}],"curies":[{"name":"wp","href":"https:\/\/api.w.org\/{rel}","templated":true}]}}