{"id":48469,"date":"2022-06-09T15:03:46","date_gmt":"2022-06-09T18:03:46","guid":{"rendered":"http:\/\/sol.fm.br\/radio\/?p=48469"},"modified":"2022-06-09T15:03:46","modified_gmt":"2022-06-09T18:03:46","slug":"homicidios-tem-queda-de-53-em-maio-no-rs","status":"publish","type":"post","link":"http:\/\/sol.fm.br\/radio\/homicidios-tem-queda-de-53-em-maio-no-rs\/","title":{"rendered":"Homic\u00eddios t\u00eam queda de 5,3% em maio no RS"},"content":{"rendered":"<div id=\"dslc-theme-content\"><div id=\"dslc-theme-content-inner\"><p><em>M\u00eas fechou com estabilidade nos latroc\u00ednios e alta nos feminic\u00eddios. Roubo a transporte coletivo reduziu 17,7%<\/em><\/p>\n<p>O n\u00famero de v\u00edtimas de homic\u00eddios no Rio Grande do Sul reduziu 5,3% em maio, na compara\u00e7\u00e3o com o mesmo m\u00eas no ano passado. Em sequ\u00eancia da tend\u00eancia verificada nos \u00faltimos tr\u00eas anos, desde a implanta\u00e7\u00e3o do RS Seguro, o indicador caiu de 132 para 125 assassinatos no per\u00edodo \u2013 o menor total desde 2007. Em rela\u00e7\u00e3o \u00e0s 171 mortes registradas em maio de 2018, antes da cria\u00e7\u00e3o do programa, a queda chega a 26,9%, e frente ao pico de 233, um ano antes, a retra\u00e7\u00e3o atinge 46,4%. Os dados integram a divulga\u00e7\u00e3o mensal de<a href=\"https:\/\/ssp.rs.gov.br\/estatisticas\"><strong>\u00a0indicadores de criminalidade<\/strong><\/a>\u00a0no Estado, realizada nesta quinta-feira (9\/6) pela Secretaria da Seguran\u00e7a P\u00fablica (SSP).<\/p>\n<p><img loading=\"lazy\" decoding=\"async\" class=\"alignnone size-medium wp-image-48471 aligncenter\" src=\"http:\/\/sol.fm.br\/radio\/wp-content\/uploads\/2022\/06\/00-3-400x184.jpg\" alt=\"\" width=\"400\" height=\"184\" srcset=\"http:\/\/sol.fm.br\/radio\/wp-content\/uploads\/2022\/06\/00-3-400x184.jpg 400w, http:\/\/sol.fm.br\/radio\/wp-content\/uploads\/2022\/06\/00-3-768x352.jpg 768w, http:\/\/sol.fm.br\/radio\/wp-content\/uploads\/2022\/06\/00-3.jpg 800w\" sizes=\"auto, (max-width: 400px) 100vw, 400px\" \/><\/p>\n<p>Os n\u00fameros destacam ainda o impacto do foco territorial no combate ao crime, a partir do acompanhamento intensivo de indicadores pela Gest\u00e3o de Estat\u00edstica em Seguran\u00e7a (GESeg) do RS Seguro. Em maio, oito dos 23 munic\u00edpios priorizados pelo programa para esse fim encerraram o m\u00eas sem homic\u00eddios: Cachoeirinha, Cap\u00e3o da Canoa, Esteio, Gua\u00edba, Iju\u00ed, Lajeado, Sapucaia do Sul e Tramanda\u00ed. Em Cachoeirinha, este \u00e9 o quarto m\u00eas consecutivo em que o indicador fica zerado. O mesmo ocorre em Gua\u00edba desde mar\u00e7o, e nos \u00faltimos dois meses em Esteio, Iju\u00ed e Lajeado. Do conjunto de 23 cidades, 16 terminaram maio com queda ou estabilidade no n\u00famero de v\u00edtimas de assassinatos.<\/p>\n<p>No acumulado desde janeiro, os homic\u00eddios tamb\u00e9m est\u00e3o em queda. O RS somou 680 v\u00edtimas at\u00e9 o final de maio, 2,3% menos que as 696 dos primeiros cincos meses de 2021. Comparada com 2018, quando o total no per\u00edodo foi de 1.081 v\u00edtimas, a marca atual representa queda de 37,1%.<\/p>\n<p><img loading=\"lazy\" decoding=\"async\" class=\"alignnone size-medium wp-image-48472 aligncenter\" src=\"http:\/\/sol.fm.br\/radio\/wp-content\/uploads\/2022\/06\/01-4-400x184.jpg\" alt=\"\" width=\"400\" height=\"184\" srcset=\"http:\/\/sol.fm.br\/radio\/wp-content\/uploads\/2022\/06\/01-4-400x184.jpg 400w, http:\/\/sol.fm.br\/radio\/wp-content\/uploads\/2022\/06\/01-4-768x352.jpg 768w, http:\/\/sol.fm.br\/radio\/wp-content\/uploads\/2022\/06\/01-4.jpg 800w\" sizes=\"auto, (max-width: 400px) 100vw, 400px\" \/><\/p>\n<p>Os resultados nesse recorte tamb\u00e9m evidenciam o impacto do RS Seguro na diminui\u00e7\u00e3o dos crimes. No ranking das 10 maiores quedas de homic\u00eddio quando comparados os per\u00edodos de janeiro a maio deste ano e do anterior, seis ocorreram em munic\u00edpios que integram o grupo priorizado pelo programa. De fora do bloco, chama aten\u00e7\u00e3o o resultado em duas cidades do Interior que no ano passado haviam registrado assassinatos em n\u00famero al\u00e9m do habitual e, agora, est\u00e3o desde o in\u00edcio de 2022 com indicador de homic\u00eddios zerado: Candel\u00e1ria, no Vale do Rio Pardo, e S\u00e3o Gabriel, na Fronteira Oeste.<\/p>\n<p><img loading=\"lazy\" decoding=\"async\" class=\"alignnone size-medium wp-image-48473 aligncenter\" src=\"http:\/\/sol.fm.br\/radio\/wp-content\/uploads\/2022\/06\/02-1-400x173.jpg\" alt=\"\" width=\"400\" height=\"173\" srcset=\"http:\/\/sol.fm.br\/radio\/wp-content\/uploads\/2022\/06\/02-1-400x173.jpg 400w, http:\/\/sol.fm.br\/radio\/wp-content\/uploads\/2022\/06\/02-1-768x331.jpg 768w, http:\/\/sol.fm.br\/radio\/wp-content\/uploads\/2022\/06\/02-1.jpg 800w\" sizes=\"auto, (max-width: 400px) 100vw, 400px\" \/><\/p>\n<p>Em Porto Alegre, os homic\u00eddios em maio ca\u00edram pela metade na compara\u00e7\u00e3o com o mesmo m\u00eas no ano passado. O n\u00famero de v\u00edtimas baixou 51,9%, de 27 para 13, o menor total para o per\u00edodo desde 2010. Com o resultado, o cen\u00e1rio no acumulado desde janeiro tamb\u00e9m retomou a curva descendente observada nos \u00faltimos tr\u00eas anos, ap\u00f3s a alta pontual em mar\u00e7o em raz\u00e3o de conflitos entre organiza\u00e7\u00f5es criminosas na zona sul da cidade, rapidamente reprimidos pelas for\u00e7as de seguran\u00e7a.<\/p>\n<p><img loading=\"lazy\" decoding=\"async\" class=\"alignnone size-medium wp-image-48474 aligncenter\" src=\"http:\/\/sol.fm.br\/radio\/wp-content\/uploads\/2022\/06\/04-400x184.jpg\" alt=\"\" width=\"400\" height=\"184\" srcset=\"http:\/\/sol.fm.br\/radio\/wp-content\/uploads\/2022\/06\/04-400x184.jpg 400w, http:\/\/sol.fm.br\/radio\/wp-content\/uploads\/2022\/06\/04-768x352.jpg 768w, http:\/\/sol.fm.br\/radio\/wp-content\/uploads\/2022\/06\/04.jpg 800w\" sizes=\"auto, (max-width: 400px) 100vw, 400px\" \/><\/p>\n<p>Na soma dos cinco meses, a Capital contabiliza 115 v\u00edtimas de homic\u00eddios, quatro a menos que em igual intervalo de 2021 (-3,4%) e tamb\u00e9m o menor total da d\u00e9cada. Na compara\u00e7\u00e3o com os 278 assassinatos cometidos em 2018, antes da implanta\u00e7\u00e3o do RS Seguro, no qual Porto Alegre faz parte do grupo priorizado, o n\u00famero atual representa redu\u00e7\u00e3o de 58,6%.<\/p>\n<p><img loading=\"lazy\" decoding=\"async\" class=\"alignnone size-medium wp-image-48475 aligncenter\" src=\"http:\/\/sol.fm.br\/radio\/wp-content\/uploads\/2022\/06\/05-400x184.jpg\" alt=\"\" width=\"400\" height=\"184\" srcset=\"http:\/\/sol.fm.br\/radio\/wp-content\/uploads\/2022\/06\/05-400x184.jpg 400w, http:\/\/sol.fm.br\/radio\/wp-content\/uploads\/2022\/06\/05-768x352.jpg 768w, http:\/\/sol.fm.br\/radio\/wp-content\/uploads\/2022\/06\/05.jpg 800w\" sizes=\"auto, (max-width: 400px) 100vw, 400px\" \/><\/p>\n<p>O principal desafio em rela\u00e7\u00e3o aos homic\u00eddios ainda \u00e9 enfrentado no munic\u00edpio de Rio Grande, na Regi\u00e3o Sul. A disputa localizada a partir da tentativa de uma organiza\u00e7\u00e3o criminosa do Vale do Sinos em se fortalecer na cidade, sob grande resist\u00eancia de outra organiza\u00e7\u00e3o local, tem sido respons\u00e1vel pelo aumento no n\u00famero de assassinatos fora da curva dos \u00faltimos dois anos. O cen\u00e1rio tamb\u00e9m se acirra com a tentativa de se estabelecer uma rota de tr\u00e1fico internacional de drogas passando pelo Porto de Rio Grande. A eleva\u00e7\u00e3o do indicador na cidade tamb\u00e9m \u00e9 ressaltada em raz\u00e3o de o munic\u00edpio ter zerado o n\u00famero de homic\u00eddios ao longo de meses seguidos no ano passado.<\/p>\n<p><img loading=\"lazy\" decoding=\"async\" class=\"alignnone size-medium wp-image-48476 aligncenter\" src=\"http:\/\/sol.fm.br\/radio\/wp-content\/uploads\/2022\/06\/06-400x267.jpg\" alt=\"\" width=\"400\" height=\"267\" srcset=\"http:\/\/sol.fm.br\/radio\/wp-content\/uploads\/2022\/06\/06-400x267.jpg 400w, http:\/\/sol.fm.br\/radio\/wp-content\/uploads\/2022\/06\/06-768x512.jpg 768w, http:\/\/sol.fm.br\/radio\/wp-content\/uploads\/2022\/06\/06-600x400.jpg 600w, http:\/\/sol.fm.br\/radio\/wp-content\/uploads\/2022\/06\/06.jpg 800w\" sizes=\"auto, (max-width: 400px) 100vw, 400px\" \/><\/p>\n<p>Em maio, a c\u00fapula da Seguran\u00e7a P\u00fablica promoveu nova\u00a0<a href=\"https:\/\/ssp.rs.gov.br\/orgaos-da-seguranca-publica-reforcam-integracao-em-reuniao-em-rio-grande\"><strong>reuni\u00e3o integrada em Rio Grande<\/strong><\/a>, com participa\u00e7\u00e3o das chefias das for\u00e7as estaduais e representantes do Minist\u00e9rio P\u00fablico e do Poder Judici\u00e1rio. A partir de estudo do Departamento de Intelig\u00eancia da Seguran\u00e7a P\u00fablica (DISP) da SSP, apontando que a grande maioria dos envolvidos nos homic\u00eddios \u00e9 de jovens com idades entre 18 e 34 anos e com antecedentes, as autoridades alinharam estrat\u00e9gias para conten\u00e7\u00e3o desses conflitos.<\/p>\n<p>Permanece na cidade o refor\u00e7o de policiamento ostensivo com efetivo do 5\u00ba Batalh\u00e3o de Pol\u00edcia de Choque (5\u00ba BPChq) da Brigada Militar, de Pelotas, e de agentes do Departamento de Homic\u00eddios e Prote\u00e7\u00e3o \u00e0 Pessoa (DHPP) da Pol\u00edcia Civil, da Capital, para intensificar a investiga\u00e7\u00e3o de autorias. Desde o in\u00edcio do ano, foram realizadas apreens\u00f5es de mais de 200 armas e as pris\u00f5es de mais de 700 suspeitos.<\/p>\n<p><strong>Latroc\u00ednios no RS se mant\u00eam no menor total da s\u00e9rie hist\u00f3rica em maio<\/strong><\/p>\n<p>O Estado repetiu em maio o n\u00famero de roubos com morte no mesmo m\u00eas do ano passado \u2013 tr\u00eas casos. \u00c9 o menor total j\u00e1 registrado para o per\u00edodo em toda a s\u00e9rie hist\u00f3rica, iniciada em 2002. Feita a compara\u00e7\u00e3o com 2018, quando houve oito latroc\u00ednios em maio, a queda alcan\u00e7a 62,5%.<\/p>\n<p><img loading=\"lazy\" decoding=\"async\" class=\"alignnone size-medium wp-image-48477\" src=\"http:\/\/sol.fm.br\/radio\/wp-content\/uploads\/2022\/06\/2-3-400x205.jpg\" alt=\"\" width=\"400\" height=\"205\" srcset=\"http:\/\/sol.fm.br\/radio\/wp-content\/uploads\/2022\/06\/2-3-400x205.jpg 400w, http:\/\/sol.fm.br\/radio\/wp-content\/uploads\/2022\/06\/2-3-768x394.jpg 768w, http:\/\/sol.fm.br\/radio\/wp-content\/uploads\/2022\/06\/2-3.jpg 800w\" sizes=\"auto, (max-width: 400px) 100vw, 400px\" \/> <img loading=\"lazy\" decoding=\"async\" class=\"alignnone size-medium wp-image-48478\" src=\"http:\/\/sol.fm.br\/radio\/wp-content\/uploads\/2022\/06\/1-8-400x205.jpg\" alt=\"\" width=\"400\" height=\"205\" srcset=\"http:\/\/sol.fm.br\/radio\/wp-content\/uploads\/2022\/06\/1-8-400x205.jpg 400w, http:\/\/sol.fm.br\/radio\/wp-content\/uploads\/2022\/06\/1-8-768x393.jpg 768w, http:\/\/sol.fm.br\/radio\/wp-content\/uploads\/2022\/06\/1-8.jpg 800w\" sizes=\"auto, (max-width: 400px) 100vw, 400px\" \/><\/p>\n<p>No acumulado desde janeiro, o cen\u00e1rio \u00e9 tamb\u00e9m praticamente de estabilidade, com 25 casos, um a mais que nos cinco primeiros meses de 2021, quando houve a \u00fanica marca menor em toda a s\u00e9rie hist\u00f3rica. Frente ao pico, com 84 casos entre janeiro e maio de 2017, a redu\u00e7\u00e3o chega a 70,2%.<\/p>\n<p>Na Capital, o indicador ficou zerado em maio e, no acumulado de cinco meses, teve redu\u00e7\u00e3o de 71,4%, caindo de sete latroc\u00ednios no ano passado para dois, repetindo o menor total da s\u00e9rie, de 2012.<\/p>\n<p><img loading=\"lazy\" decoding=\"async\" class=\"alignnone size-medium wp-image-48479\" src=\"http:\/\/sol.fm.br\/radio\/wp-content\/uploads\/2022\/06\/43-400x205.jpg\" alt=\"\" width=\"400\" height=\"205\" srcset=\"http:\/\/sol.fm.br\/radio\/wp-content\/uploads\/2022\/06\/43-400x205.jpg 400w, http:\/\/sol.fm.br\/radio\/wp-content\/uploads\/2022\/06\/43-768x393.jpg 768w, http:\/\/sol.fm.br\/radio\/wp-content\/uploads\/2022\/06\/43.jpg 800w\" sizes=\"auto, (max-width: 400px) 100vw, 400px\" \/> <img loading=\"lazy\" decoding=\"async\" class=\"alignnone size-medium wp-image-48480\" src=\"http:\/\/sol.fm.br\/radio\/wp-content\/uploads\/2022\/06\/3-2-400x206.jpg\" alt=\"\" width=\"400\" height=\"206\" srcset=\"http:\/\/sol.fm.br\/radio\/wp-content\/uploads\/2022\/06\/3-2-400x206.jpg 400w, http:\/\/sol.fm.br\/radio\/wp-content\/uploads\/2022\/06\/3-2-768x395.jpg 768w, http:\/\/sol.fm.br\/radio\/wp-content\/uploads\/2022\/06\/3-2.jpg 800w\" sizes=\"auto, (max-width: 400px) 100vw, 400px\" \/><\/p>\n<p>O latroc\u00ednio \u00e9 um crime cuja ocorr\u00eancia depende de uma s\u00e9rie de fatores circunstanciais \u2013 poss\u00edvel rea\u00e7\u00e3o da v\u00edtima, a\u00e7\u00e3o surpreendida por testemunhas, consci\u00eancia do assaltante alterada por uso de entorpecentes e at\u00e9 mesmo eventual nervosismo do criminoso, entre outros. Na avalia\u00e7\u00e3o de autoridades das for\u00e7as de seguran\u00e7a, a tend\u00eancia de redu\u00e7\u00e3o verificada ao longo dos \u00faltimos tr\u00eas anos passa pela investiga\u00e7\u00e3o qualificada da Pol\u00edcia Civil, que resulta em mais de 90% de \u00edndice de resolu\u00e7\u00e3o desse tipo de delito, e pela intensifica\u00e7\u00e3o do patrulhamento ostensivo da Brigada Militar. Dos tr\u00eas casos de maio, dois (Gravata\u00ed e Gua\u00edba) j\u00e1 est\u00e3o elucidados e com suspeitos presos ou procuradosd, e o terceiro (Bom Princ\u00edpio) segue em investiga\u00e7\u00e3o.<\/p>\n<p>Tamb\u00e9m contribui decisivamente para a redu\u00e7\u00e3o dos latroc\u00ednios a queda constante e generalizada dos crimes patrimoniais em todo o Estado, geradores dos roubos que acabam em mortes.<\/p>\n<p><strong>Maioria dos crimes patrimoniais tem queda recorde em maio no RS<\/strong><\/p>\n<p>O Rio Grande do Sul teve queda recorde na maioria dos crimes patrimoniais em maio, na compara\u00e7\u00e3o com o mesmo m\u00eas do ano passado. As redu\u00e7\u00f5es mais expressivas ocorreram nos roubos a transporte coletivo e nos ataques a banco.<\/p>\n<p>O n\u00famero de delitos contra institui\u00e7\u00f5es do sistema financeiro, somados furtos e roubos, ca\u00edram de cinco para tr\u00eas em todo o Estado, o que representa retra\u00e7\u00e3o de 40%. Na compara\u00e7\u00e3o com 2018, antes da implanta\u00e7\u00e3o do RS Seguro, quando houve 25 casos, a diminui\u00e7\u00e3o chega a 88%.<\/p>\n<p>No acumulado, o total de ataques a banco baixou de 27 entre janeiro e maio de 2021 para 14 neste ano, uma queda de 48,1%. Tanto no recorte mensal quanto na leitura dos cincos meses, as marcas atuais s\u00e3o as menores j\u00e1 registradas em suas respectivas s\u00e9ries hist\u00f3ricas.<\/p>\n<p><img loading=\"lazy\" decoding=\"async\" class=\"alignnone size-medium wp-image-48481\" src=\"http:\/\/sol.fm.br\/radio\/wp-content\/uploads\/2022\/06\/6-1-400x204.jpg\" alt=\"\" width=\"400\" height=\"204\" srcset=\"http:\/\/sol.fm.br\/radio\/wp-content\/uploads\/2022\/06\/6-1-400x204.jpg 400w, http:\/\/sol.fm.br\/radio\/wp-content\/uploads\/2022\/06\/6-1-768x392.jpg 768w, http:\/\/sol.fm.br\/radio\/wp-content\/uploads\/2022\/06\/6-1.jpg 800w\" sizes=\"auto, (max-width: 400px) 100vw, 400px\" \/> <img loading=\"lazy\" decoding=\"async\" class=\"alignnone size-medium wp-image-48482\" src=\"http:\/\/sol.fm.br\/radio\/wp-content\/uploads\/2022\/06\/5-1-400x205.jpg\" alt=\"\" width=\"400\" height=\"205\" srcset=\"http:\/\/sol.fm.br\/radio\/wp-content\/uploads\/2022\/06\/5-1-400x205.jpg 400w, http:\/\/sol.fm.br\/radio\/wp-content\/uploads\/2022\/06\/5-1-768x394.jpg 768w, http:\/\/sol.fm.br\/radio\/wp-content\/uploads\/2022\/06\/5-1.jpg 800w\" sizes=\"auto, (max-width: 400px) 100vw, 400px\" \/><\/p>\n<p>O mesmo ocorreu nos roubos a transporte coletivo, que tiveram os menores n\u00fameros de ocorr\u00eancias desde o in\u00edcio da contabiliza\u00e7\u00e3o mensal, em 2012. Em maio, houve 65 casos em todo o Estado, 17,7% menos do que os 79 do mesmo per\u00edodo no ano passado. Na soma desde janeiro, a retra\u00e7\u00e3o nos delitos contra motoristas e passageiros de \u00f4nibus e lota\u00e7\u00f5es \u00e9 ainda mais expressiva, caindo de 505 em 2021 para 297 neste ano, baixa de 41,2%.<\/p>\n<p><img loading=\"lazy\" decoding=\"async\" class=\"alignnone size-medium wp-image-48483\" src=\"http:\/\/sol.fm.br\/radio\/wp-content\/uploads\/2022\/06\/8-1-400x204.jpg\" alt=\"\" width=\"400\" height=\"204\" srcset=\"http:\/\/sol.fm.br\/radio\/wp-content\/uploads\/2022\/06\/8-1-400x204.jpg 400w, http:\/\/sol.fm.br\/radio\/wp-content\/uploads\/2022\/06\/8-1-768x392.jpg 768w, http:\/\/sol.fm.br\/radio\/wp-content\/uploads\/2022\/06\/8-1.jpg 800w\" sizes=\"auto, (max-width: 400px) 100vw, 400px\" \/> <img loading=\"lazy\" decoding=\"async\" class=\"alignnone size-medium wp-image-48484\" src=\"http:\/\/sol.fm.br\/radio\/wp-content\/uploads\/2022\/06\/7-1-400x206.jpg\" alt=\"\" width=\"400\" height=\"206\" srcset=\"http:\/\/sol.fm.br\/radio\/wp-content\/uploads\/2022\/06\/7-1-400x206.jpg 400w, http:\/\/sol.fm.br\/radio\/wp-content\/uploads\/2022\/06\/7-1-768x395.jpg 768w, http:\/\/sol.fm.br\/radio\/wp-content\/uploads\/2022\/06\/7-1.jpg 800w\" sizes=\"auto, (max-width: 400px) 100vw, 400px\" \/><\/p>\n<p>Outro crime que apresentou redu\u00e7\u00e3o recorde foi o abigeato. O n\u00famero de furtos de gado em maio no Estado caiu 28,4%, de 472 casos no ano passado para 338 neste ano. Comparado ao pico registrado em 2017, quando o m\u00eas teve 1.027 ocorr\u00eancias do tipo, a retra\u00e7\u00e3o alcan\u00e7a 67,1%. Quando feita a leitura do acumulado de cinco meses, a diminui\u00e7\u00e3o foi de 11,8%, com 1.796 casos desde janeiro frente a 2.036 abigeatos em igual per\u00edodo de 2021. Em ambos os recortes as marcas deste ano s\u00e3o as menores das s\u00e9ries hist\u00f3ricas.<br \/>\n<img loading=\"lazy\" decoding=\"async\" class=\"alignnone size-medium wp-image-48485\" src=\"http:\/\/sol.fm.br\/radio\/wp-content\/uploads\/2022\/06\/10-400x205.jpg\" alt=\"\" width=\"400\" height=\"205\" srcset=\"http:\/\/sol.fm.br\/radio\/wp-content\/uploads\/2022\/06\/10-400x205.jpg 400w, http:\/\/sol.fm.br\/radio\/wp-content\/uploads\/2022\/06\/10-768x393.jpg 768w, http:\/\/sol.fm.br\/radio\/wp-content\/uploads\/2022\/06\/10.jpg 800w\" sizes=\"auto, (max-width: 400px) 100vw, 400px\" \/> <img loading=\"lazy\" decoding=\"async\" class=\"alignnone size-medium wp-image-48486\" src=\"http:\/\/sol.fm.br\/radio\/wp-content\/uploads\/2022\/06\/9-1-400x205.jpg\" alt=\"\" width=\"400\" height=\"205\" srcset=\"http:\/\/sol.fm.br\/radio\/wp-content\/uploads\/2022\/06\/9-1-400x205.jpg 400w, http:\/\/sol.fm.br\/radio\/wp-content\/uploads\/2022\/06\/9-1-768x393.jpg 768w, http:\/\/sol.fm.br\/radio\/wp-content\/uploads\/2022\/06\/9-1.jpg 800w\" sizes=\"auto, (max-width: 400px) 100vw, 400px\" \/><\/p>\n<p>Entre os roubos de ve\u00edculos, houve ligeira alta em maio, com 20 casos a mais em todo o Estado na compara\u00e7\u00e3o com o mesmo m\u00eas no ano anterior \u2013 de 382 para 402 ocorr\u00eancias (+5,2%). Ainda assim, o dado atual \u00e9 menor que qualquer outra marca da s\u00e9rie hist\u00f3rica, iniciada h\u00e1 duas d\u00e9cadas. Essa varia\u00e7\u00e3o n\u00e3o impactou o cen\u00e1rio no acumulado, em que o n\u00famero de ocorr\u00eancias se mant\u00e9m o menor desde o in\u00edcio da contabiliza\u00e7\u00e3o. De janeiro a maio, o RS soma 1.938 roubos de ve\u00edculos, 16,4% menos que os 2.318 do mesmo per\u00edodo em 2021.<\/p>\n<p><img loading=\"lazy\" decoding=\"async\" class=\"alignnone size-medium wp-image-48487\" src=\"http:\/\/sol.fm.br\/radio\/wp-content\/uploads\/2022\/06\/12-1-400x205.jpg\" alt=\"\" width=\"400\" height=\"205\" srcset=\"http:\/\/sol.fm.br\/radio\/wp-content\/uploads\/2022\/06\/12-1-400x205.jpg 400w, http:\/\/sol.fm.br\/radio\/wp-content\/uploads\/2022\/06\/12-1-768x394.jpg 768w, http:\/\/sol.fm.br\/radio\/wp-content\/uploads\/2022\/06\/12-1.jpg 800w\" sizes=\"auto, (max-width: 400px) 100vw, 400px\" \/> <img loading=\"lazy\" decoding=\"async\" class=\"alignnone size-medium wp-image-48488\" src=\"http:\/\/sol.fm.br\/radio\/wp-content\/uploads\/2022\/06\/11-2-400x205.jpg\" alt=\"\" width=\"400\" height=\"205\" srcset=\"http:\/\/sol.fm.br\/radio\/wp-content\/uploads\/2022\/06\/11-2-400x205.jpg 400w, http:\/\/sol.fm.br\/radio\/wp-content\/uploads\/2022\/06\/11-2-768x393.jpg 768w, http:\/\/sol.fm.br\/radio\/wp-content\/uploads\/2022\/06\/11-2.jpg 800w\" sizes=\"auto, (max-width: 400px) 100vw, 400px\" \/><\/p>\n<p>Em Porto Alegre, cidade que tem maior representatividade nesse indicador, concentrando quase metade de todas as ocorr\u00eancias do tipo, os roubos de ve\u00edculos ficaram praticamente est\u00e1veis, mantendo-se no menor n\u00edvel desde que teve in\u00edcio a contagem por munic\u00edpio, em 2012.<\/p>\n<p><img loading=\"lazy\" decoding=\"async\" class=\"alignnone size-medium wp-image-48489 aligncenter\" src=\"http:\/\/sol.fm.br\/radio\/wp-content\/uploads\/2022\/06\/13-367x400.jpg\" alt=\"\" width=\"367\" height=\"400\" srcset=\"http:\/\/sol.fm.br\/radio\/wp-content\/uploads\/2022\/06\/13-367x400.jpg 367w, http:\/\/sol.fm.br\/radio\/wp-content\/uploads\/2022\/06\/13-768x836.jpg 768w, http:\/\/sol.fm.br\/radio\/wp-content\/uploads\/2022\/06\/13.jpg 801w\" sizes=\"auto, (max-width: 367px) 100vw, 367px\" \/><\/p>\n<p>Foram 153 casos, dois a menos que em maio de 2021 (-1,3%). Em 2018, antes do RS Seguro adotar o foco territorial de combate, 683 motoristas de Porto Alegre tiveram seus ve\u00edculos levados por assaltantes no quinto m\u00eas do calend\u00e1rio \u2013 dado frente ao qual a marca deste ano representa retra\u00e7\u00e3o<br \/>\nde 77,6%.<\/p>\n<p>No acumulado entre janeiro e maio, Porto Alegre tamb\u00e9m soma o menor total j\u00e1 visto na s\u00e9rie hist\u00f3rica de roubos de ve\u00edculos do munic\u00edpio. S\u00e3o 770 ocorr\u00eancias, 18,2% menos que em igual intervalo do ano passado, quando houve 941 casos.<\/p>\n<p><img loading=\"lazy\" decoding=\"async\" class=\"alignnone size-medium wp-image-48490\" src=\"http:\/\/sol.fm.br\/radio\/wp-content\/uploads\/2022\/06\/22-2-400x205.jpg\" alt=\"\" width=\"400\" height=\"205\" srcset=\"http:\/\/sol.fm.br\/radio\/wp-content\/uploads\/2022\/06\/22-2-400x205.jpg 400w, http:\/\/sol.fm.br\/radio\/wp-content\/uploads\/2022\/06\/22-2-768x394.jpg 768w, http:\/\/sol.fm.br\/radio\/wp-content\/uploads\/2022\/06\/22-2.jpg 800w\" sizes=\"auto, (max-width: 400px) 100vw, 400px\" \/> <img loading=\"lazy\" decoding=\"async\" class=\"alignnone size-medium wp-image-48491\" src=\"http:\/\/sol.fm.br\/radio\/wp-content\/uploads\/2022\/06\/21-2-400x204.jpg\" alt=\"\" width=\"400\" height=\"204\" srcset=\"http:\/\/sol.fm.br\/radio\/wp-content\/uploads\/2022\/06\/21-2-400x204.jpg 400w, http:\/\/sol.fm.br\/radio\/wp-content\/uploads\/2022\/06\/21-2-768x392.jpg 768w, http:\/\/sol.fm.br\/radio\/wp-content\/uploads\/2022\/06\/21-2.jpg 800w\" sizes=\"auto, (max-width: 400px) 100vw, 400px\" \/><\/p>\n<p><strong>Feminic\u00eddios no RS voltam a ter alta em maio<\/strong><\/p>\n<p>Entre os crimes contra a vida, maio voltou a evidenciar a dificuldade no combate aos feminic\u00eddios. O n\u00famero de mulheres assassinadas em raz\u00e3o do g\u00eanero no Rio Grande do Sul, que havia apresentado queda em abril, subiu de sete, no quinto m\u00eas do ano passado, para 10, neste ano (+42,9%). Com a nova alta, a soma de 45 v\u00edtimas no acumulado desde o in\u00edcio de 2022 segue acima do registrado em igual per\u00edodo do ano passado, com 41 feminic\u00eddios (+5,9%).<\/p>\n<p><img loading=\"lazy\" decoding=\"async\" class=\"alignnone size-medium wp-image-48493\" src=\"http:\/\/sol.fm.br\/radio\/wp-content\/uploads\/2022\/06\/24-1-400x204.jpg\" alt=\"\" width=\"400\" height=\"204\" srcset=\"http:\/\/sol.fm.br\/radio\/wp-content\/uploads\/2022\/06\/24-1-400x204.jpg 400w, http:\/\/sol.fm.br\/radio\/wp-content\/uploads\/2022\/06\/24-1-768x392.jpg 768w, http:\/\/sol.fm.br\/radio\/wp-content\/uploads\/2022\/06\/24-1.jpg 800w\" sizes=\"auto, (max-width: 400px) 100vw, 400px\" \/> <img loading=\"lazy\" decoding=\"async\" class=\"alignnone size-medium wp-image-48494\" src=\"http:\/\/sol.fm.br\/radio\/wp-content\/uploads\/2022\/06\/23-400x205.jpg\" alt=\"\" width=\"400\" height=\"205\" srcset=\"http:\/\/sol.fm.br\/radio\/wp-content\/uploads\/2022\/06\/23-400x205.jpg 400w, http:\/\/sol.fm.br\/radio\/wp-content\/uploads\/2022\/06\/23-768x394.jpg 768w, http:\/\/sol.fm.br\/radio\/wp-content\/uploads\/2022\/06\/23.jpg 800w\" sizes=\"auto, (max-width: 400px) 100vw, 400px\" \/><\/p>\n<p>O perfil dos envolvidos refor\u00e7a, mais uma vez, a urg\u00eancia do engajamento social para levar aos c\u00edrculos de conviv\u00eancia familiar, de trabalho, de amizade e vizinhan\u00e7a a consci\u00eancia sobre a import\u00e2ncia das den\u00fancias de qualquer suspeita de abuso. Somente duas das 10 v\u00edtimas contavam com medida protetiva de urg\u00eancia (MPU) vigente. Todos os feminic\u00eddios de maio foram cometidos pelo companheiro ou ex-companheiro das mulheres assassinadas. Em 80% dos casos, os agressores possuem algum antecedente policial \u2013 quatro foram presos e tr\u00eas cometeram suic\u00eddio.<\/p>\n<p><img loading=\"lazy\" decoding=\"async\" class=\"alignnone size-medium wp-image-48495 aligncenter\" src=\"http:\/\/sol.fm.br\/radio\/wp-content\/uploads\/2022\/06\/25-400x400.jpeg\" alt=\"\" width=\"400\" height=\"400\" srcset=\"http:\/\/sol.fm.br\/radio\/wp-content\/uploads\/2022\/06\/25-400x400.jpeg 400w, http:\/\/sol.fm.br\/radio\/wp-content\/uploads\/2022\/06\/25-768x768.jpeg 768w, http:\/\/sol.fm.br\/radio\/wp-content\/uploads\/2022\/06\/25-560x560.jpeg 560w, http:\/\/sol.fm.br\/radio\/wp-content\/uploads\/2022\/06\/25.jpeg 800w\" sizes=\"auto, (max-width: 400px) 100vw, 400px\" \/><\/p>\n<p>Com o ciclo da viol\u00eancia se desenvolvendo, na maioria das vezes, sob a privacidade do seio familiar, a comunica\u00e7\u00e3o \u00e0s autoridades pelas pr\u00f3prias v\u00edtimas, por parentes, amigos ou qualquer um que desconfie da situa\u00e7\u00e3o, pode ser o fator definidor para salvar uma vida.<\/p>\n<p>A SSP mant\u00e9m o Disque-Den\u00fancia 181 e o\u00a0<a href=\"https:\/\/ssp.rs.gov.br\/ssp.rs.gov.br\/denuncia-digital\"><strong>Den\u00fancia Digital 181 no site da pasta (clique aqui)<\/strong><\/a>\u00a0e a Pol\u00edcia Civil disponibiliza o WhatsApp (51) 9.8444.0606 para o recebimento de informa\u00e7\u00f5es. Casos de urg\u00eancia, em que haja necessidade de interven\u00e7\u00e3o contra perigo imediato, o n\u00famero \u00e9 o 190 da Brigada Militar. Em qualquer desses canais, a den\u00fancia \u00e9 100% an\u00f4nima.<\/p>\n<p><img loading=\"lazy\" decoding=\"async\" class=\"alignnone size-medium wp-image-48496 aligncenter\" src=\"http:\/\/sol.fm.br\/radio\/wp-content\/uploads\/2022\/06\/26-400x400.jpg\" alt=\"\" width=\"400\" height=\"400\" srcset=\"http:\/\/sol.fm.br\/radio\/wp-content\/uploads\/2022\/06\/26-400x400.jpg 400w, http:\/\/sol.fm.br\/radio\/wp-content\/uploads\/2022\/06\/26-768x768.jpg 768w, http:\/\/sol.fm.br\/radio\/wp-content\/uploads\/2022\/06\/26-560x560.jpg 560w, http:\/\/sol.fm.br\/radio\/wp-content\/uploads\/2022\/06\/26.jpg 800w\" sizes=\"auto, (max-width: 400px) 100vw, 400px\" \/><\/p>\n<p>&nbsp;<\/p>\n<p>Tamb\u00e9m para facilitar e agilizar o atendimento em casos de viol\u00eancia contra a mulher, a Pol\u00edcia Civil incluiu em maio um \u00edcone espec\u00edfico para registro de ocorr\u00eancias do tipo no site da\u00a0<a href=\"https:\/\/www.delegaciaonline.rs.gov.br\/dol\/#!\/index\/main\"><strong>Delegacia Online<\/strong><\/a>. A comunica\u00e7\u00e3o do fato pode ser feita a partir de qualquer dispositivo com acesso \u00e0 internet, 24 horas por dia. No site ainda pode ser encontrada a\u00a0<a href=\"https:\/\/www.delegaciaonline.rs.gov.br\/dol\/%20files\/cartilha_dol_mulher.pdf\"><strong>Cartilha Viol\u00eancia Dom\u00e9stica<\/strong><\/a>, que fornece diversas informa\u00e7\u00f5es sobre esse tipo de delito e auxilia no momento do registro online.<\/p>\n<p>Nos demais indicadores de viol\u00eancia contra a mulher acompanhados pela SSP, os destaques em maio s\u00e3o a redu\u00e7\u00e3o de 309 casos de amea\u00e7a frente a igual m\u00eas do ano passado e o aumento significativo das tentativas de feminic\u00eddio que, na mesma compara\u00e7\u00e3o, passaram de nove para 24 casos. Contudo, o paralelo de acumulados entre janeiro e maio deste ano e do anterior mostra queda de 5,6% nesse indicador e o mesmo percentual de retra\u00e7\u00e3o nas amea\u00e7as, al\u00e9m de queda de 10,3% nos estupros \u2013 as les\u00f5es corporais somam ligeira alta, de 1,3%.<\/p>\n<p><img loading=\"lazy\" decoding=\"async\" class=\"alignnone size-medium wp-image-48497\" src=\"http:\/\/sol.fm.br\/radio\/wp-content\/uploads\/2022\/06\/32-400x205.jpg\" alt=\"\" width=\"400\" height=\"205\" srcset=\"http:\/\/sol.fm.br\/radio\/wp-content\/uploads\/2022\/06\/32-400x205.jpg 400w, http:\/\/sol.fm.br\/radio\/wp-content\/uploads\/2022\/06\/32-768x393.jpg 768w, http:\/\/sol.fm.br\/radio\/wp-content\/uploads\/2022\/06\/32.jpg 800w\" sizes=\"auto, (max-width: 400px) 100vw, 400px\" \/> <img loading=\"lazy\" decoding=\"async\" class=\"alignnone size-medium wp-image-48498\" src=\"http:\/\/sol.fm.br\/radio\/wp-content\/uploads\/2022\/06\/31-400x205.jpg\" alt=\"\" width=\"400\" height=\"205\" srcset=\"http:\/\/sol.fm.br\/radio\/wp-content\/uploads\/2022\/06\/31-400x205.jpg 400w, http:\/\/sol.fm.br\/radio\/wp-content\/uploads\/2022\/06\/31-768x394.jpg 768w, http:\/\/sol.fm.br\/radio\/wp-content\/uploads\/2022\/06\/31.jpg 800w\" sizes=\"auto, (max-width: 400px) 100vw, 400px\" \/><\/p>\n<p>Al\u00e9m da cria\u00e7\u00e3o de 51 Salas das Margaridas da Pol\u00edcia Civil, da amplia\u00e7\u00e3o das Patrulhas Maria da Penha da Brigada Militar, de 46 munic\u00edpios em 2019 para 114 atualmente, e do trabalho do Comit\u00ea Interinstitucional de Enfrentamento \u00e0 Viol\u00eancia Contra a Mulher (EmFrente, Mulher), o Estado segue implementando iniciativas que possam contribuir na luta contra esses crimes. Em maio, o Badesul passou a operar uma linha de cr\u00e9dito para incentivar o empreendedorismo das mulheres, que em muitos casos necessitam apenas de uma oportunidade para alcan\u00e7ar a independ\u00eancia financeira e romper com o ciclo da viol\u00eancia.\u00a0<a href=\"https:\/\/estado.rs.gov.br\/badesul-lanca-linha-de-financiamento-para-estimular-empreendedorismo-feminino-no-rs\"><strong>Confira mais informa\u00e7\u00f5es nesse link<\/strong><\/a>.<\/p>\n<p><img loading=\"lazy\" decoding=\"async\" class=\"alignnone size-medium wp-image-48499\" src=\"http:\/\/sol.fm.br\/radio\/wp-content\/uploads\/2022\/06\/34-400x205.jpg\" alt=\"\" width=\"400\" height=\"205\" srcset=\"http:\/\/sol.fm.br\/radio\/wp-content\/uploads\/2022\/06\/34-400x205.jpg 400w, http:\/\/sol.fm.br\/radio\/wp-content\/uploads\/2022\/06\/34-768x393.jpg 768w, http:\/\/sol.fm.br\/radio\/wp-content\/uploads\/2022\/06\/34.jpg 800w\" sizes=\"auto, (max-width: 400px) 100vw, 400px\" \/> <img loading=\"lazy\" decoding=\"async\" class=\"alignnone size-medium wp-image-48500\" src=\"http:\/\/sol.fm.br\/radio\/wp-content\/uploads\/2022\/06\/33-2-400x211.jpg\" alt=\"\" width=\"400\" height=\"211\" srcset=\"http:\/\/sol.fm.br\/radio\/wp-content\/uploads\/2022\/06\/33-2-400x211.jpg 400w, http:\/\/sol.fm.br\/radio\/wp-content\/uploads\/2022\/06\/33-2-768x405.jpg 768w, http:\/\/sol.fm.br\/radio\/wp-content\/uploads\/2022\/06\/33-2.jpg 800w\" sizes=\"auto, (max-width: 400px) 100vw, 400px\" \/><\/p>\n<p><em>As tabelas completas est\u00e3o dispon\u00edveis na\u00a0<strong><a href=\"https:\/\/ssp.rs.gov.br\/estatisticas\">p\u00e1gina de estat\u00edsticas do site da SSP<\/a><\/strong><\/em><em>. Para aprimorar as compara\u00e7\u00f5es, os dados de 2020 e 2021 tamb\u00e9m foram atualizadas. A medida \u00e9 um esfor\u00e7o de trabalho do Observat\u00f3rio Estadual da Seguran\u00e7a P\u00fablica em ampliar a transpar\u00eancia ativa. Tamb\u00e9m nesse sentido, desde janeiro<\/em><em>, a planilha de 2022 passa a incluir coluna com o n\u00famero de v\u00edtimas de CLVIs. Al\u00e9m de homic\u00eddios dolosos, feminic\u00eddios e latroc\u00ednios, esse conjunto soma registros de homic\u00eddio decorrente de oposi\u00e7\u00e3o \u00e0 interven\u00e7\u00e3o policial, homic\u00eddio doloso de tr\u00e2nsito, les\u00e3o corporal seguida de morte, aborto, induzimento\/auxilio suic\u00eddio e infantic\u00eddio. A medida ainda vai auxiliar pesquisadores a acompanharem a evolu\u00e7\u00e3o do indicador que \u00e9 avaliado pela GESeg, dentro da metodologia implantada pelo RS Seguro.<\/em><\/p>\n<hr \/>\n<h6><strong>GOV RS | Secretaria da Seguran\u00e7a P\u00fablica |\u00a0Texto e edi\u00e7\u00e3o: Carlos Ismael Moreira\/SSP |\u00a0Foto: Gr\u00e9gori Bert\u00f3 \/ Ascom SSP\u00a0<\/strong><\/h6>\n<p><center><iframe loading=\"lazy\" class=\"jmvplayer\" src=\"https:\/\/player.jmvstream.com\/lvw\/YYGWo5wfZuZ8fEW7Qoq1ISwhLSEDhU\" width=\"640\" height=\"360\" frameborder=\"0\" allowfullscreen=\"allowfullscreen\"><\/iframe><\/center><\/p>\n<h6><\/h6>\n<\/div><\/div>","protected":false},"excerpt":{"rendered":"<p>M\u00eas fechou com estabilidade nos latroc\u00ednios e alta nos feminic\u00eddios. Roubo a transporte coletivo reduziu 17,7% O n\u00famero de v\u00edtimas de homic\u00eddios no Rio Grande do Sul reduziu 5,3% em maio, na compara\u00e7\u00e3o com o mesmo m\u00eas no ano passado. Em sequ\u00eancia da tend\u00eancia verificada nos \u00faltimos tr\u00eas anos, desde a implanta\u00e7\u00e3o do RS Seguro, [&hellip;]<\/p>\n","protected":false},"author":4,"featured_media":48470,"comment_status":"open","ping_status":"open","sticky":false,"template":"","format":"standard","meta":{"footnotes":""},"categories":[1],"tags":[],"class_list":["post-48469","post","type-post","status-publish","format-standard","has-post-thumbnail","hentry","category-sem-categoria"],"_links":{"self":[{"href":"http:\/\/sol.fm.br\/radio\/wp-json\/wp\/v2\/posts\/48469","targetHints":{"allow":["GET"]}}],"collection":[{"href":"http:\/\/sol.fm.br\/radio\/wp-json\/wp\/v2\/posts"}],"about":[{"href":"http:\/\/sol.fm.br\/radio\/wp-json\/wp\/v2\/types\/post"}],"author":[{"embeddable":true,"href":"http:\/\/sol.fm.br\/radio\/wp-json\/wp\/v2\/users\/4"}],"replies":[{"embeddable":true,"href":"http:\/\/sol.fm.br\/radio\/wp-json\/wp\/v2\/comments?post=48469"}],"version-history":[{"count":1,"href":"http:\/\/sol.fm.br\/radio\/wp-json\/wp\/v2\/posts\/48469\/revisions"}],"predecessor-version":[{"id":48501,"href":"http:\/\/sol.fm.br\/radio\/wp-json\/wp\/v2\/posts\/48469\/revisions\/48501"}],"wp:featuredmedia":[{"embeddable":true,"href":"http:\/\/sol.fm.br\/radio\/wp-json\/wp\/v2\/media\/48470"}],"wp:attachment":[{"href":"http:\/\/sol.fm.br\/radio\/wp-json\/wp\/v2\/media?parent=48469"}],"wp:term":[{"taxonomy":"category","embeddable":true,"href":"http:\/\/sol.fm.br\/radio\/wp-json\/wp\/v2\/categories?post=48469"},{"taxonomy":"post_tag","embeddable":true,"href":"http:\/\/sol.fm.br\/radio\/wp-json\/wp\/v2\/tags?post=48469"}],"curies":[{"name":"wp","href":"https:\/\/api.w.org\/{rel}","templated":true}]}}