{"id":48502,"date":"2022-06-09T15:13:26","date_gmt":"2022-06-09T18:13:26","guid":{"rendered":"http:\/\/sol.fm.br\/radio\/?p=48502"},"modified":"2022-06-09T15:13:26","modified_gmt":"2022-06-09T18:13:26","slug":"junho-vermelho-ciclo-de-palestras-amrigs-estimula-a-doacao-do-combustivel-da-vida","status":"publish","type":"post","link":"http:\/\/sol.fm.br\/radio\/junho-vermelho-ciclo-de-palestras-amrigs-estimula-a-doacao-do-combustivel-da-vida\/","title":{"rendered":"Junho Vermelho: Ciclo de Palestras AMRIGS estimula a doa\u00e7\u00e3o do combust\u00edvel da vida"},"content":{"rendered":"<div id=\"dslc-theme-content\"><div id=\"dslc-theme-content-inner\"><div>\n<div class=\"v1block-grid\">\n<div>\n<div class=\"v1col v1num12\">\n<div>\n<div>\n<div>\n<p><em>Evento contar\u00e1 com apresenta\u00e7\u00e3o do idealizador da campanha Doar \u00e9 Viver, o empres\u00e1rio Otelio Drebes<\/em><\/p>\n<p>A campanha Doar \u00e9 Viver \u00e9 baseada no fato de que muitas pessoas deixam de doar sangue por desconhecer o processo. Contra a falta de informa\u00e7\u00e3o, nada melhor do que transmitir conhecimento. Por isso, o Ciclo de Palestras da Associa\u00e7\u00e3o M\u00e9dica do Rio Grande do Sul (AMRIGS) \u00e9 dedicado ao Junho Vermelho, m\u00eas de conscientiza\u00e7\u00e3o do tema. A palestra Doa\u00e7\u00e3o de Sangue: o combust\u00edvel da vida ser\u00e1 realizada no dia 14 de junho, \u00e0s 19h, de forma h\u00edbrida no Audit\u00f3rio da AMRIGS (Av. Ipiranga, 5311 - Porto Alegre\/RS) e online via Sympla Streaming.<\/p>\n<p>Uma das palestrantes ser\u00e1 a m\u00e9dica especialista em Medicina Interna, Hematologia e Hemoterapia, Lilian Le\u00e3o Arais. A convidada possui gradua\u00e7\u00e3o em Medicina pela Universidade Federal do Rio Grande do Sul e \u00e9 residente no servi\u00e7o de Hematologia do Hospital de Cl\u00ednicas de Porto Alegre.<\/p>\n<p>O evento tamb\u00e9m contar\u00e1 com a participa\u00e7\u00e3o do empres\u00e1rio Otelio Drebes, idealizador da campanha Doar \u00e9 Viver - projeto que percorre o estado incentivando a doa\u00e7\u00e3o de sangue. A exposi\u00e7\u00e3o mostrar\u00e1 os caminhos para quem quer se tornar um doador e destacar a import\u00e2ncia do ato como um meio de salvar vidas.<\/p>\n<p>A realiza\u00e7\u00e3o desta edi\u00e7\u00e3o do Ciclo de Palestras \u00e9 da Associa\u00e7\u00e3o M\u00e9dica do Rio Grande do Sul, com o apoio do Departamento de Hematologia e Hemoterapia (DHHTC) e do empres\u00e1rio Otelio Drebes.<\/p>\n<p>A participa\u00e7\u00e3o \u00e9 gratuita e aberta para a comunidade. A inscri\u00e7\u00e3o dever\u00e1 ser feita atrav\u00e9s do link <a href=\"https:\/\/bit.ly\/3GOPrdl\">https:\/\/bit.ly\/3GOPrdl<\/a><\/p>\n<\/div>\n<\/div>\n<\/div>\n<\/div>\n<\/div>\n<\/div>\n<\/div>\n<div>\n<div class=\"v1block-grid v1mixed-two-up\">\n<div>\n<div class=\"v1col v1num9\">\n<div>\n<div>\n<div>\n<div>\n<hr \/>\n<h6><strong>PlayPress |\u00a0Reda\u00e7\u00e3o: Marcelo Matusiak e N\u00facleo de Comunica\u00e7\u00e3o AMRIGS |\u00a0Coordena\u00e7\u00e3o: Marcelo Matusiak | Foto:\u00a0Freepik\u00a0<\/strong><\/h6>\n<p><center><iframe loading=\"lazy\" class=\"jmvplayer\" src=\"https:\/\/player.jmvstream.com\/lvw\/YYGWo5wfZuZ8fEW7Qoq1ISwhLSEDhU\" width=\"640\" height=\"360\" frameborder=\"0\" allowfullscreen=\"allowfullscreen\"><\/iframe><\/center><\/p>\n<h6><\/h6>\n<\/div>\n<\/div>\n<\/div>\n<\/div>\n<\/div>\n<\/div>\n<\/div>\n<\/div>\n<\/div><\/div>","protected":false},"excerpt":{"rendered":"<p>Evento contar\u00e1 com apresenta\u00e7\u00e3o do idealizador da campanha Doar \u00e9 Viver, o empres\u00e1rio Otelio Drebes A campanha Doar \u00e9 Viver \u00e9 baseada no fato de que muitas pessoas deixam de doar sangue por desconhecer o processo. Contra a falta de informa\u00e7\u00e3o, nada melhor do que transmitir conhecimento. Por isso, o Ciclo de Palestras da Associa\u00e7\u00e3o [&hellip;]<\/p>\n","protected":false},"author":4,"featured_media":48503,"comment_status":"open","ping_status":"open","sticky":false,"template":"","format":"standard","meta":{"footnotes":""},"categories":[1],"tags":[],"class_list":["post-48502","post","type-post","status-publish","format-standard","has-post-thumbnail","hentry","category-sem-categoria"],"_links":{"self":[{"href":"http:\/\/sol.fm.br\/radio\/wp-json\/wp\/v2\/posts\/48502","targetHints":{"allow":["GET"]}}],"collection":[{"href":"http:\/\/sol.fm.br\/radio\/wp-json\/wp\/v2\/posts"}],"about":[{"href":"http:\/\/sol.fm.br\/radio\/wp-json\/wp\/v2\/types\/post"}],"author":[{"embeddable":true,"href":"http:\/\/sol.fm.br\/radio\/wp-json\/wp\/v2\/users\/4"}],"replies":[{"embeddable":true,"href":"http:\/\/sol.fm.br\/radio\/wp-json\/wp\/v2\/comments?post=48502"}],"version-history":[{"count":1,"href":"http:\/\/sol.fm.br\/radio\/wp-json\/wp\/v2\/posts\/48502\/revisions"}],"predecessor-version":[{"id":48504,"href":"http:\/\/sol.fm.br\/radio\/wp-json\/wp\/v2\/posts\/48502\/revisions\/48504"}],"wp:featuredmedia":[{"embeddable":true,"href":"http:\/\/sol.fm.br\/radio\/wp-json\/wp\/v2\/media\/48503"}],"wp:attachment":[{"href":"http:\/\/sol.fm.br\/radio\/wp-json\/wp\/v2\/media?parent=48502"}],"wp:term":[{"taxonomy":"category","embeddable":true,"href":"http:\/\/sol.fm.br\/radio\/wp-json\/wp\/v2\/categories?post=48502"},{"taxonomy":"post_tag","embeddable":true,"href":"http:\/\/sol.fm.br\/radio\/wp-json\/wp\/v2\/tags?post=48502"}],"curies":[{"name":"wp","href":"https:\/\/api.w.org\/{rel}","templated":true}]}}