{"id":48505,"date":"2022-06-09T15:17:09","date_gmt":"2022-06-09T18:17:09","guid":{"rendered":"http:\/\/sol.fm.br\/radio\/?p=48505"},"modified":"2022-06-09T15:17:09","modified_gmt":"2022-06-09T18:17:09","slug":"fiergs-realiza-encontro-de-negocios-virtual-para-empresas-lideradas-por-mulheres","status":"publish","type":"post","link":"http:\/\/sol.fm.br\/radio\/fiergs-realiza-encontro-de-negocios-virtual-para-empresas-lideradas-por-mulheres\/","title":{"rendered":"FIERGS realiza encontro de neg\u00f3cios virtual para empresas lideradas por mulheres"},"content":{"rendered":"<div id=\"dslc-theme-content\"><div id=\"dslc-theme-content-inner\"><p><i>Inscri\u00e7\u00f5es para o evento multissetorial v\u00e3o at\u00e9 o dia 14 de junho<\/i><\/p>\n<p>Com o objetivo de ampliar a internacionaliza\u00e7\u00e3o de empresas brasileiras lideradas ou geridas por mulheres, ser\u00e1 realizado um encontro virtual de neg\u00f3cios multissetorial com o tema Mulheres na Exporta\u00e7\u00e3o \u2013 Networking, Visibilidade e Conex\u00f5es com o Mercado Internacional, entre 11 e 15 de julho. A promo\u00e7\u00e3o \u00e9 da Federa\u00e7\u00e3o das Ind\u00fastrias do Estado do Rio Grande do Sul (FIERGS), por meio do Centro Internacional de Neg\u00f3cios (CIN-RS).<\/p>\n<p>Mas o projeto j\u00e1 come\u00e7a em 21 de junho, com uma capacita\u00e7\u00e3o on-line de duas horas sobre Como se preparar para uma Rodada de Negocia\u00e7\u00e3o Internacional e uma consultoria individual online de quatro horas com foco nas necessidades espec\u00edficas da empresa. Isso servir\u00e1 como prepara\u00e7\u00e3o para o encontro virtual de julho, que incluir\u00e1 potenciais compradores dos Estados Unidos via plataforma de matchmaking.<\/p>\n<p>As inscri\u00e7\u00f5es est\u00e3o abertas at\u00e9 14 de junho pelo link <a href=\"https:\/\/encontrovirtualdeneg.eventize.com.br\">https:\/\/encontrovirtualdeneg.eventize.com.br<\/a>. Informa\u00e7\u00f5es no CIN-RS: (51) 3347-8866, 3347-8675 ou <a href=\"mailto:cinbusiness@fiergs.org.br\">cinbusiness@fiergs.org.br<\/a>. O projeto da FIERGS tem apoio da Confedera\u00e7\u00e3o Nacional da Ind\u00fastria (CNI) e da Ag\u00eancia Brasileira de Promo\u00e7\u00e3o de Exporta\u00e7\u00f5es e Investimentos (ApexBrasil).<\/p>\n<hr \/>\n<h6><strong>Imprensa FIERGS |\u00a0Unidade de Comunica\u00e7\u00e3o do Sistema FIERGS\u00a0<\/strong><\/h6>\n<p><center><iframe loading=\"lazy\" class=\"jmvplayer\" src=\"https:\/\/player.jmvstream.com\/lvw\/YYGWo5wfZuZ8fEW7Qoq1ISwhLSEDhU\" width=\"640\" height=\"360\" frameborder=\"0\" allowfullscreen=\"allowfullscreen\"><\/iframe><\/center><\/p>\n<h6><\/h6>\n<\/div><\/div>","protected":false},"excerpt":{"rendered":"<p>Inscri\u00e7\u00f5es para o evento multissetorial v\u00e3o at\u00e9 o dia 14 de junho Com o objetivo de ampliar a internacionaliza\u00e7\u00e3o de empresas brasileiras lideradas ou geridas por mulheres, ser\u00e1 realizado um encontro virtual de neg\u00f3cios multissetorial com o tema Mulheres na Exporta\u00e7\u00e3o \u2013 Networking, Visibilidade e Conex\u00f5es com o Mercado Internacional, entre 11 e 15 de [&hellip;]<\/p>\n","protected":false},"author":4,"featured_media":48506,"comment_status":"open","ping_status":"open","sticky":false,"template":"","format":"standard","meta":{"footnotes":""},"categories":[1],"tags":[],"class_list":["post-48505","post","type-post","status-publish","format-standard","has-post-thumbnail","hentry","category-sem-categoria"],"_links":{"self":[{"href":"http:\/\/sol.fm.br\/radio\/wp-json\/wp\/v2\/posts\/48505","targetHints":{"allow":["GET"]}}],"collection":[{"href":"http:\/\/sol.fm.br\/radio\/wp-json\/wp\/v2\/posts"}],"about":[{"href":"http:\/\/sol.fm.br\/radio\/wp-json\/wp\/v2\/types\/post"}],"author":[{"embeddable":true,"href":"http:\/\/sol.fm.br\/radio\/wp-json\/wp\/v2\/users\/4"}],"replies":[{"embeddable":true,"href":"http:\/\/sol.fm.br\/radio\/wp-json\/wp\/v2\/comments?post=48505"}],"version-history":[{"count":1,"href":"http:\/\/sol.fm.br\/radio\/wp-json\/wp\/v2\/posts\/48505\/revisions"}],"predecessor-version":[{"id":48507,"href":"http:\/\/sol.fm.br\/radio\/wp-json\/wp\/v2\/posts\/48505\/revisions\/48507"}],"wp:featuredmedia":[{"embeddable":true,"href":"http:\/\/sol.fm.br\/radio\/wp-json\/wp\/v2\/media\/48506"}],"wp:attachment":[{"href":"http:\/\/sol.fm.br\/radio\/wp-json\/wp\/v2\/media?parent=48505"}],"wp:term":[{"taxonomy":"category","embeddable":true,"href":"http:\/\/sol.fm.br\/radio\/wp-json\/wp\/v2\/categories?post=48505"},{"taxonomy":"post_tag","embeddable":true,"href":"http:\/\/sol.fm.br\/radio\/wp-json\/wp\/v2\/tags?post=48505"}],"curies":[{"name":"wp","href":"https:\/\/api.w.org\/{rel}","templated":true}]}}