{"id":48512,"date":"2022-06-10T09:23:45","date_gmt":"2022-06-10T12:23:45","guid":{"rendered":"http:\/\/sol.fm.br\/radio\/?p=48512"},"modified":"2022-06-10T09:23:45","modified_gmt":"2022-06-10T12:23:45","slug":"cases-de-sucesso-mostram-a-forca-do-segmento-de-construcao-a-seco-no-brasil-e-no-mundo","status":"publish","type":"post","link":"http:\/\/sol.fm.br\/radio\/cases-de-sucesso-mostram-a-forca-do-segmento-de-construcao-a-seco-no-brasil-e-no-mundo\/","title":{"rendered":"Cases de sucesso mostram a for\u00e7a do segmento de constru\u00e7\u00e3o a seco no Brasil e no mundo"},"content":{"rendered":"<div id=\"dslc-theme-content\"><div id=\"dslc-theme-content-inner\"><p><em>Grandes empresas do setor apresentaram inova\u00e7\u00f5es e conceitos no primeiro dia de realiza\u00e7\u00e3o do 5o Congresso Latam Steel Frame &amp; Sistemas Industrializados, em S\u00e3o Paulo<\/em><\/p>\n<p>Um imenso potencial de crescimento e perspectivas de expans\u00e3o marcam o segmento de constru\u00e7\u00e3o a seco que vive ao longo desta quinta-feira (09\/06) e sexta-feira (10\/06). O evento re\u00fane as empresas e profissionais renomados no Centro de Conven\u00e7\u00f5es Senac.<\/p>\n<p>Na solenidade de abertura, realizada no in\u00edcio da tarde, a coordenadora do Congresso Latam Steel Frame &amp; Sistemas Industrializados, Luana Carregari, ressaltou com emo\u00e7\u00e3o a retomada do evento que esteve parado por dois anos, em virtude das restri\u00e7\u00f5es impostas pela pandemia.<\/p>\n<p><em>\u201cA necessidade e urg\u00eancia da pandemia nos obrigou a uma acelera\u00e7\u00e3o evidenciando todas as qualidades do off site. Vimos surgir hospitais em tempo recorde. Conceitos e preconceitos foram revistos\u201d<\/em>, declarou.<\/p>\n<p>O representante do Governo Federal brasileiro, secret\u00e1rio Nacional de Habita\u00e7\u00e3o, Alfredo Eduardo dos Santos, destacou a import\u00e2ncia do olhar atento a sustentabilidade.<\/p>\n<p><em>\u201cSabemos que por muito tempo seremos dependentes de produtos naturais. Ent\u00e3o nosso desenvolvimento vai depender da extra\u00e7\u00e3o de produtos da natureza e isso tem consequ\u00eancias. Ent\u00e3o quanto mais eficiente e organizados, melhor a contribui\u00e7\u00e3o para redu\u00e7\u00e3o desse impacto para o planeta\u201d<\/em>, afirmou.<\/p>\n<p>Tamb\u00e9m participaram da mesa de abertura Francisco Pedrazzi, representante do Instituto de Constru\u00e7\u00e3o a Seco da Argentina (Incose) e Uruguai (Iucose); a Ministra de Vivienda y Ordenamiento Territorial do Uruguay, Irene M. Fernandez; o presidente da Associa\u00e7\u00e3o Brasileira dos Escrit\u00f3rios de Arquitetura (ASBEA), Danilo Batista, e o presidente-executivo da Associa\u00e7\u00e3o Brasileira Do Drywall, Luiz Antonio Martins<\/p>\n<p><strong>Cases de sucesso<\/strong><\/p>\n<p>A segunda parte do encontro mostrou cases de sucesso na \u00e1rea de constru\u00e7\u00e3o de moradias populares e outros tipos de edifica\u00e7\u00f5es. O fundador e diretor da Tec Verde \u2013 Brasil, Jos\u00e9 Marcio Fernandes, mostrou um case de constru\u00e7\u00e3o off-site para habita\u00e7\u00f5es de interesse social enaltecendo uma das grandes vantagens do modelo construtivo.<\/p>\n<p><em>\u201cCom treze anos de atua\u00e7\u00e3o no mercado, conseguiu \u00edndices relevantes como, por exemplo, redu\u00e7\u00e3o de 75% no prazo de obra\u201d<\/em>, disse.<\/p>\n<p>O s\u00f3cio-Diretor da Brasil ao Cubo, Eng. Jonathan Degani, detalhou diferentes tipos de edifica\u00e7\u00f5es como hospital, universidade, ind\u00fastria e edif\u00edcios residenciais e comerciais.<\/p>\n<p><em>\u201cNo come\u00e7o de 2020, o mundo entrou em crise com a pandemia. Havia incerteza e uma \u00fanica garantia: era preciso mais leitos para pacientes. Naquele momento, v\u00e1rias empresas doaram recursos para constru\u00e7\u00e3o desses espa\u00e7os. Gra\u00e7as a nossa tecnologia conseguimos fazer com que esse dinheiro n\u00e3o fosse apenas para algo tempor\u00e1rio que seria um hospital de campanha, mas sim em estruturas modernas que ficam como legado para as institui\u00e7\u00f5es\u201d,<\/em> disse.<\/p>\n<p>Completando o bloco, os participantes conheceram o funcionamento da Quick House Brasil, que usa um sistema Modular com pain\u00e9is autoportantes.<\/p>\n<p>A experi\u00eancia mundial em edifica\u00e7\u00f5es premiadas e consagradas da Triptyque Architecture foi outra atra\u00e7\u00e3o. O representante do escrit\u00f3rio, Gustavo Panza, apresentou detalhes das constru\u00e7\u00f5es e a metodologia aplicada nos projetos assinados pelo escrit\u00f3rio franco-brasileiro que v\u00eam influenciando o mundo e apresentando um novo olhar sobre a arquitetura. Em suas cria\u00e7\u00f5es, h\u00e1 uma mescla de urbanismo e o meio ambiente, elementos considerado fundamentais em todo o processo de cria\u00e7\u00e3o.<\/p>\n<p>Ao final do dia, especialistas discorreram sobre os desafios da arquitetura e urbanismo em um cen\u00e1rio de constante transforma\u00e7\u00e3o. A primeira apresenta\u00e7\u00e3o foi da Associa\u00e7\u00e3o Escola da Cidade \u2013 Arquitetura e Urbanismo (AEC), uma entidade sem fins lucrativos que congrega profissionais de diversas \u00e1reas. O diretor Ciro Perondi, falou de arquitetura, cidade e natureza.<\/p>\n<p><em>\u201cA arquitetura s\u00f3 ter\u00e1 futuro se ela se transformar em um direito humano, n\u00e3o s\u00f3 est\u00e9tico. Ela nunca vai deixar de ser est\u00e9tica, mas \u00e9 preciso ter o lado humano se n\u00e3o continuaremos promovendo destrui\u00e7\u00e3o\u201d,<\/em> alertou.<\/p>\n<p>Na sequ\u00eancia, o presidente do N\u00facleo de Refer\u00eancia em Tecnologia da Madeira \u2013 Brasil, Marcelo Aflalo, discorreu sobre \u201cProjeto como pesquisa, industrializa\u00e7\u00e3o como processo\u201d. Ap\u00f3s, Miriam Addor, diretora da Addor Associados e vice Presidente da Associa\u00e7\u00e3o Brasileira dos Escrit\u00f3rios de Arquitetura (ASBEA), falou sobre a coordena\u00e7\u00e3o e implementa\u00e7\u00e3o de projetos para sistemas industrializados. Ao final o tema sempre atual da sustentabilidade foi apresentado por Fanny Clair, Ceo do Escrit\u00f3rio Domingos de Arquitetura e Casular. A palestrante \u00e9 formada em arquitetura na faculdade ENSA Paris la Villette, mestre em arquitetura e urbanismo, possu\u00ed MBA em gest\u00e3o de neg\u00f3cios na Ibmec. No Brasil, trabalhou com os uns dos melhores escrit\u00f3rios de arquitetura residencial, como MPG arquitetos e associados, Landscape Jardins e Jairo de Senders.<\/p>\n<p>O 5\u00ba Congresso Latam Steel Frame &amp; Sistemas Construtivos acontece nos dias 09 e 10 de junho de 2022, no Centro de Conven\u00e7\u00f5es Senac. Mais informa\u00e7\u00f5es: <a href=\"https:\/\/congressosteelframe.com.br\/\">https:\/\/congressosteelframe.com.br\/<\/a><\/p>\n<p><img loading=\"lazy\" decoding=\"async\" class=\"alignnone size-medium wp-image-48514 aligncenter\" src=\"http:\/\/sol.fm.br\/radio\/wp-content\/uploads\/2022\/06\/21-3-400x267.jpg\" alt=\"\" width=\"400\" height=\"267\" srcset=\"http:\/\/sol.fm.br\/radio\/wp-content\/uploads\/2022\/06\/21-3-400x267.jpg 400w, http:\/\/sol.fm.br\/radio\/wp-content\/uploads\/2022\/06\/21-3-768x512.jpg 768w, http:\/\/sol.fm.br\/radio\/wp-content\/uploads\/2022\/06\/21-3-600x400.jpg 600w\" sizes=\"auto, (max-width: 400px) 100vw, 400px\" \/><\/p>\n<p><strong>Mais atra\u00e7\u00f5es<\/strong><\/p>\n<p>A programa\u00e7\u00e3o do 5o Congresso Latam Steel Frame &amp; Sistemas Industrializados continua nesta sexta-feira (10\/06) com atra\u00e7\u00f5es a partir das 9h.<\/p>\n<p>O primeiro painel tratar\u00e1 das tend\u00eancias do setor com apresenta\u00e7\u00e3o do case do mario centro comercial popular da Am\u00e9rica Latina, sistemas leves de fachada pr\u00e9-fabricadas no Brasil, fachadas externas e o mercado residencial global e qualidade e otimiza\u00e7\u00e3o nos processos de produ\u00e7\u00e3o de constru\u00e7\u00f5es industrializadas<\/p>\n<p>Tamb\u00e9m estar\u00e3o em pauta o Sistema Integrado Sketchframer, a experi\u00eancia do usu\u00e1rio como estrat\u00e9gia de inova\u00e7\u00e3o em projetos e a integra\u00e7\u00e3o da ind\u00fastria, varejo, lojas f\u00edsicas e digital. Ainda durante a manh\u00e3 as palestras mostram o uso de fachadas leves em empreendimentos verticais, as smart cities e a inclus\u00e3o social e a expans\u00e3o do mercado de green buildings.<\/p>\n<p>Durante a tarde os paineis contam com tem\u00e1ticas de reurbaniza\u00e7\u00e3o aplicada com sucesso em Buenos Aires e cases no Brasil do Construa Brasil. A experi\u00eancia no Uruguai ser\u00e1 apresentada pela Ministra de Vivienda y Ordenamiento Territorial do Uruguay, Irene M. Fernandez e a presidente da Ag\u00eancia Nacional de Habita\u00e7\u00e3o do Uruguai Klaus Mill.<\/p>\n<p>Por fim, os palestrantes discorrem sobre mindset da constru\u00e7\u00e3o industrializada, solu\u00e7\u00f5es para a difus\u00e3o do sistema off-site no mercado brasileiro, convers\u00e3o do mercado tradicional, constru\u00e7\u00e3o modular e solu\u00e7\u00f5es de cr\u00e9dito para obras de steel frame.<\/p>\n<p>O 5o Congresso Latam Steel Frame &amp; Sistemas Industrializados contou com uma a\u00e7\u00e3o conjunta com a Organiza\u00e7\u00e3o Teto Brasil, um grupo que atua para pensar solu\u00e7\u00f5es para as demandas do mercado e est\u00e1 presente em 18 pa\u00edses.<\/p>\n<hr \/>\n<h6><strong>PlayPress |\u00a0Reda\u00e7\u00e3o e coordena\u00e7\u00e3o: Marcelo Matusiak | Fotos:\u00a0Trindade Cine\u00a0<\/strong><\/h6>\n<p><center><iframe loading=\"lazy\" class=\"jmvplayer\" src=\"https:\/\/player.jmvstream.com\/lvw\/YYGWo5wfZuZ8fEW7Qoq1ISwhLSEDhU\" width=\"640\" height=\"360\" frameborder=\"0\" allowfullscreen=\"allowfullscreen\"><\/iframe><\/center><\/p>\n<h6><\/h6>\n<\/div><\/div>","protected":false},"excerpt":{"rendered":"<p>Grandes empresas do setor apresentaram inova\u00e7\u00f5es e conceitos no primeiro dia de realiza\u00e7\u00e3o do 5o Congresso Latam Steel Frame &amp; Sistemas Industrializados, em S\u00e3o Paulo Um imenso potencial de crescimento e perspectivas de expans\u00e3o marcam o segmento de constru\u00e7\u00e3o a seco que vive ao longo desta quinta-feira (09\/06) e sexta-feira (10\/06). O evento re\u00fane as [&hellip;]<\/p>\n","protected":false},"author":4,"featured_media":48513,"comment_status":"open","ping_status":"open","sticky":false,"template":"","format":"standard","meta":{"footnotes":""},"categories":[1],"tags":[],"class_list":["post-48512","post","type-post","status-publish","format-standard","has-post-thumbnail","hentry","category-sem-categoria"],"_links":{"self":[{"href":"http:\/\/sol.fm.br\/radio\/wp-json\/wp\/v2\/posts\/48512","targetHints":{"allow":["GET"]}}],"collection":[{"href":"http:\/\/sol.fm.br\/radio\/wp-json\/wp\/v2\/posts"}],"about":[{"href":"http:\/\/sol.fm.br\/radio\/wp-json\/wp\/v2\/types\/post"}],"author":[{"embeddable":true,"href":"http:\/\/sol.fm.br\/radio\/wp-json\/wp\/v2\/users\/4"}],"replies":[{"embeddable":true,"href":"http:\/\/sol.fm.br\/radio\/wp-json\/wp\/v2\/comments?post=48512"}],"version-history":[{"count":1,"href":"http:\/\/sol.fm.br\/radio\/wp-json\/wp\/v2\/posts\/48512\/revisions"}],"predecessor-version":[{"id":48515,"href":"http:\/\/sol.fm.br\/radio\/wp-json\/wp\/v2\/posts\/48512\/revisions\/48515"}],"wp:featuredmedia":[{"embeddable":true,"href":"http:\/\/sol.fm.br\/radio\/wp-json\/wp\/v2\/media\/48513"}],"wp:attachment":[{"href":"http:\/\/sol.fm.br\/radio\/wp-json\/wp\/v2\/media?parent=48512"}],"wp:term":[{"taxonomy":"category","embeddable":true,"href":"http:\/\/sol.fm.br\/radio\/wp-json\/wp\/v2\/categories?post=48512"},{"taxonomy":"post_tag","embeddable":true,"href":"http:\/\/sol.fm.br\/radio\/wp-json\/wp\/v2\/tags?post=48512"}],"curies":[{"name":"wp","href":"https:\/\/api.w.org\/{rel}","templated":true}]}}