{"id":48530,"date":"2022-06-10T10:56:37","date_gmt":"2022-06-10T13:56:37","guid":{"rendered":"http:\/\/sol.fm.br\/radio\/?p=48530"},"modified":"2022-06-10T10:56:37","modified_gmt":"2022-06-10T13:56:37","slug":"rs-participa-do-south-summit-espanha-para-divulgar-ecossistema-de-inovacao-do-estado","status":"publish","type":"post","link":"http:\/\/sol.fm.br\/radio\/rs-participa-do-south-summit-espanha-para-divulgar-ecossistema-de-inovacao-do-estado\/","title":{"rendered":"RS participa do South Summit Espanha para divulgar ecossistema de inova\u00e7\u00e3o do Estado"},"content":{"rendered":"<div id=\"dslc-theme-content\"><div id=\"dslc-theme-content-inner\"><p>Com o objetivo de apresentar o ecossistema de inova\u00e7\u00e3o ga\u00facho e conferir as novidades do segmento, um grupo de secret\u00e1rios de Estado e t\u00e9cnicos do governo participam do South Summit Espanha, iniciado na quarta-feira (8\/6), em Madri. Os titulares de Planejamento, Governan\u00e7a e Gest\u00e3o, Claudio Gastal, e de Inova\u00e7\u00e3o, Ci\u00eancia e Tecnologia, Alsones Balestrin, acompanhados de diretores, chefe de gabinete e outros representantes da Subsecretaria da Administra\u00e7\u00e3o Central de Licita\u00e7\u00f5es (Celic), Escrit\u00f3rio de Desenvolvimento de Projetos (EDP) e Procergs representam o Estado no evento que se encerra nesta sexta (10\/6).<\/p>\n<p><em>\u201cEstamos vendo aqui uma nova onda de startups concentradas em \u2018deep tech innovation\u2019, ou seja, startups com modelos de neg\u00f3cios voltados a explorar solu\u00e7\u00f5es de elevada intensidade cient\u00edfica e tecnol\u00f3gica. Al\u00e9m disso, estamos mostrando a pujan\u00e7a do ecossistema de inova\u00e7\u00e3o do Estado do Rio Grande do Sul\u201d<\/em>, afirmou o secret\u00e1rio Balestrin.<\/p>\n<p>O governo do RS tamb\u00e9m instalou um estande em conjunto com a prefeitura de Porto Alegre e o South Summit Brasil para apresentar o Estado como ponto de contato com investidores e startups da Am\u00e9rica Latina. O espa\u00e7o valoriza os n\u00fameros positivos da primeira edi\u00e7\u00e3o do evento na capital ga\u00facha, convidando para a edi\u00e7\u00e3o de 2023.<\/p>\n<p>Em painel realizado em Madri nesta quinta-feira (9\/6), intitulado \"<em>South Summit toma conta do Brasil: a hist\u00f3ria dos bastidores<\/em>\", ao lado do presidente da 4All, Jos\u00e9 Renato Hopf, do vice-prefeito de Porto Alegre, Ricardo Gomes, e da fundadora da South Summit, Maria Benjumea, o secret\u00e1rio Gastal abordou o caminho percorrido at\u00e9 a realiza\u00e7\u00e3o da feira e os resultados alcan\u00e7ados no Brasil.<em> \"Nosso objetivo aqui \u00e9 tra\u00e7ar os pr\u00f3ximos passos para que o South Summit Brasil 2023 seja t\u00e3o emblem\u00e1tico e se torne um ativo da sociedade ga\u00facha\"<\/em>, disse Gastal.<\/p>\n<p>O South Summit Brasil, realizado em Porto Alegre, em maio, reuniu mais de 20 mil participantes \u00fanicos de mais de 50 pa\u00edses nos tr\u00eas dias de evento, superando a marca de 500 speakers.<\/p>\n<hr \/>\n<h6><strong>GOV RS |\u00a0Texto: C\u00e2ndida Schaedler \/ Ascom Sict |\u00a0Edi\u00e7\u00e3o: Secom |\u00a0Foto: Arquivo - Gustavo Mansur \/ Pal\u00e1cio Piratini\u00a0<\/strong><\/h6>\n<p><center><iframe loading=\"lazy\" class=\"jmvplayer\" src=\"https:\/\/player.jmvstream.com\/lvw\/YYGWo5wfZuZ8fEW7Qoq1ISwhLSEDhU\" width=\"640\" height=\"360\" frameborder=\"0\" allowfullscreen=\"allowfullscreen\"><\/iframe><\/center><\/p>\n<h6><\/h6>\n<\/div><\/div>","protected":false},"excerpt":{"rendered":"<p>Com o objetivo de apresentar o ecossistema de inova\u00e7\u00e3o ga\u00facho e conferir as novidades do segmento, um grupo de secret\u00e1rios de Estado e t\u00e9cnicos do governo participam do South Summit Espanha, iniciado na quarta-feira (8\/6), em Madri. Os titulares de Planejamento, Governan\u00e7a e Gest\u00e3o, Claudio Gastal, e de Inova\u00e7\u00e3o, Ci\u00eancia e Tecnologia, Alsones Balestrin, acompanhados [&hellip;]<\/p>\n","protected":false},"author":4,"featured_media":48531,"comment_status":"open","ping_status":"open","sticky":false,"template":"","format":"standard","meta":{"footnotes":""},"categories":[1],"tags":[],"class_list":["post-48530","post","type-post","status-publish","format-standard","has-post-thumbnail","hentry","category-sem-categoria"],"_links":{"self":[{"href":"http:\/\/sol.fm.br\/radio\/wp-json\/wp\/v2\/posts\/48530","targetHints":{"allow":["GET"]}}],"collection":[{"href":"http:\/\/sol.fm.br\/radio\/wp-json\/wp\/v2\/posts"}],"about":[{"href":"http:\/\/sol.fm.br\/radio\/wp-json\/wp\/v2\/types\/post"}],"author":[{"embeddable":true,"href":"http:\/\/sol.fm.br\/radio\/wp-json\/wp\/v2\/users\/4"}],"replies":[{"embeddable":true,"href":"http:\/\/sol.fm.br\/radio\/wp-json\/wp\/v2\/comments?post=48530"}],"version-history":[{"count":1,"href":"http:\/\/sol.fm.br\/radio\/wp-json\/wp\/v2\/posts\/48530\/revisions"}],"predecessor-version":[{"id":48532,"href":"http:\/\/sol.fm.br\/radio\/wp-json\/wp\/v2\/posts\/48530\/revisions\/48532"}],"wp:featuredmedia":[{"embeddable":true,"href":"http:\/\/sol.fm.br\/radio\/wp-json\/wp\/v2\/media\/48531"}],"wp:attachment":[{"href":"http:\/\/sol.fm.br\/radio\/wp-json\/wp\/v2\/media?parent=48530"}],"wp:term":[{"taxonomy":"category","embeddable":true,"href":"http:\/\/sol.fm.br\/radio\/wp-json\/wp\/v2\/categories?post=48530"},{"taxonomy":"post_tag","embeddable":true,"href":"http:\/\/sol.fm.br\/radio\/wp-json\/wp\/v2\/tags?post=48530"}],"curies":[{"name":"wp","href":"https:\/\/api.w.org\/{rel}","templated":true}]}}