{"id":48533,"date":"2022-06-10T11:05:46","date_gmt":"2022-06-10T14:05:46","guid":{"rendered":"http:\/\/sol.fm.br\/radio\/?p=48533"},"modified":"2022-06-10T11:05:46","modified_gmt":"2022-06-10T14:05:46","slug":"talentos-lgbtqiap-do-vale-do-taquari-estarao-no-palco-do-teatro-univates-no-proximo-dia-15-atividade-e-gratuita-e-aberta-a-participacao-de-todos-os-interessados-em-prestigiar-o-os-artistas","status":"publish","type":"post","link":"http:\/\/sol.fm.br\/radio\/talentos-lgbtqiap-do-vale-do-taquari-estarao-no-palco-do-teatro-univates-no-proximo-dia-15-atividade-e-gratuita-e-aberta-a-participacao-de-todos-os-interessados-em-prestigiar-o-os-artistas\/","title":{"rendered":"Talentos LGBTQIAP+ do Vale do Taquari estar\u00e3o no palco do Teatro Univates no pr\u00f3ximo dia 15 Atividade \u00e9 gratuita e aberta \u00e0 participa\u00e7\u00e3o de todos os interessados em prestigiar o os artistas"},"content":{"rendered":"<div id=\"dslc-theme-content\"><div id=\"dslc-theme-content-inner\"><p><em>Atividade \u00e9 gratuita e aberta \u00e0 participa\u00e7\u00e3o de todos os interessados em prestigiar o os artistas<\/em><\/p>\n<p>A<a href=\"http:\/\/www.univates.br\/\" target=\"_blank\" rel=\"noopener noreferrer\" data-auth=\"NotApplicable\" data-linkindex=\"0\">\u00a0Universidade do Vale do Taquari - Univates<\/a>, no pr\u00f3ximo dia 15, a partir das 20h, celebra a cultura e os talentos LGBTQIAP+ locais em\u00a0<a href=\"https:\/\/www.univates.br\/teatro\/espetaculo\/396\" target=\"_blank\" rel=\"noopener noreferrer\" data-auth=\"NotApplicable\" data-linkindex=\"1\">evento<\/a>\u00a0gratuito realizado no Teatro Univates. Na ocasi\u00e3o, diversos artistas que representam o movimento no Vale do Taquari estar\u00e3o no Centro Cultural realizando performances art\u00edsticas. N\u00e3o \u00e9 necess\u00e1rio se inscrever para prestigiar o evento gratuito.<\/p>\n<p>O objetivo \u00e9 proporcionar um espa\u00e7o que demonstre a arte e a cultura da comunidade LGBTQIAP+ do Vale do Taquari, de forma a valorizar esse movimento na Universidade. A a\u00e7\u00e3o inicia a celebra\u00e7\u00e3o do M\u00eas do Orgulho LGBTQIAP+ na Univates, que, nas semanas seguintes, contar\u00e1 com outras iniciativas voltadas para o p\u00fablico acad\u00eamico e a comunidade em geral.<\/p>\n<p>O evento do dia 15 de junho iniciar\u00e1 com apresenta\u00e7\u00f5es de m\u00fasica e com exposi\u00e7\u00f5es do trabalho de escritores, al\u00e9m de suas obras liter\u00e1rias. As\u00a0<i>drag queens<\/i>\u00a0Adell e Lohany recepcionar\u00e3o os espectadores na entrada do Teatro Univates e os conduzir\u00e3o para prestigiar produ\u00e7\u00f5es em m\u00faltiplas frentes no palco do teatro, com m\u00fasica, pintura e artes visuais.<\/p>\n<p>A escritora Edilaine Cagliari \u00e9 uma das convidadas a participar do evento. <em>\u201cEstou animad\u00edssima, principalmente pela oportunidade de conhecer outros artistas e seus trabalhos, e tamb\u00e9m pelo fato de poder levar minhas obras a um local t\u00e3o lindo quanto o Teatro Univates\u201d<\/em>, destaca.<\/p>\n<p>Na opini\u00e3o da escritora, um evento como o que a Universidade est\u00e1 realizando \u00e9 importante para toda a comunidade, uma vez que s\u00e3o espa\u00e7os e a\u00e7\u00f5es como esses que mostram que a diversidade \u00e9 uma das grandes belezas da vida. <em>\u201cEspero que isso se repita e se torne cada dia maior, que os LGBTQIAP+ se sintam representados e consigam viver de forma leg\u00edtima, sem viol\u00eancia, medos e culpas das opress\u00f5es<\/em>\u201d, declara Edilaine.<\/p>\n<p><b>Confira os artistas que estar\u00e3o se apresentando e os respectivos perfis no\u00a0<i>Instagram<\/i>\u00a0:<\/b><\/p>\n<p><strong>Apresentadores<\/strong><\/p>\n<p>Kell B -\u00a0<a href=\"https:\/\/www.instagram.com\/iamkell_b\/\" target=\"_blank\" rel=\"noopener noreferrer\" data-auth=\"NotApplicable\" data-linkindex=\"2\">@iamkell_b\u00a0<\/a><\/p>\n<p>Natus Vivian -\u00a0<a href=\"https:\/\/www.instagram.com\/natusvivian\/\" target=\"_blank\" rel=\"noopener noreferrer\" data-auth=\"NotApplicable\" data-linkindex=\"3\">@natusvivian\u00a0<\/a><\/p>\n<p><strong>M\u00fasica<\/strong><\/p>\n<p>Carol Cezar -\u00a0<a href=\"https:\/\/www.instagram.com\/cezaranacaroline\/\" target=\"_blank\" rel=\"noopener noreferrer\" data-auth=\"NotApplicable\" data-linkindex=\"4\">@cezaranacaroline<\/a><\/p>\n<p>Natasha Bouvier -\u00a0<a href=\"https:\/\/www.instagram.com\/natashabouvier\/\" target=\"_blank\" rel=\"noopener noreferrer\" data-auth=\"NotApplicable\" data-linkindex=\"5\">@natashabouvier<\/a><\/p>\n<p>Bruna Moraes -\u00a0<a href=\"https:\/\/www.instagram.com\/brunaxm\/\" target=\"_blank\" rel=\"noopener noreferrer\" data-auth=\"NotApplicable\" data-linkindex=\"6\">@brunaxm<\/a><\/p>\n<p>Diego Sotoriva -\u00a0<a href=\"https:\/\/www.instagram.com\/diego_sotoriva\/\" target=\"_blank\" rel=\"noopener noreferrer\" data-auth=\"NotApplicable\" data-linkindex=\"7\">@diego_sotoriva<\/a><\/p>\n<p><strong>Literatura<\/strong><\/p>\n<p>Edilaine Cagliari -\u00a0<a href=\"https:\/\/www.instagram.com\/manamundi\/\" target=\"_blank\" rel=\"noopener noreferrer\" data-auth=\"NotApplicable\" data-linkindex=\"8\">@manamundi\u00a0<\/a><\/p>\n<p>Karina Braun -\u00a0<a href=\"https:\/\/www.instagram.com\/karinameyerbraun\/\" target=\"_blank\" rel=\"noopener noreferrer\" data-auth=\"NotApplicable\" data-linkindex=\"9\">@karinameyerbraun<\/a><\/p>\n<p><strong>Performances<\/strong><\/p>\n<p>Adell -\u00a0<a href=\"https:\/\/www.instagram.com\/adell_fame\/\" target=\"_blank\" rel=\"noopener noreferrer\" data-auth=\"NotApplicable\" data-linkindex=\"10\">@adell_fame\u00a0<\/a><\/p>\n<p>Lohany -\u00a0<a href=\"https:\/\/www.instagram.com\/lo.mitchel\/\" target=\"_blank\" rel=\"noopener noreferrer\" data-auth=\"NotApplicable\" data-linkindex=\"11\">@lo.mitchel<\/a><\/p>\n<p><strong>Artistas visuais<\/strong><\/p>\n<p>Luisa Born -\u00a0<a href=\"https:\/\/www.instagram.com\/bornluisa\/\" target=\"_blank\" rel=\"noopener noreferrer\" data-auth=\"NotApplicable\" data-linkindex=\"12\">@bornluisa<\/a><\/p>\n<p>Henrique Lopes -\u00a0<a href=\"https:\/\/www.instagram.com\/henriquenlopes\/\" target=\"_blank\" rel=\"noopener noreferrer\" data-auth=\"NotApplicable\" data-linkindex=\"13\">@henriquenlopes\u00a0<\/a><\/p>\n<hr \/>\n<h6><strong>Assessoria de Imprensa -\u00a0Setor de Marketing e Comunica\u00e7\u00e3o - Univates |\u00a0Texto: Lucas George Wendt | Foto: Lucas Geroge Wendt\u00a0<\/strong><\/h6>\n<p><center><iframe loading=\"lazy\" class=\"jmvplayer\" src=\"https:\/\/player.jmvstream.com\/lvw\/YYGWo5wfZuZ8fEW7Qoq1ISwhLSEDhU\" width=\"640\" height=\"360\" frameborder=\"0\" allowfullscreen=\"allowfullscreen\"><\/iframe><\/center><\/p>\n<h6><\/h6>\n<\/div><\/div>","protected":false},"excerpt":{"rendered":"<p>Atividade \u00e9 gratuita e aberta \u00e0 participa\u00e7\u00e3o de todos os interessados em prestigiar o os artistas A\u00a0Universidade do Vale do Taquari - Univates, no pr\u00f3ximo dia 15, a partir das 20h, celebra a cultura e os talentos LGBTQIAP+ locais em\u00a0evento\u00a0gratuito realizado no Teatro Univates. Na ocasi\u00e3o, diversos artistas que representam o movimento no Vale do [&hellip;]<\/p>\n","protected":false},"author":4,"featured_media":48534,"comment_status":"open","ping_status":"open","sticky":false,"template":"","format":"standard","meta":{"footnotes":""},"categories":[1],"tags":[],"class_list":["post-48533","post","type-post","status-publish","format-standard","has-post-thumbnail","hentry","category-sem-categoria"],"_links":{"self":[{"href":"http:\/\/sol.fm.br\/radio\/wp-json\/wp\/v2\/posts\/48533","targetHints":{"allow":["GET"]}}],"collection":[{"href":"http:\/\/sol.fm.br\/radio\/wp-json\/wp\/v2\/posts"}],"about":[{"href":"http:\/\/sol.fm.br\/radio\/wp-json\/wp\/v2\/types\/post"}],"author":[{"embeddable":true,"href":"http:\/\/sol.fm.br\/radio\/wp-json\/wp\/v2\/users\/4"}],"replies":[{"embeddable":true,"href":"http:\/\/sol.fm.br\/radio\/wp-json\/wp\/v2\/comments?post=48533"}],"version-history":[{"count":1,"href":"http:\/\/sol.fm.br\/radio\/wp-json\/wp\/v2\/posts\/48533\/revisions"}],"predecessor-version":[{"id":48535,"href":"http:\/\/sol.fm.br\/radio\/wp-json\/wp\/v2\/posts\/48533\/revisions\/48535"}],"wp:featuredmedia":[{"embeddable":true,"href":"http:\/\/sol.fm.br\/radio\/wp-json\/wp\/v2\/media\/48534"}],"wp:attachment":[{"href":"http:\/\/sol.fm.br\/radio\/wp-json\/wp\/v2\/media?parent=48533"}],"wp:term":[{"taxonomy":"category","embeddable":true,"href":"http:\/\/sol.fm.br\/radio\/wp-json\/wp\/v2\/categories?post=48533"},{"taxonomy":"post_tag","embeddable":true,"href":"http:\/\/sol.fm.br\/radio\/wp-json\/wp\/v2\/tags?post=48533"}],"curies":[{"name":"wp","href":"https:\/\/api.w.org\/{rel}","templated":true}]}}