{"id":48541,"date":"2022-06-10T14:28:55","date_gmt":"2022-06-10T17:28:55","guid":{"rendered":"http:\/\/sol.fm.br\/radio\/?p=48541"},"modified":"2022-06-10T14:28:55","modified_gmt":"2022-06-10T17:28:55","slug":"em-rio-grande-governador-ranolfo-da-inicio-a-obras-de-duplicacao-da-ers-734","status":"publish","type":"post","link":"http:\/\/sol.fm.br\/radio\/em-rio-grande-governador-ranolfo-da-inicio-a-obras-de-duplicacao-da-ers-734\/","title":{"rendered":"Em Rio Grande, governador Ranolfo d\u00e1 in\u00edcio a obras de duplica\u00e7\u00e3o da ERS-734"},"content":{"rendered":"<div id=\"dslc-theme-content\"><div id=\"dslc-theme-content-inner\"><p>O governador Ranolfo Vieira J\u00fanior assinou a ordem de in\u00edcio, na manh\u00e3 desta sexta-feira (10\/6), das obras de duplica\u00e7\u00e3o da ERS-734, em Rio Grande. A interven\u00e7\u00e3o diz respeito \u00e0 travessia urbana da cidade e tem 6,53 quil\u00f4metros.<\/p>\n<p>A duplica\u00e7\u00e3o do trecho entre o entroncamento com a BR-392 e o p\u00f3rtico de entrada ao munic\u00edpio vai garantir o deslocamento mais c\u00e9lere e seguro aos usu\u00e1rios pelo principal acesso a Rio Grande. O investimento ser\u00e1 de cerca de R$ 51,6 milh\u00f5es, com recursos do programa Avan\u00e7ar, e as obras t\u00eam prazo de 18 meses para serem executadas.<\/p>\n<p><em>\u201cA duplica\u00e7\u00e3o dessa via \u00e9 muito importante, n\u00e3o s\u00f3 para a regi\u00e3o, mas para todo o Estado, al\u00e9m de ser uma demanda de quase 50 anos da comunidade. Representa seguran\u00e7a vi\u00e1ria e mobilidade urbana para Rio Grande. O Estado tem o recurso necess\u00e1rio, est\u00e1 no nosso organograma financeiro e, assim, tudo indica que a obra ser\u00e1 executada no tempo previsto. \u00c9 mais uma entrega do nosso programa Avan\u00e7ar que, em um ano, re\u00fane investimentos de R$ 6,4 bilh\u00f5es em todas as \u00e1reas\u201d,<\/em> destacou o governador Ranolfo.<\/p>\n<p>O projeto executivo da duplica\u00e7\u00e3o da ERS-734 foi conclu\u00eddo em junho de 2021. Inicialmente, estava prevista a duplica\u00e7\u00e3o de cinco quil\u00f4metros da ERS-734, especificamente na via que d\u00e1 acesso \u00e0 zona urbana de Rio Grande. O projeto tamb\u00e9m contempla ciclovia e ilumina\u00e7\u00e3o. Depois de conclu\u00edda, a obra deve ser municipalizada \u2013 ou seja, entregue ao munic\u00edpio de Rio Grande.<\/p>\n<p>O ato de assinatura contou com a participa\u00e7\u00e3o dos secret\u00e1rios Luiz Gustavo de Souza (Log\u00edstica e Transportes), Marjorie Kauffmann (Meio Ambiente e Infraestrutura), do diretor-geral do Departamento Aut\u00f4nomo de Estradas de Rodagem (Daer), Luciano Faustino, do presidente da Portos RS, Cristiano Klinger, do gerente de planejamento da empresa p\u00fablicam Fernando Estima, e do prefeito de Rio Grande, F\u00e1bio Branco, entre outras autoridades.<\/p>\n<hr \/>\n<h6><strong>GOV RS |\u00a0Texto: Suzy Scarton |\u00a0Edi\u00e7\u00e3o: Christianne Schmitt \/Secom |\u00a0Foto: Gustavo Mansur \/ Pal\u00e1cio Piratini\u00a0<\/strong><\/h6>\n<p><center><iframe loading=\"lazy\" class=\"jmvplayer\" src=\"https:\/\/player.jmvstream.com\/lvw\/YYGWo5wfZuZ8fEW7Qoq1ISwhLSEDhU\" width=\"640\" height=\"360\" frameborder=\"0\" allowfullscreen=\"allowfullscreen\"><\/iframe><\/center><\/p>\n<h6><\/h6>\n<\/div><\/div>","protected":false},"excerpt":{"rendered":"<p>O governador Ranolfo Vieira J\u00fanior assinou a ordem de in\u00edcio, na manh\u00e3 desta sexta-feira (10\/6), das obras de duplica\u00e7\u00e3o da ERS-734, em Rio Grande. A interven\u00e7\u00e3o diz respeito \u00e0 travessia urbana da cidade e tem 6,53 quil\u00f4metros. A duplica\u00e7\u00e3o do trecho entre o entroncamento com a BR-392 e o p\u00f3rtico de entrada ao munic\u00edpio vai [&hellip;]<\/p>\n","protected":false},"author":4,"featured_media":48542,"comment_status":"open","ping_status":"open","sticky":false,"template":"","format":"standard","meta":{"footnotes":""},"categories":[1],"tags":[],"class_list":["post-48541","post","type-post","status-publish","format-standard","has-post-thumbnail","hentry","category-sem-categoria"],"_links":{"self":[{"href":"http:\/\/sol.fm.br\/radio\/wp-json\/wp\/v2\/posts\/48541","targetHints":{"allow":["GET"]}}],"collection":[{"href":"http:\/\/sol.fm.br\/radio\/wp-json\/wp\/v2\/posts"}],"about":[{"href":"http:\/\/sol.fm.br\/radio\/wp-json\/wp\/v2\/types\/post"}],"author":[{"embeddable":true,"href":"http:\/\/sol.fm.br\/radio\/wp-json\/wp\/v2\/users\/4"}],"replies":[{"embeddable":true,"href":"http:\/\/sol.fm.br\/radio\/wp-json\/wp\/v2\/comments?post=48541"}],"version-history":[{"count":1,"href":"http:\/\/sol.fm.br\/radio\/wp-json\/wp\/v2\/posts\/48541\/revisions"}],"predecessor-version":[{"id":48543,"href":"http:\/\/sol.fm.br\/radio\/wp-json\/wp\/v2\/posts\/48541\/revisions\/48543"}],"wp:featuredmedia":[{"embeddable":true,"href":"http:\/\/sol.fm.br\/radio\/wp-json\/wp\/v2\/media\/48542"}],"wp:attachment":[{"href":"http:\/\/sol.fm.br\/radio\/wp-json\/wp\/v2\/media?parent=48541"}],"wp:term":[{"taxonomy":"category","embeddable":true,"href":"http:\/\/sol.fm.br\/radio\/wp-json\/wp\/v2\/categories?post=48541"},{"taxonomy":"post_tag","embeddable":true,"href":"http:\/\/sol.fm.br\/radio\/wp-json\/wp\/v2\/tags?post=48541"}],"curies":[{"name":"wp","href":"https:\/\/api.w.org\/{rel}","templated":true}]}}