{"id":48546,"date":"2022-06-10T14:44:10","date_gmt":"2022-06-10T17:44:10","guid":{"rendered":"http:\/\/sol.fm.br\/radio\/?p=48546"},"modified":"2022-06-10T14:44:10","modified_gmt":"2022-06-10T17:44:10","slug":"drive-thru-para-doacoes-a-campanha-do-agasalho-percorrera-o-estado-ate-o-inicio-de-agosto","status":"publish","type":"post","link":"http:\/\/sol.fm.br\/radio\/drive-thru-para-doacoes-a-campanha-do-agasalho-percorrera-o-estado-ate-o-inicio-de-agosto\/","title":{"rendered":"Drive-thru para doa\u00e7\u00f5es \u00e0 Campanha do Agasalho percorrer\u00e1 o Estado at\u00e9 o in\u00edcio de agosto"},"content":{"rendered":"<div id=\"dslc-theme-content\"><div id=\"dslc-theme-content-inner\"><p><em>No s\u00e1bado (11\/6), sistema funcionar\u00e1 em Porto Alegre e Uruguaiana<\/em><\/p>\n<p>A Defesa Civil Estadual divulgou datas e munic\u00edpios onde o drive-thru itinerante estar\u00e1 para receber doa\u00e7\u00f5es para a Campanha do Agasalho 2022 nas pr\u00f3ximas semanas. Al\u00e9m do itinerante, o drive-thru fixo segue funcionando, de segunda \u00e0 sexta, no Centro Administrativo Fernando Ferrari (Caff), em Porto Alegre.<\/p>\n<p>A Campanha do Agasalho de 2022 foi lan\u00e7ada no final de maio (26\/5), com o slogan <strong>\u201cDoe, doe de cora\u00e7\u00e3o\u201d<\/strong>, chamando os ga\u00fachos a doarem roupas, cal\u00e7ados, cobertores e alimentos n\u00e3o perec\u00edveis, que ser\u00e3o distribu\u00eddos para as pessoas em situa\u00e7\u00e3o de vulnerabilidade.<\/p>\n<p>Inaugurado em 2020, devido \u00e0 pandemia, o sistema de recebimento de doa\u00e7\u00f5es sem a necessidade de sair do carro permaneceu como uma alternativa r\u00e1pida e pr\u00e1tica para quem quer doar. Para doar, al\u00e9m do drive-thru itinerante, h\u00e1 o drive-thru fixo, no centro administrativo do Estado, em Porto Alegre; a pr\u00f3pria Central de Doa\u00e7\u00f5es e postos de coleta (<em>veja quadro<\/em>).<\/p>\n<p>A campanha \u00e9 realizada visando o enfrentamento das baixas temperaturas do inverno. Por isso, o foco s\u00e3o doa\u00e7\u00f5es de pe\u00e7as que possam aquecer as pessoas, al\u00e9m de itens de higiene e limpeza, com especial aten\u00e7\u00e3o para roupas infantis, principalmente para crian\u00e7as de 0 a 5 anos.<\/p>\n<p><strong>Localiza\u00e7\u00f5es do drive-thru itinerante da Campanha do Agasalho 2022:<\/strong><\/p>\n<p>\u2022<strong> Porto Alegre<\/strong><br \/>\nQuando: s\u00e1bado (11\/6), das 9h \u00e0s 15h<br \/>\nOnde: av. Jo\u00e3o Pessoa, 835 - em frente \u00e0 pra\u00e7a, em Porto Alegre<\/p>\n<p>\u2022<strong> Uruguaiana<\/strong><br \/>\nQuando: (11\/6), das 9h \u00e0s 15h<br \/>\nOnde: em frente \u00e0 Pra\u00e7a Bar\u00e3o do Rio Branco<\/p>\n<p>\u2022<strong> Bento Gon\u00e7alves<\/strong><br \/>\nQuando: (13\/6) \u2013 segunda-feira\/ feriado municipal, das 9h \u00e0s 15h<br \/>\nOnde: junto ao Fundaparque, durante a Expobento<\/p>\n<p>\u2022 <strong>Pelotas<\/strong><br \/>\nQuando: (18\/06), das 9h \u00e0s 15h<br \/>\nOnde: junto \u00e0 entrada da Feira de Eventos Fenadoce<\/p>\n<p>\u2022 <strong>Santana do Livramento<\/strong><br \/>\nQuando: (25\/6), das 9h \u00e0s 15h<br \/>\nOnde: Largo Doutor Hugolino Andrade (Parque Internacional)<\/p>\n<p>\u2022 <strong>Lajeado<\/strong><br \/>\nQuando: (25\/6), das 9h \u00e0s 15h<br \/>\nOnde: Rua J\u00falio de Castilhos, 1348, Centro<\/p>\n<p>\u2022 <strong>Palmeira das Miss\u00f5es<\/strong><br \/>\nQuando: (2\/7), das 9h \u00e0s 15h<br \/>\nOnde: Av. Independ\u00eancia, Pra\u00e7a Paulo Ardenghi, Centro<\/p>\n<p>\u2022 <strong>Santa Maria<\/strong><br \/>\nQuando: (9\/7), das 9h \u00e0s 15h<br \/>\nOnde: Av. Medianeira 631. Em frente \u00e0 Bas\u00edlica Nossa Senhora Medianeira<\/p>\n<p>\u2022 <strong>Passo Fundo<\/strong><br \/>\nQuando: (16\/7), das 9h \u00e0s 15h<br \/>\nOnde: Parque da Gare, Vila Lucas Araujo<\/p>\n<p>\u2022 <strong>Santo \u00c2ngelo<\/strong><br \/>\nQuando: (30\/7), das 9h \u00e0s 15h<br \/>\nOnde: junto a Pra\u00e7a Pinheiro Machado.<\/p>\n<p>\u2022<strong> Santa Rosa<\/strong><br \/>\nQuando: (5\/8), das 9h \u00e0s 15h<br \/>\nOnde: Av. Rio Branco, junto \u00e0 Pra\u00e7a da Bandeira<\/p>\n<p><strong>Drive-thru fixo<\/strong><\/p>\n<p>O drive-thru fixo recebe doa\u00e7\u00f5es de segunda-feira \u00e0 sexta-feira, das 9h \u00e0s 18h, na Central de Doa\u00e7\u00f5es, no centro administrativo do Estado, na av. Borges de Medeiros, n\u00famero 1501 \u2013 bairro Praia de Belas, Porto Alegre.<\/p>\n<p><strong>Onde doar<\/strong><\/p>\n<p>\u2022 Pontos de coleta nos supermercados Zaffari e Bourbon;<br \/>\n\u2022 Unidades do Sesc;<br \/>\n\u2022 Todos os quart\u00e9is da Brigada Militar e do Corpo de Bombeiros;<br \/>\n\u2022 Central de Doa\u00e7\u00f5es da Defesa Civil do RS, que permanece aberta durante todo ano, de segunda a sexta, das 9h \u00e0s 15h, no centro administrativo do Estado, na av. Borges de Medeiros, 1.501 - bairro Praia de Belas, Porto Alegre;<br \/>\n\u2022 Drive-thru na Central de Doa\u00e7\u00f5es, na capital, permitindo a entrega dos itens sem a necessidade de sair do carro, das 9h \u00e0s 18h. Al\u00e9m do ponto fixo, um drive-thru itinerante vai recolher mantimentos em diferentes cidades e locais ao longo da campanha;<br \/>\n\u2022 Coordenadorias regionais da Defesa Civil em Porto Alegre, Santa Maria, Pelotas, Santo ngelo, Uruguaiana, Frederico Westphalen, Lajeado, Caxias do Sul e Passo Fundo;<br \/>\n\u2022 Em prefeituras.<\/p>\n<p><strong>O que doar<br \/>\n<\/strong>\u2022 Alimentos n\u00e3o perec\u00edveis em qualquer quantidade;<br \/>\n\u2022 Cestas b\u00e1sicas;<br \/>\n\u2022 Roupas (em bom estado de conserva\u00e7\u00e3o);<br \/>\n\u2022 Cal\u00e7ados (par);<br \/>\n\u2022 Cobertores;<br \/>\n\u2022 Itens de limpeza e de higiene pessoal.<\/p>\n<hr \/>\n<h6><strong>GOV RS |\u00a0Texto e edi\u00e7\u00e3o: Secom\u00a0<\/strong><\/h6>\n<p><center><iframe loading=\"lazy\" class=\"jmvplayer\" src=\"https:\/\/player.jmvstream.com\/lvw\/YYGWo5wfZuZ8fEW7Qoq1ISwhLSEDhU\" width=\"640\" height=\"360\" frameborder=\"0\" allowfullscreen=\"allowfullscreen\"><\/iframe><\/center><\/p>\n<h6><\/h6>\n<\/div><\/div>","protected":false},"excerpt":{"rendered":"<p>No s\u00e1bado (11\/6), sistema funcionar\u00e1 em Porto Alegre e Uruguaiana A Defesa Civil Estadual divulgou datas e munic\u00edpios onde o drive-thru itinerante estar\u00e1 para receber doa\u00e7\u00f5es para a Campanha do Agasalho 2022 nas pr\u00f3ximas semanas. Al\u00e9m do itinerante, o drive-thru fixo segue funcionando, de segunda \u00e0 sexta, no Centro Administrativo Fernando Ferrari (Caff), em Porto [&hellip;]<\/p>\n","protected":false},"author":4,"featured_media":48547,"comment_status":"open","ping_status":"open","sticky":false,"template":"","format":"standard","meta":{"footnotes":""},"categories":[1],"tags":[],"class_list":["post-48546","post","type-post","status-publish","format-standard","has-post-thumbnail","hentry","category-sem-categoria"],"_links":{"self":[{"href":"http:\/\/sol.fm.br\/radio\/wp-json\/wp\/v2\/posts\/48546","targetHints":{"allow":["GET"]}}],"collection":[{"href":"http:\/\/sol.fm.br\/radio\/wp-json\/wp\/v2\/posts"}],"about":[{"href":"http:\/\/sol.fm.br\/radio\/wp-json\/wp\/v2\/types\/post"}],"author":[{"embeddable":true,"href":"http:\/\/sol.fm.br\/radio\/wp-json\/wp\/v2\/users\/4"}],"replies":[{"embeddable":true,"href":"http:\/\/sol.fm.br\/radio\/wp-json\/wp\/v2\/comments?post=48546"}],"version-history":[{"count":1,"href":"http:\/\/sol.fm.br\/radio\/wp-json\/wp\/v2\/posts\/48546\/revisions"}],"predecessor-version":[{"id":48548,"href":"http:\/\/sol.fm.br\/radio\/wp-json\/wp\/v2\/posts\/48546\/revisions\/48548"}],"wp:featuredmedia":[{"embeddable":true,"href":"http:\/\/sol.fm.br\/radio\/wp-json\/wp\/v2\/media\/48547"}],"wp:attachment":[{"href":"http:\/\/sol.fm.br\/radio\/wp-json\/wp\/v2\/media?parent=48546"}],"wp:term":[{"taxonomy":"category","embeddable":true,"href":"http:\/\/sol.fm.br\/radio\/wp-json\/wp\/v2\/categories?post=48546"},{"taxonomy":"post_tag","embeddable":true,"href":"http:\/\/sol.fm.br\/radio\/wp-json\/wp\/v2\/tags?post=48546"}],"curies":[{"name":"wp","href":"https:\/\/api.w.org\/{rel}","templated":true}]}}