{"id":48549,"date":"2022-06-10T14:51:10","date_gmt":"2022-06-10T17:51:10","guid":{"rendered":"http:\/\/sol.fm.br\/radio\/?p=48549"},"modified":"2022-06-10T14:51:10","modified_gmt":"2022-06-10T17:51:10","slug":"rolante-realiza-a-29a-edicao-do-festivale","status":"publish","type":"post","link":"http:\/\/sol.fm.br\/radio\/rolante-realiza-a-29a-edicao-do-festivale\/","title":{"rendered":"Rolante realiza a 29\u00aa edi\u00e7\u00e3o do Festivale"},"content":{"rendered":"<div id=\"dslc-theme-content\"><div id=\"dslc-theme-content-inner\"><p>O Festival de Teatro do Vale do Paranhana (Festivale) \u00e9 o Festival de Teatro mais antigo do Estado, realizado de forma ininterrupta desde 1994. No in\u00edcio era um festival amador, mas atualmente acontece a n\u00edvel profissional e sua visibilidade \u00e9 nacional, tendo em vista que a organiza\u00e7\u00e3o recebeu inscri\u00e7\u00f5es de 30 espet\u00e1culos de diversos estados brasileiros, sendo 16 do Rio Grande do Sul, 2 de Santa Catarina, 3 do Paran\u00e1, 6 de S\u00e3o Paulo, 2 do Rio de Janeiro e 1 do Amazonas. Destes, 12 foram selecionados para a mostra competitiva e mais quatro apresentar\u00e3o como convidados, totalizando 16 espet\u00e1culos nos seis dias de Festival, que acontecer\u00e1 de 28 de junho a 3 de julho na Sociedade de Canto Carlos Gomes (Rua Carlos Huff, 219 \u2013 Centro \u2013 Rolante).<\/p>\n<p>O festival \u00e9 uma realiza\u00e7\u00e3o da Prefeitura de Rolante, organizado pelo Departamento de Cultura, com o apoio da Secretaria de Educa\u00e7\u00e3o, que oferece transporte para todas as escolas, oportunizando que todos os alunos assintam pelo menos um espet\u00e1culo.<\/p>\n<p>O ingresso ser\u00e1 a doa\u00e7\u00e3o de um quilo de alimento n\u00e3o perec\u00edvel, destinado \u00e0s entidades assistenciais do munic\u00edpio. Somente o espet\u00e1culo de encerramento, \u201cSimplesmente Herta: Mem\u00f3rias e hist\u00f3rias\u201d, no domingo, 3 de julho, \u00e0s 20 horas, ter\u00e1 cobran\u00e7a de ingressos. Ingressos antecipados est\u00e3o \u00e0 disposi\u00e7\u00e3o no Macke Ferragens e Restaurante D\u2019Rouse, pelo valor de R$ 20,00. Na hora ser\u00e1 R$ 30,00.<\/p>\n<p>Confira a programa\u00e7\u00e3o e aproveite a oportunidade para prestigiar a diversidade de espet\u00e1culos!<\/p>\n<p><strong>Ter\u00e7a-feira 28\/06<\/strong><br \/>\n<strong>14:30<\/strong> \u2013 Abertura Oficial do XXIX FESTIVALE<br \/>\n<strong>15:00<\/strong> - Espet\u00e1culo Infantil<br \/>\nPeteca, pi\u00e3o e pique-pessoa<br \/>\nBando de Brincantes<br \/>\nDire\u00e7\u00e3o: Izabel Cristina e Viviane Rosa Jugueiro<br \/>\nCidade: Porto Alegre\/RS<br \/>\nG\u00eanero: Com\u00e9dia (classifica\u00e7\u00e3o livre)<br \/>\n<strong>19:30<\/strong> - Espet\u00e1culo Adulto<br \/>\nP\u00e1ginas amarelas \u2013 vida e obra de Carolina de Jesus<br \/>\nTrupi di Trapu Produ\u00e7\u00f5es<br \/>\nDire\u00e7\u00e3o: Leandro Silva<br \/>\nCidade: Porto Alegre\/RS<br \/>\nG\u00eanero: Drama ( classifica\u00e7\u00e3o 16 anos)<\/p>\n<p><strong>Quarta-feira 29\/06<\/strong><br \/>\n<strong>9:30<\/strong> - Espet\u00e1culo Infantil<br \/>\nBandele<br \/>\nTrupi di Trapu Produ\u00e7\u00f5es<br \/>\nDire\u00e7\u00e3o: Leandro Silva<br \/>\nCidade: Porto Alegre\/RS<br \/>\nG\u00eanero: Misto (classifica\u00e7\u00e3o livre)<br \/>\n<strong>14:30<\/strong> Espet\u00e1culo Infantil<br \/>\nGrimm para os pequenos<br \/>\nLeandro Silva Teatro de Anima\u00e7\u00e3o e Assessoria Cultural<br \/>\nDire\u00e7\u00e3o: Leandro Silva<br \/>\nCidade: Porto Alegre\/RS<br \/>\nG\u00eanero: Com\u00e9dia (classifica\u00e7\u00e3o livre)<br \/>\n<strong>19:30<\/strong> - Espet\u00e1culo Adulto<br \/>\nO jardim suspenso ou A lucidez do amor irracional<br \/>\nN\u00facleo O Ator Maestro<br \/>\nDire\u00e7\u00e3o: Lucas Sancho<br \/>\nCidade: S\u00e3o Paulo\/SP<br \/>\nG\u00eanero: Com\u00e9dia (classifica\u00e7\u00e3o 14 anos)<\/p>\n<p><strong>Quinta-feira 30\/06<\/strong><br \/>\n<strong>9:30<\/strong> - Espet\u00e1culo Infantil<br \/>\nBanana com Canela<br \/>\nTeatro VagaMundo<br \/>\nDire\u00e7\u00e3o: Gabriela Ferreira Santos<br \/>\nCidade: Santa Maria\/RS<br \/>\nG\u00eanero: Com\u00e9dia (classifica\u00e7\u00e3o livre)<br \/>\n<strong>14:00<\/strong> - Espet\u00e1culo Adulto<br \/>\nO Anel de Giges<br \/>\nGrupo Entre N\u00f3s<br \/>\nDire\u00e7\u00e3o: Marcos Cardoso<br \/>\nCidade: S\u00e3o Jos\u00e9 do Sul\/RS<br \/>\nG\u00eanero: Drama (classifica\u00e7\u00e3o 12 anos)<br \/>\n<strong>15:30<\/strong> - Espet\u00e1culo Infantil<br \/>\nCirco Zica<br \/>\nCirco Rodado<br \/>\nDire\u00e7\u00e3o: Ricardo Puccetti \u2013 Lume Teatro<br \/>\nCidade: Curitiba\/PR<br \/>\nG\u00eanero: Com\u00e9dia (classifica\u00e7\u00e3o livre)<br \/>\nLocal: Espa\u00e7o Cultural<br \/>\n<strong>19:30<\/strong> - Espet\u00e1culo Adulto<br \/>\nIlha dos A\u00e7ores<br \/>\nGrupo Pintando o 7<br \/>\nDire\u00e7\u00e3o: Luis Fernando Rodembuch<br \/>\nCidade: Novo Hamburgo\/RS<br \/>\nG\u00eanero: Drama (classifica\u00e7\u00e3o 12 anos)<\/p>\n<p><strong>Sexta-feira 01\/07 <\/strong><br \/>\n<strong>9:30<\/strong> - Espet\u00e1culo Adulto<br \/>\nEu, Romeu<br \/>\nGrupo Ador\u00e1vel Companhia<br \/>\nDire\u00e7\u00e3o: Cec\u00edlia Viegas<br \/>\nCidade: Guapimirim\/RJ<br \/>\nG\u00eanero: Biografia de ficcional narrativa (classifica\u00e7\u00e3o 12 anos)<br \/>\n<strong>14:30<\/strong> - Espet\u00e1culo Infantil<br \/>\nA Trupe<br \/>\nGrupo Metamorphose: Conte\u00fado Cultural<br \/>\nDire\u00e7\u00e3o: Alexandre Malta<br \/>\nCidade: Santo Ant\u00f4nio da Patrulha\/RS<br \/>\nG\u00eanero: Com\u00e9dia (classifica\u00e7\u00e3o livre)<br \/>\n<strong>18:00<\/strong> - Espet\u00e1culo Adulto<br \/>\n\u00c0s seis horas da tarde<br \/>\nCia. Retalhos de Teatro<br \/>\nDire\u00e7\u00e3o: Helquer Paez, Alexia Karla e Julio Cesar Aranda<br \/>\nCidade: Santa Maria\/RS<br \/>\nG\u00eanero: Drama (classifica\u00e7\u00e3o 14 anos)<br \/>\n<strong>23:00<\/strong> \u2013 Sess\u00e3o Maldita<br \/>\nEspet\u00e1culo Adulto Convidado<br \/>\n1 8 0<br \/>\nGrupo Teatral T\u00e1 Rolando Arte<br \/>\nDire\u00e7\u00e3o: Dionatan Rosa<br \/>\nCidade: Rolante\/RS<br \/>\nG\u00eanero: Drama (classifica\u00e7\u00e3o 18 anos)<\/p>\n<p><strong>S\u00e1bado 02\/07<\/strong><br \/>\n<strong>9:00 \u00e0s 12:00<\/strong> - Oficina de Palha\u00e7o: um salto para o fracasso<br \/>\nMinistrante: Daniel Lucas \u2013 Teatro VagaMundo<br \/>\nLocal: Espa\u00e7o Cultural \u2013 Av. Get\u00falio Vargas, 62 \u2013 Centro<br \/>\nInscri\u00e7\u00f5es antecipadas pelo telefone 51 3547 1351<br \/>\n<strong>15:00<\/strong> \u2013 Espet\u00e1culo Infantil Convidado<br \/>\nO circo do mundinho feliz<br \/>\nGrupo Teatro Por Que N\u00e3o?<br \/>\nDire\u00e7\u00e3o: Aline Ribeiro e Felipe Martinez<br \/>\nCidade: Santa Maria\/RS<br \/>\nG\u00eanero: Com\u00e9dia (classifica\u00e7\u00e3o livre)<br \/>\n<strong>19:00<\/strong> \u2013 Espet\u00e1culo Convidado<br \/>\nLa Perseguida<br \/>\nTeatro VagaMundo<br \/>\nDire\u00e7\u00e3o: Gabriela Ferreira Santos<br \/>\nCidade: Santa Maria\/RS<br \/>\nG\u00eanero: Com\u00e9dia (classifica\u00e7\u00e3o livre)<br \/>\n<strong>20:00<\/strong> \u2013 Cerim\u00f4nia de Premia\u00e7\u00e3o<\/p>\n<p><strong>Domingo 03\/07<\/strong><br \/>\n<strong>20:00<\/strong> - Espet\u00e1culo Adulto - Convidado<br \/>\nSimplesmente Herta: Mem\u00f3rias e hist\u00f3rias<br \/>\nCurto Arte Companhia de Teatro<br \/>\nDire\u00e7\u00e3o: Carlos Alberto Klein<br \/>\nCidade: Dois Irm\u00e3os\/RS<br \/>\nG\u00eanero: Com\u00e9dia (classifica\u00e7\u00e3o livre).<\/p>\n<hr \/>\n<h6><strong>Prefeitura Municipal de Rolante\u00a0<\/strong><\/h6>\n<p><center><iframe loading=\"lazy\" class=\"jmvplayer\" src=\"https:\/\/player.jmvstream.com\/lvw\/YYGWo5wfZuZ8fEW7Qoq1ISwhLSEDhU\" width=\"640\" height=\"360\" frameborder=\"0\" allowfullscreen=\"allowfullscreen\"><\/iframe><\/center><\/p>\n<h6><\/h6>\n<\/div><\/div>","protected":false},"excerpt":{"rendered":"<p>O Festival de Teatro do Vale do Paranhana (Festivale) \u00e9 o Festival de Teatro mais antigo do Estado, realizado de forma ininterrupta desde 1994. No in\u00edcio era um festival amador, mas atualmente acontece a n\u00edvel profissional e sua visibilidade \u00e9 nacional, tendo em vista que a organiza\u00e7\u00e3o recebeu inscri\u00e7\u00f5es de 30 espet\u00e1culos de diversos estados [&hellip;]<\/p>\n","protected":false},"author":4,"featured_media":48550,"comment_status":"open","ping_status":"open","sticky":false,"template":"","format":"standard","meta":{"footnotes":""},"categories":[1],"tags":[],"class_list":["post-48549","post","type-post","status-publish","format-standard","has-post-thumbnail","hentry","category-sem-categoria"],"_links":{"self":[{"href":"http:\/\/sol.fm.br\/radio\/wp-json\/wp\/v2\/posts\/48549","targetHints":{"allow":["GET"]}}],"collection":[{"href":"http:\/\/sol.fm.br\/radio\/wp-json\/wp\/v2\/posts"}],"about":[{"href":"http:\/\/sol.fm.br\/radio\/wp-json\/wp\/v2\/types\/post"}],"author":[{"embeddable":true,"href":"http:\/\/sol.fm.br\/radio\/wp-json\/wp\/v2\/users\/4"}],"replies":[{"embeddable":true,"href":"http:\/\/sol.fm.br\/radio\/wp-json\/wp\/v2\/comments?post=48549"}],"version-history":[{"count":1,"href":"http:\/\/sol.fm.br\/radio\/wp-json\/wp\/v2\/posts\/48549\/revisions"}],"predecessor-version":[{"id":48551,"href":"http:\/\/sol.fm.br\/radio\/wp-json\/wp\/v2\/posts\/48549\/revisions\/48551"}],"wp:featuredmedia":[{"embeddable":true,"href":"http:\/\/sol.fm.br\/radio\/wp-json\/wp\/v2\/media\/48550"}],"wp:attachment":[{"href":"http:\/\/sol.fm.br\/radio\/wp-json\/wp\/v2\/media?parent=48549"}],"wp:term":[{"taxonomy":"category","embeddable":true,"href":"http:\/\/sol.fm.br\/radio\/wp-json\/wp\/v2\/categories?post=48549"},{"taxonomy":"post_tag","embeddable":true,"href":"http:\/\/sol.fm.br\/radio\/wp-json\/wp\/v2\/tags?post=48549"}],"curies":[{"name":"wp","href":"https:\/\/api.w.org\/{rel}","templated":true}]}}