{"id":48553,"date":"2022-06-10T15:54:15","date_gmt":"2022-06-10T18:54:15","guid":{"rendered":"http:\/\/sol.fm.br\/radio\/?p=48553"},"modified":"2022-06-10T15:54:15","modified_gmt":"2022-06-10T18:54:15","slug":"brde-labs-2022-tem-inscricoes-prorrogadas-por-mais-duas-semanas","status":"publish","type":"post","link":"http:\/\/sol.fm.br\/radio\/brde-labs-2022-tem-inscricoes-prorrogadas-por-mais-duas-semanas\/","title":{"rendered":"BRDE Labs 2022 tem inscri\u00e7\u00f5es prorrogadas por mais duas semanas"},"content":{"rendered":"<div id=\"dslc-theme-content\"><div id=\"dslc-theme-content-inner\"><p><em>Programa de acelera\u00e7\u00e3o \u00e9 promovido pelo BRDE e o novo prazo vai at\u00e9 o dia 24\/6<\/em><\/p>\n<p>Startups interessadas ganharam mais duas semanas para se inscreverem do BRDE Labs 2022. O prazo para participar do programa de acelera\u00e7\u00e3o promovido pelo Banco Regional de Desenvolvimento do Extremo Sul (BRDE) vai at\u00e9 24 de junho. A amplia\u00e7\u00e3o no per\u00edodo de inscri\u00e7\u00f5es se deve pela sele\u00e7\u00e3o de novas empresas que ir\u00e3o atuar como \u00e2ncoras, ampliando as oportunidades de conex\u00e3o para as startups.<\/p>\n<p>Para permitir que mais startups se inscrevam visando potencial relacionamento com as novas \u00e2ncoras selecionadas, as inscri\u00e7\u00f5es est\u00e3o prorrogadas at\u00e9 24 de junho. J\u00e1 na sua terceira edi\u00e7\u00e3o, o projeto ter\u00e1 novamente a parceria do Feevale Techpark para sua execu\u00e7\u00e3o no \u00e2mbito do Rio Grande do Sul.<\/p>\n<p>O BRDE Labs 2022 teve seu lan\u00e7amento durante a programa\u00e7\u00e3o do Souht Summit Brasil, no in\u00edcio do m\u00eas de maio. Neste per\u00edodo, o banco tamb\u00e9m abriu per\u00edodo para sele\u00e7\u00e3o das empresas que atuar\u00e3o como \u00e2ncora no processo de acelera\u00e7\u00e3o, que vai ocorrer entre os meses de julho e novembro.<\/p>\n<p>As startups do RS interessadas em integrar a trilha que come\u00e7a pela sele\u00e7\u00e3o inscritas, fase de imers\u00e3o e o \u00faltimo est\u00e1gio que \u00e9 acelera\u00e7\u00e3o, podem realizar suas inscri\u00e7\u00f5es atrav\u00e9s do endere\u00e7o eletr\u00f4nico do Feevale Techpark (https:\/\/conteudo.feevale.br\/brde-labs). Ser\u00e3o distribu\u00eddos at\u00e9 R$ 160 mil em pr\u00eamios aos vencedores.<\/p>\n<p>Inscri\u00e7\u00f5es em: <a href=\"https:\/\/conteudo.feevale.br\/brde-labs\">https:\/\/conteudo.feevale.br\/brde-labs<\/a><\/p>\n<hr \/>\n<h6><strong>BRDE |\u00a0 Foto: Caroline Souza - Universidade Feevale \/ Divulga\u00e7\u00e3o<\/strong><\/h6>\n<p><center><iframe loading=\"lazy\" class=\"jmvplayer\" src=\"https:\/\/player.jmvstream.com\/lvw\/YYGWo5wfZuZ8fEW7Qoq1ISwhLSEDhU\" width=\"640\" height=\"360\" frameborder=\"0\" allowfullscreen=\"allowfullscreen\"><\/iframe><\/center><\/p>\n<h6><\/h6>\n<\/div><\/div>","protected":false},"excerpt":{"rendered":"<p>Programa de acelera\u00e7\u00e3o \u00e9 promovido pelo BRDE e o novo prazo vai at\u00e9 o dia 24\/6 Startups interessadas ganharam mais duas semanas para se inscreverem do BRDE Labs 2022. O prazo para participar do programa de acelera\u00e7\u00e3o promovido pelo Banco Regional de Desenvolvimento do Extremo Sul (BRDE) vai at\u00e9 24 de junho. A amplia\u00e7\u00e3o no [&hellip;]<\/p>\n","protected":false},"author":4,"featured_media":48554,"comment_status":"open","ping_status":"open","sticky":false,"template":"","format":"standard","meta":{"footnotes":""},"categories":[1],"tags":[],"class_list":["post-48553","post","type-post","status-publish","format-standard","has-post-thumbnail","hentry","category-sem-categoria"],"_links":{"self":[{"href":"http:\/\/sol.fm.br\/radio\/wp-json\/wp\/v2\/posts\/48553","targetHints":{"allow":["GET"]}}],"collection":[{"href":"http:\/\/sol.fm.br\/radio\/wp-json\/wp\/v2\/posts"}],"about":[{"href":"http:\/\/sol.fm.br\/radio\/wp-json\/wp\/v2\/types\/post"}],"author":[{"embeddable":true,"href":"http:\/\/sol.fm.br\/radio\/wp-json\/wp\/v2\/users\/4"}],"replies":[{"embeddable":true,"href":"http:\/\/sol.fm.br\/radio\/wp-json\/wp\/v2\/comments?post=48553"}],"version-history":[{"count":1,"href":"http:\/\/sol.fm.br\/radio\/wp-json\/wp\/v2\/posts\/48553\/revisions"}],"predecessor-version":[{"id":48555,"href":"http:\/\/sol.fm.br\/radio\/wp-json\/wp\/v2\/posts\/48553\/revisions\/48555"}],"wp:featuredmedia":[{"embeddable":true,"href":"http:\/\/sol.fm.br\/radio\/wp-json\/wp\/v2\/media\/48554"}],"wp:attachment":[{"href":"http:\/\/sol.fm.br\/radio\/wp-json\/wp\/v2\/media?parent=48553"}],"wp:term":[{"taxonomy":"category","embeddable":true,"href":"http:\/\/sol.fm.br\/radio\/wp-json\/wp\/v2\/categories?post=48553"},{"taxonomy":"post_tag","embeddable":true,"href":"http:\/\/sol.fm.br\/radio\/wp-json\/wp\/v2\/tags?post=48553"}],"curies":[{"name":"wp","href":"https:\/\/api.w.org\/{rel}","templated":true}]}}