{"id":48556,"date":"2022-06-13T09:32:12","date_gmt":"2022-06-13T12:32:12","guid":{"rendered":"http:\/\/sol.fm.br\/radio\/?p=48556"},"modified":"2022-06-13T09:32:12","modified_gmt":"2022-06-13T12:32:12","slug":"cirurgias-ao-vivo-e-debates-de-especialistas-marcam-retomada-de-eventos-internacionais-na-amrigs","status":"publish","type":"post","link":"http:\/\/sol.fm.br\/radio\/cirurgias-ao-vivo-e-debates-de-especialistas-marcam-retomada-de-eventos-internacionais-na-amrigs\/","title":{"rendered":"Cirurgias ao vivo e debates de especialistas marcam retomada de eventos internacionais na AMRIGS"},"content":{"rendered":"<div id=\"dslc-theme-content\"><div id=\"dslc-theme-content-inner\"><p><em>Bariatric Endoscopic Surgery Trends - B.E.S.T, evento refer\u00eancia mundial em cirurgia bari\u00e1trica e endoscopia, retorna a Porto Alegre ap\u00f3s 15 anos e \"reinaugura\" Centro de Evento da AMRIGS<\/em><\/p>\n<p>Depois de 15 anos, o Bariatric Endoscopic Surgery Trends - B.E.S.T, evento refer\u00eancia mundial em cirurgias bari\u00e1tricas e endoscopia retornou a Porto Alegre. O primeiro dia de congresso, que aconteceu nesta quinta-feira (09\/06), tamb\u00e9m representou a retomada dos eventos internacionais na AMRIGS ap\u00f3s as restri\u00e7\u00f5es impostas pela pandemia da COVID-19.<\/p>\n<p>Na cerim\u00f4nia de abertura, o presidente da Associa\u00e7\u00e3o M\u00e9dica do Rio Grande do Sul (AMRIGS), Gerson Junqueira Jr., deixou clara a emo\u00e7\u00e3o de rever o teatro cheio e destacou a import\u00e2ncia do encontro com diversos especialistas. <em>\"N\u00f3s precisamos nos reinventar e nos modernizar. Esse evento faz parte disso. A AMRIGS, al\u00e9m de divulgar conhecimento t\u00e9cnico e cient\u00edfico, \u00e9 palco de debate e posicionamentos pol\u00edticos da comunidade m\u00e9dica\"<\/em>, afirmou.<\/p>\n<p>Tamb\u00e9m no bloco inicial, o idealizador do B.E.S.T, o m\u00e9dico Nilton Kawahara, explicou as raz\u00f5es de existir do congresso.<em> \"Esse evento n\u00e3o \u00e9 para principiados e sim para os mais experientes neste tipo de procedimento. Nossa sigla traz a palavra Trend, pois ela se expande, n\u00e3o se limita\"<\/em>, reiterou.<\/p>\n<p>O B.E.S.T \u00e9, reconhecidamente, o congresso mais importante do mundo do ponto de vista pr\u00e1tico para os cirurgi\u00f5es bari\u00e1tricos. O coordenador regional do evento, Renato Souza, sintetizou a magnitude dos tr\u00eas dias de congresso. <em>\"Ser\u00e3o 18 cirurgias ao vivo, tr\u00eas rob\u00f3ticas, 22 m\u00e9dicos nacionais, 22 do Rio Grande do Sul e 36 de fora do pa\u00eds\"<\/em>.<\/p>\n<p>As primeiras tr\u00eas, das 18 cirurgias ao vivo, aconteceram logo na programa\u00e7\u00e3o desta quinta-feira com modera\u00e7\u00e3o do presidente da AMRIGS, Gerson Junqueira Jr. Os procedimentos, realizados em tr\u00eas salas cir\u00fargicas do hospital Divina Provid\u00eancia, foram: Bypass G\u00e1strico, pelo m\u00e9dico Andrey Carlo; Sleeve G\u00e1strico, com o m\u00e9dico chileno Camilo Boza; e uma cirurgia revisional, com o portugu\u00eas Carlos Vaz. Todos tiveram sucesso.<\/p>\n<p>Ao longo dos trabalhos, os m\u00e9dicos iam pontuando e explicando as particularidades de cada um dos tr\u00eas casos. A plateia era convidada a fazer questionamentos para os m\u00e9dicos da mesa de debate: a mexicana Adriana Liceaga, o venezuelano Guilhermo Borja, Luciano Neto, Luiz Carlos Bremm, o argentino Mariano Palermo, Rafael Jacques Ramos e Ricardo Baratieri.<\/p>\n<p><strong>Pain\u00e9is debatem cen\u00e1rio\u00a0<\/strong><\/p>\n<p>Al\u00e9m das cirurgias ao vivo, o primeiro dia tamb\u00e9m contou com palestras de diversos profissionais refer\u00eancia na medicina brasileira. O m\u00e9dico Guilherme Campos apresentou os resultados da cirurgia bari\u00e1trica pelo mundo e como a mortalidade vem reduzindo ao longo dos anos, conforme os estudos avan\u00e7am.<\/p>\n<p>No segundo painel, o m\u00e9dico Carlos Eduardo Domene explicou o avan\u00e7o da rob\u00f3tica neste segmento.<em> \"Rob\u00f3tica \u00e9 coopera\u00e7\u00e3o, n\u00e3o \u00e9 concorr\u00eancia\"<\/em>, resumiu. Na sequ\u00eancia, a m\u00e9dica Luciana El Kadre pontuou o mecanismo de a\u00e7\u00e3o da cirurgia bari\u00e1trica e metab\u00f3lica. <em>\"Diabetes, obesidade e bari\u00e1trica n\u00e3o s\u00e3o consequ\u00eancia um do outro, mas t\u00eam a mesma origem\"<\/em>. Ela tamb\u00e9m acrescentou o aspecto mental do procedimento.<\/p>\n<p>Coube ao m\u00e9dico \u00c1ureo Ludovico de Paula abordar os fundamentos da cirurgia metab\u00f3lica. <em>\"O cirurgi\u00e3o precisa entender que existe uma hierarquia\"<\/em>, ressaltou. A sess\u00e3o da manh\u00e3 foi finalizada com uma mesa redonda comandada pelo m\u00e9dico S\u00e9rgio Pioner sobre o \u201cEstado da Arte na Cirurgia Bari\u00e1trica\u201d.<\/p>\n<p>No per\u00edodo da tarde, o m\u00e9dico Antonio Carlos Valezi comandou um simp\u00f3sio sat\u00e9lite sobre as controv\u00e9rsias dos procedimentos bari\u00e1tricos e metab\u00f3licos. Depois, uma nova sess\u00e3o de cirurgias ao vivo aconteceu. Desta vez, elas foram realizadas nos seguintes modelos: Duodenal Switch, com o idealizador do B.E.S.T, Nilton Kawahara; Interposi\u00e7\u00e3o Illegal, com Alcides Branco; e o Sleeve G\u00e1strico, com o coordenador Renato Souza.<\/p>\n<p>Quem veio ao evento tamb\u00e9m pode passear pelos estandes montados pelos patrocinadores com exemplares de equipamentos inovadores na \u00e1rea da sa\u00fade. A edi\u00e7\u00e3o de 2022 do B.E.S.T vai at\u00e9 a manh\u00e3 do s\u00e1bado (11\/06) e \u00e9 uma realiza\u00e7\u00e3o da Associa\u00e7\u00e3o M\u00e9dica do Rio Grande do Sul (AMRIGS) com o Hospital Divina Provid\u00eancia. A programa\u00e7\u00e3o completa pode ser conferida no site\u00a0<a href=\"https:\/\/click.presskit.com.br\/url\/8748431048\/5558378aa34\" target=\"_blank\" rel=\"noreferrer noopener\" data-auth=\"NotApplicable\" data-linkindex=\"6\">https:\/\/best.med.br\/programacao-cientifica\/best<\/a><\/p>\n<hr \/>\n<h6><strong>PlayPress | AMRIGS |\u00a0Reda\u00e7\u00e3o: V\u00edtor Figueir\u00f3 -\u00a0Coordena\u00e7\u00e3o: Marcelo Matusiak | Foto:\u00a0V\u00edtor Figueir\u00f3\u00a0<\/strong><\/h6>\n<p><center><iframe loading=\"lazy\" class=\"jmvplayer\" src=\"https:\/\/player.jmvstream.com\/lvw\/YYGWo5wfZuZ8fEW7Qoq1ISwhLSEDhU\" width=\"640\" height=\"360\" frameborder=\"0\" allowfullscreen=\"allowfullscreen\"><\/iframe><\/center><\/p>\n<h6><\/h6>\n<\/div><\/div>","protected":false},"excerpt":{"rendered":"<p>Bariatric Endoscopic Surgery Trends - B.E.S.T, evento refer\u00eancia mundial em cirurgia bari\u00e1trica e endoscopia, retorna a Porto Alegre ap\u00f3s 15 anos e \"reinaugura\" Centro de Evento da AMRIGS Depois de 15 anos, o Bariatric Endoscopic Surgery Trends - B.E.S.T, evento refer\u00eancia mundial em cirurgias bari\u00e1tricas e endoscopia retornou a Porto Alegre. O primeiro dia de [&hellip;]<\/p>\n","protected":false},"author":4,"featured_media":48557,"comment_status":"open","ping_status":"open","sticky":false,"template":"","format":"standard","meta":{"footnotes":""},"categories":[1],"tags":[],"class_list":["post-48556","post","type-post","status-publish","format-standard","has-post-thumbnail","hentry","category-sem-categoria"],"_links":{"self":[{"href":"http:\/\/sol.fm.br\/radio\/wp-json\/wp\/v2\/posts\/48556","targetHints":{"allow":["GET"]}}],"collection":[{"href":"http:\/\/sol.fm.br\/radio\/wp-json\/wp\/v2\/posts"}],"about":[{"href":"http:\/\/sol.fm.br\/radio\/wp-json\/wp\/v2\/types\/post"}],"author":[{"embeddable":true,"href":"http:\/\/sol.fm.br\/radio\/wp-json\/wp\/v2\/users\/4"}],"replies":[{"embeddable":true,"href":"http:\/\/sol.fm.br\/radio\/wp-json\/wp\/v2\/comments?post=48556"}],"version-history":[{"count":1,"href":"http:\/\/sol.fm.br\/radio\/wp-json\/wp\/v2\/posts\/48556\/revisions"}],"predecessor-version":[{"id":48558,"href":"http:\/\/sol.fm.br\/radio\/wp-json\/wp\/v2\/posts\/48556\/revisions\/48558"}],"wp:featuredmedia":[{"embeddable":true,"href":"http:\/\/sol.fm.br\/radio\/wp-json\/wp\/v2\/media\/48557"}],"wp:attachment":[{"href":"http:\/\/sol.fm.br\/radio\/wp-json\/wp\/v2\/media?parent=48556"}],"wp:term":[{"taxonomy":"category","embeddable":true,"href":"http:\/\/sol.fm.br\/radio\/wp-json\/wp\/v2\/categories?post=48556"},{"taxonomy":"post_tag","embeddable":true,"href":"http:\/\/sol.fm.br\/radio\/wp-json\/wp\/v2\/tags?post=48556"}],"curies":[{"name":"wp","href":"https:\/\/api.w.org\/{rel}","templated":true}]}}