{"id":48559,"date":"2022-06-13T09:37:01","date_gmt":"2022-06-13T12:37:01","guid":{"rendered":"http:\/\/sol.fm.br\/radio\/?p=48559"},"modified":"2022-06-13T09:37:01","modified_gmt":"2022-06-13T12:37:01","slug":"numero-de-vagas-de-trabalho-disponibilizadas-nas-agencias-fgtas-sine-cresce-956-ate-abril-no-ano","status":"publish","type":"post","link":"http:\/\/sol.fm.br\/radio\/numero-de-vagas-de-trabalho-disponibilizadas-nas-agencias-fgtas-sine-cresce-956-ate-abril-no-ano\/","title":{"rendered":"N\u00famero de vagas de trabalho disponibilizadas nas ag\u00eancias FGTAS\/Sine cresce 95,6% at\u00e9 abril no ano"},"content":{"rendered":"<div id=\"dslc-theme-content\"><div id=\"dslc-theme-content-inner\"><p>O n\u00famero de vagas ofertadas nas ag\u00eancias FGTAS\/Sine de janeiro a abril de 2022 cresceu 95,6% em compara\u00e7\u00e3o ao mesmo per\u00edodo de 2021. O dado foi divulgado em live apresentada pelo secret\u00e1rio de Trabalho, Emprego e Renda, Hamilton Sossmeier, e pelo diretor-presidente da Funda\u00e7\u00e3o Ga\u00facha do Trabalho e A\u00e7\u00e3o Social (FGTAS), Rog\u00e9rio Grade, nesta sexta-feira (10\/6) por meio da p\u00e1gina da FGTAS\u00a0<strong><a href=\"https:\/\/pt-br.facebook.com\/fgtas.oficial\/\" target=\"_blank\" rel=\"noopener\">no Facebook<\/a><\/strong>.\u00a0Segundo Grade, as ag\u00eancias FGTAS\/Sine disp\u00f5em, hoje, de mais de 6,9 mil vagas abertas no RS.<\/p>\n<p>A intermedia\u00e7\u00e3o de m\u00e3o de obra \u00e9 um servi\u00e7o gratuito prestado nas ag\u00eancias, tanto para os empregadores quanto para os trabalhadores.<\/p>\n<p><strong>Acumulado do ano<\/strong><\/p>\n<p>De janeiro a abril de 2022, as ag\u00eancias FGTAS\/Sine ofertaram 41.943 vagas de trabalho no RS, enquanto no mesmo per\u00edodo de 2021 foram disponibilizadas 21.441 oportunidades. As unidades que apresentaram as maiores quantidades de vagas foram:<\/p>\n<p>\u2022 Porto Alegre Centro (4.716)<br \/>\n\u2022 Caxias do Sul (2.395)<br \/>\n\u2022 Triunfo - Polo Petroqu\u00edmico (1.528)<br \/>\n\u2022 Canoas (1.366)<br \/>\n\u2022 S\u00e3o Leopoldo (1.348)<br \/>\n\u2022 Ven\u00e2ncio Aires (1.186)<br \/>\n\u2022 Novo Hamburgo (1.164)<br \/>\n\u2022 Erechim (1.097)<br \/>\n\u2022 Santa Rosa (856)<br \/>\n\u2022 Campo Bom (817)<\/p>\n<p>Somente no m\u00eas de abril, as ag\u00eancias FGTAS\/Sine ofereceram 8.119 vagas de emprego no RS. Com rela\u00e7\u00e3o ao setor econ\u00f4mico, 37,6% das oportunidades pertenciam a servi\u00e7os; 23,5%, ao com\u00e9rcio; 23,2%, \u00e0 ind\u00fastria; 12,7%, \u00e0 constru\u00e7\u00e3o e 2,8%, \u00e0 agropecu\u00e1ria. As ocupa\u00e7\u00f5es com os maiores n\u00fameros de vagas eram alimentador de linha de produ\u00e7\u00e3o (717), eletricista de manuten\u00e7\u00e3o eletroeletr\u00f4nica (360), faxineiro (349), vendedor de com\u00e9rcio varejista (286) e operador de telemarketing receptivo (272).\u00a0Em rela\u00e7\u00e3o \u00e0 escolaridade, 30,6% exigiam Ensino M\u00e9dio completo e 19,8%, Fundamental completo. E 19,2% n\u00e3o exigiam escolaridade e 63,3% tamb\u00e9m n\u00e3o exigiam experi\u00eancia. A remunera\u00e7\u00e3o de 44,1% das oportunidades variava de 1,5 a 2 sal\u00e1rios m\u00ednimos e 21,5%, de 2 a 3 sal\u00e1rios m\u00ednimos.<\/p>\n<p><strong>Caged no acumulado at\u00e9 abril<\/strong><\/p>\n<p>Tamb\u00e9m foram apresentados os dados do Cadastro Geral de Empregados e Desempregados (Caged). Em todo o Estado, foram registrados 451.586 desligamentos e 513.953 admiss\u00f5es, totalizando saldo de 62.367 postos de trabalho de janeiro a abril. Apenas em abril, foram registrados 107.430 desligamentos e 116.369 admiss\u00f5es, totalizando saldo de 8.939 postos de trabalho no RS. Somente a agropecu\u00e1ria contabilizou saldo negativo (-1.810) no per\u00edodo. Os demais setores econ\u00f4micos tiveram saldo positivo: servi\u00e7os (5.143), constru\u00e7\u00e3o (1.923), ind\u00fastria (1.921) e com\u00e9rcio (1.762).<\/p>\n<hr \/>\n<h6><strong>GOV RS |\u00a0Texto: Ascom FGTAS |\u00a0Edi\u00e7\u00e3o: Secom\u00a0<\/strong><\/h6>\n<p><center><iframe loading=\"lazy\" class=\"jmvplayer\" src=\"https:\/\/player.jmvstream.com\/lvw\/YYGWo5wfZuZ8fEW7Qoq1ISwhLSEDhU\" width=\"640\" height=\"360\" frameborder=\"0\" allowfullscreen=\"allowfullscreen\"><\/iframe><\/center><\/p>\n<h6><\/h6>\n<\/div><\/div>","protected":false},"excerpt":{"rendered":"<p>O n\u00famero de vagas ofertadas nas ag\u00eancias FGTAS\/Sine de janeiro a abril de 2022 cresceu 95,6% em compara\u00e7\u00e3o ao mesmo per\u00edodo de 2021. O dado foi divulgado em live apresentada pelo secret\u00e1rio de Trabalho, Emprego e Renda, Hamilton Sossmeier, e pelo diretor-presidente da Funda\u00e7\u00e3o Ga\u00facha do Trabalho e A\u00e7\u00e3o Social (FGTAS), Rog\u00e9rio Grade, nesta sexta-feira [&hellip;]<\/p>\n","protected":false},"author":4,"featured_media":48560,"comment_status":"open","ping_status":"open","sticky":false,"template":"","format":"standard","meta":{"footnotes":""},"categories":[1],"tags":[],"class_list":["post-48559","post","type-post","status-publish","format-standard","has-post-thumbnail","hentry","category-sem-categoria"],"_links":{"self":[{"href":"http:\/\/sol.fm.br\/radio\/wp-json\/wp\/v2\/posts\/48559","targetHints":{"allow":["GET"]}}],"collection":[{"href":"http:\/\/sol.fm.br\/radio\/wp-json\/wp\/v2\/posts"}],"about":[{"href":"http:\/\/sol.fm.br\/radio\/wp-json\/wp\/v2\/types\/post"}],"author":[{"embeddable":true,"href":"http:\/\/sol.fm.br\/radio\/wp-json\/wp\/v2\/users\/4"}],"replies":[{"embeddable":true,"href":"http:\/\/sol.fm.br\/radio\/wp-json\/wp\/v2\/comments?post=48559"}],"version-history":[{"count":1,"href":"http:\/\/sol.fm.br\/radio\/wp-json\/wp\/v2\/posts\/48559\/revisions"}],"predecessor-version":[{"id":48561,"href":"http:\/\/sol.fm.br\/radio\/wp-json\/wp\/v2\/posts\/48559\/revisions\/48561"}],"wp:featuredmedia":[{"embeddable":true,"href":"http:\/\/sol.fm.br\/radio\/wp-json\/wp\/v2\/media\/48560"}],"wp:attachment":[{"href":"http:\/\/sol.fm.br\/radio\/wp-json\/wp\/v2\/media?parent=48559"}],"wp:term":[{"taxonomy":"category","embeddable":true,"href":"http:\/\/sol.fm.br\/radio\/wp-json\/wp\/v2\/categories?post=48559"},{"taxonomy":"post_tag","embeddable":true,"href":"http:\/\/sol.fm.br\/radio\/wp-json\/wp\/v2\/tags?post=48559"}],"curies":[{"name":"wp","href":"https:\/\/api.w.org\/{rel}","templated":true}]}}