{"id":48562,"date":"2022-06-13T10:20:53","date_gmt":"2022-06-13T13:20:53","guid":{"rendered":"http:\/\/sol.fm.br\/radio\/?p=48562"},"modified":"2022-06-13T10:20:53","modified_gmt":"2022-06-13T13:20:53","slug":"inscricoes-para-expositores-no-pavilhao-da-agricultura-familiar-na-expointer-abrem-nesta-segunda-13","status":"publish","type":"post","link":"http:\/\/sol.fm.br\/radio\/inscricoes-para-expositores-no-pavilhao-da-agricultura-familiar-na-expointer-abrem-nesta-segunda-13\/","title":{"rendered":"Inscri\u00e7\u00f5es para expositores no Pavilh\u00e3o da Agricultura Familiar na Expointer abrem nesta segunda (13)"},"content":{"rendered":"<div id=\"dslc-theme-content\"><div id=\"dslc-theme-content-inner\"><p>O per\u00edodo para as agroind\u00fastrias familiares, empreendimentos de flores e de artesanato fazerem as inscri\u00e7\u00f5es para a Feira da Agricultura Familiar na 45\u00aa Expointer come\u00e7a nesta segunda-feira (13\/6). O prazo se estende at\u00e9 o dia 30 de junho. Neste ano, a Expointer ocorre de 27 de agosto a 4 de setembro, no Parque de Exposi\u00e7\u00f5es Assis Brasil, em Esteio.<\/p>\n<p>Os empreendimentos devem se inscrever por meio das entidades representativas da agricultura familiar (Fetag\/RS, Fetraf ou Via Campesina) e nos escrit\u00f3rios municipais da Emater\/RS-Ascar, conveniada da Secretaria da Agricultura, Pecu\u00e1ria e Desenvolvimento Rural (Seapdr). Para participar, as agroind\u00fastrias devem estar inclu\u00eddas no Programa Estadual da Agroind\u00fastria Familiar (Peaf), com regulariza\u00e7\u00e3o ambiental, sanit\u00e1ria e tribut\u00e1ria. O empreendedor dever\u00e1 tamb\u00e9m apresentar no processo de inscri\u00e7\u00e3o o extrato da Declara\u00e7\u00e3o de Aptid\u00e3o ao Pronaf (DAP) e um licenciamento sanit\u00e1rio v\u00e1lido e atualizado.<\/p>\n<p><em>\u201cO pavilh\u00e3o da agricultura familiar na Expointer atrai muitos visitantes. \u00c9 um espa\u00e7o de intera\u00e7\u00e3o entre os produtores e consumidores, apresentando a variedade e qualidade dos produtos da agricultura familiar\u201d<\/em>, afirma Bruna Fogiato, diretora do Departamento de Agricultura Familiar e Agroind\u00fastria (Dafa) da Seapdr. Segundo Bruna, mesmo com a restri\u00e7\u00e3o de p\u00fablico na feira do ano passado, as vendas alcan\u00e7aram um bom resultado.<em> \u201cPara este ano, as expectativas s\u00e3o as melhores, iremos retornar com os sete mil metros quadrados do pavilh\u00e3o, preenchidos com as agroind\u00fastrias e os demais empreendimentos\u201d<\/em>, diz.<\/p>\n<p>No ano passado, a agricultura familiar comercializou R$ 2,82 milh\u00f5es em produtos coloniais, plantas e artesanato, mesmo com redu\u00e7\u00e3o de p\u00fablico e de expositores em fun\u00e7\u00e3o das restri\u00e7\u00f5es sanit\u00e1rias na Expointer. Foram 228 expositores em 210 estandes.<\/p>\n<p>Para este ano, devem ser oferecidos alimentos org\u00e2nicos, artesanato, queijos e embutidos, vinhos e espumantes, produtos de agroind\u00fastrias, entre outros. O tradicional Concurso de Produtos da Agroind\u00fastria Familiar deve ser realizado com a inclus\u00e3o de algumas novas categorias. E a Cozinha Show, organizada pela Emater, tamb\u00e9m deve ser retomada.<\/p>\n<p>O Pavilh\u00e3o da Agricultura Familiar na Expointer \u00e9 organizado por Seapdr, Federa\u00e7\u00e3o dos Trabalhadores na Agricultura no Rio Grande do Sul (Fetag\/RS), Federa\u00e7\u00e3o dos Trabalhadores na Agricultura Familiar da Regi\u00e3o Sul (Fetraf\/RS), Emater-RS-Ascar, Via Campesina e Minist\u00e9rio da Agricultura, Pecu\u00e1ria e Abastecimento (Mapa).<\/p>\n<hr \/>\n<h6><strong>GOV RS |\u00a0Texto: Ascom Seapdr |\u00a0Edi\u00e7\u00e3o: Secom |\u00a0Foto: Fernando Dias \/ Seapdr \/ Arquivo\u00a0<\/strong><\/h6>\n<p><center><iframe loading=\"lazy\" class=\"jmvplayer\" src=\"https:\/\/player.jmvstream.com\/lvw\/YYGWo5wfZuZ8fEW7Qoq1ISwhLSEDhU\" width=\"640\" height=\"360\" frameborder=\"0\" allowfullscreen=\"allowfullscreen\"><\/iframe><\/center><\/p>\n<h6><\/h6>\n<\/div><\/div>","protected":false},"excerpt":{"rendered":"<p>O per\u00edodo para as agroind\u00fastrias familiares, empreendimentos de flores e de artesanato fazerem as inscri\u00e7\u00f5es para a Feira da Agricultura Familiar na 45\u00aa Expointer come\u00e7a nesta segunda-feira (13\/6). O prazo se estende at\u00e9 o dia 30 de junho. Neste ano, a Expointer ocorre de 27 de agosto a 4 de setembro, no Parque de Exposi\u00e7\u00f5es [&hellip;]<\/p>\n","protected":false},"author":4,"featured_media":48563,"comment_status":"open","ping_status":"open","sticky":false,"template":"","format":"standard","meta":{"footnotes":""},"categories":[1],"tags":[],"class_list":["post-48562","post","type-post","status-publish","format-standard","has-post-thumbnail","hentry","category-sem-categoria"],"_links":{"self":[{"href":"http:\/\/sol.fm.br\/radio\/wp-json\/wp\/v2\/posts\/48562","targetHints":{"allow":["GET"]}}],"collection":[{"href":"http:\/\/sol.fm.br\/radio\/wp-json\/wp\/v2\/posts"}],"about":[{"href":"http:\/\/sol.fm.br\/radio\/wp-json\/wp\/v2\/types\/post"}],"author":[{"embeddable":true,"href":"http:\/\/sol.fm.br\/radio\/wp-json\/wp\/v2\/users\/4"}],"replies":[{"embeddable":true,"href":"http:\/\/sol.fm.br\/radio\/wp-json\/wp\/v2\/comments?post=48562"}],"version-history":[{"count":1,"href":"http:\/\/sol.fm.br\/radio\/wp-json\/wp\/v2\/posts\/48562\/revisions"}],"predecessor-version":[{"id":48564,"href":"http:\/\/sol.fm.br\/radio\/wp-json\/wp\/v2\/posts\/48562\/revisions\/48564"}],"wp:featuredmedia":[{"embeddable":true,"href":"http:\/\/sol.fm.br\/radio\/wp-json\/wp\/v2\/media\/48563"}],"wp:attachment":[{"href":"http:\/\/sol.fm.br\/radio\/wp-json\/wp\/v2\/media?parent=48562"}],"wp:term":[{"taxonomy":"category","embeddable":true,"href":"http:\/\/sol.fm.br\/radio\/wp-json\/wp\/v2\/categories?post=48562"},{"taxonomy":"post_tag","embeddable":true,"href":"http:\/\/sol.fm.br\/radio\/wp-json\/wp\/v2\/tags?post=48562"}],"curies":[{"name":"wp","href":"https:\/\/api.w.org\/{rel}","templated":true}]}}