{"id":48565,"date":"2022-06-13T10:22:59","date_gmt":"2022-06-13T13:22:59","guid":{"rendered":"http:\/\/sol.fm.br\/radio\/?p=48565"},"modified":"2022-06-13T10:22:59","modified_gmt":"2022-06-13T13:22:59","slug":"termina-na-proxima-sexta-17-o-prazo-para-pedidos-do-programa-troca-troca-de-sementes","status":"publish","type":"post","link":"http:\/\/sol.fm.br\/radio\/termina-na-proxima-sexta-17-o-prazo-para-pedidos-do-programa-troca-troca-de-sementes\/","title":{"rendered":"Termina na pr\u00f3xima sexta (17) o prazo para pedidos do Programa Troca-Troca de Sementes"},"content":{"rendered":"<div id=\"dslc-theme-content\"><div id=\"dslc-theme-content-inner\"><p>Produtores t\u00eam at\u00e9 a pr\u00f3xima sexta-feira (17\/6) para fazer a reserva de sementes para a etapa safra do Programa Troca-Troca de Sementes de Milho e Sorgo da Secretaria da Agricultura, Pecu\u00e1ria e Desenvolvimento Rural (Seapdr). O programa est\u00e1 disponibilizando 38 cultivares, sendo 12 de milho h\u00edbrido convencional, 19 cultivares de milho h\u00edbrido transg\u00eanico e sete de sorgo.<\/p>\n<p>At\u00e9 o momento, 80 mil sacas de sementes de milho e sorgo j\u00e1 foram reservadas por 24,5 mil agricultores de 408 entidades, entre prefeituras, sindicatos, associa\u00e7\u00f5es e cooperativas do Estado.<\/p>\n<p><em>\u201cO programa ainda tem estoques dispon\u00edveis e d\u00e1 tempo para os agricultores procurarem suas prefeituras e sindicatos para fazerem a reserva das sementes de milho e\/ou sorgo\u201d<\/em>,afirma Jonas Wesz, coordenador do Programa Troca-Troca de Sementes. Segundo ele, o programa \u00e9 uma excelente op\u00e7\u00e3o para os agricultores que buscam reduzir seu custo de produ\u00e7\u00e3o mantendo a qualidade do insumo semente.<\/p>\n<p><strong>Saiba mais<\/strong>:<\/p>\n<p>\u2022 Os pedidos de sementes para a safra v\u00e3o at\u00e9 17 de junho e para a safrinha, entre 20 e 24 de junho.<\/p>\n<p>\u2022 Os escrit\u00f3rios municipais da Emater-RS\/Ascar v\u00e3o estar \u00e0 disposi\u00e7\u00e3o dos agricultores e das entidades para orientar sobre a cultivar mais adequada para o plantio.<\/p>\n<p>\u2022 A entrega das sementes para a safra ser\u00e1 feita nos meses de julho\/agosto\/setembro e da safrinha em novembro\/dezembro. O pagamento da parcela transg\u00eanica \u00e9 feito antes da entrega da semente. O restante dos valores tem subs\u00eddio de 28%, financiado pelo governo do estado, e ser\u00e1 pago pelos agricultores em 2023.<\/p>\n<p>\u2022 Mais informa\u00e7\u00f5es em\u00a0<strong><a href=\"https:\/\/www.agricultura.rs.gov.br\/troca-troca-de-sementes\" target=\"_blank\" rel=\"noopener\">\u00a0https:\/\/www.agricultura.rs.gov.br\/troca-troca-de-sementes<\/a><\/strong><\/p>\n<hr \/>\n<h6><strong>GOV RS |\u00a0Texto: Ascom Seapdr |\u00a0Edi\u00e7\u00e3o: Secom |\u00a0Foto: Fernando Dias \/ Seapdr\u00a0<\/strong><\/h6>\n<p><center><iframe loading=\"lazy\" class=\"jmvplayer\" src=\"https:\/\/player.jmvstream.com\/lvw\/YYGWo5wfZuZ8fEW7Qoq1ISwhLSEDhU\" width=\"640\" height=\"360\" frameborder=\"0\" allowfullscreen=\"allowfullscreen\"><\/iframe><\/center><\/p>\n<h6><\/h6>\n<\/div><\/div>","protected":false},"excerpt":{"rendered":"<p>Produtores t\u00eam at\u00e9 a pr\u00f3xima sexta-feira (17\/6) para fazer a reserva de sementes para a etapa safra do Programa Troca-Troca de Sementes de Milho e Sorgo da Secretaria da Agricultura, Pecu\u00e1ria e Desenvolvimento Rural (Seapdr). O programa est\u00e1 disponibilizando 38 cultivares, sendo 12 de milho h\u00edbrido convencional, 19 cultivares de milho h\u00edbrido transg\u00eanico e sete [&hellip;]<\/p>\n","protected":false},"author":4,"featured_media":48566,"comment_status":"open","ping_status":"open","sticky":false,"template":"","format":"standard","meta":{"footnotes":""},"categories":[1],"tags":[],"class_list":["post-48565","post","type-post","status-publish","format-standard","has-post-thumbnail","hentry","category-sem-categoria"],"_links":{"self":[{"href":"http:\/\/sol.fm.br\/radio\/wp-json\/wp\/v2\/posts\/48565","targetHints":{"allow":["GET"]}}],"collection":[{"href":"http:\/\/sol.fm.br\/radio\/wp-json\/wp\/v2\/posts"}],"about":[{"href":"http:\/\/sol.fm.br\/radio\/wp-json\/wp\/v2\/types\/post"}],"author":[{"embeddable":true,"href":"http:\/\/sol.fm.br\/radio\/wp-json\/wp\/v2\/users\/4"}],"replies":[{"embeddable":true,"href":"http:\/\/sol.fm.br\/radio\/wp-json\/wp\/v2\/comments?post=48565"}],"version-history":[{"count":1,"href":"http:\/\/sol.fm.br\/radio\/wp-json\/wp\/v2\/posts\/48565\/revisions"}],"predecessor-version":[{"id":48567,"href":"http:\/\/sol.fm.br\/radio\/wp-json\/wp\/v2\/posts\/48565\/revisions\/48567"}],"wp:featuredmedia":[{"embeddable":true,"href":"http:\/\/sol.fm.br\/radio\/wp-json\/wp\/v2\/media\/48566"}],"wp:attachment":[{"href":"http:\/\/sol.fm.br\/radio\/wp-json\/wp\/v2\/media?parent=48565"}],"wp:term":[{"taxonomy":"category","embeddable":true,"href":"http:\/\/sol.fm.br\/radio\/wp-json\/wp\/v2\/categories?post=48565"},{"taxonomy":"post_tag","embeddable":true,"href":"http:\/\/sol.fm.br\/radio\/wp-json\/wp\/v2\/tags?post=48565"}],"curies":[{"name":"wp","href":"https:\/\/api.w.org\/{rel}","templated":true}]}}