{"id":48571,"date":"2022-06-13T10:42:03","date_gmt":"2022-06-13T13:42:03","guid":{"rendered":"http:\/\/sol.fm.br\/radio\/?p=48571"},"modified":"2022-06-13T10:42:03","modified_gmt":"2022-06-13T13:42:03","slug":"usuarios-manifestam-temor-de-privatizacao-do-ipe-saude-em-audiencia-publica-em-santa-maria","status":"publish","type":"post","link":"http:\/\/sol.fm.br\/radio\/usuarios-manifestam-temor-de-privatizacao-do-ipe-saude-em-audiencia-publica-em-santa-maria\/","title":{"rendered":"Usu\u00e1rios manifestam temor de privatiza\u00e7\u00e3o do IPE-Sa\u00fade em audi\u00eancia p\u00fablica em Santa Maria"},"content":{"rendered":"<div id=\"dslc-theme-content\"><div id=\"dslc-theme-content-inner\"><p>A Assembleia Legislativa promoveu, na noite da \u00faltima sexta-feira (10) em Santa Maria, por meio do F\u00f3rum Democr\u00e1tico do Desenvolvimento Regional, uma audi\u00eancia p\u00fablica para discutir a crise do IPE-Sa\u00fade. O encontro ocorreu na C\u00e2mara de Vereadores e contou com a participa\u00e7\u00e3o do presidente do parlamento ga\u00facho, Valdeci Oliveira (PT), al\u00e9m de lideran\u00e7as e servidores p\u00fablicos de diversos munic\u00edpios da Regi\u00e3o Central.<\/p>\n<p>O presidente do IPE, Bruno Jatene, iria se manifestar por meio virtual, mas n\u00e3o participou do debate, pois, momentos antes do in\u00edcio do encontro, recebeu a not\u00edcia de que sua esposa e filho sofreram um acidente de carro.<\/p>\n<p><strong>Descredenciamento<\/strong><br \/>\nRespons\u00e1vel pelo atendimento de mais de um milh\u00e3o de ga\u00fachos, o IPE-Sa\u00fade enfrenta amea\u00e7a de descredenciamento de pelo menos 40 hospitais. Eles alegam que o reajuste do valor dos servi\u00e7os prestados, anunciado pelo instituto, n\u00e3o compensa as perdas que v\u00eam sofrendo e que o aporte de recursos oferecido pelo governo cobre pouco mais de 10% do total da d\u00edvida acumulada pelo estado com estes estabelecimentos.<\/p>\n<p>Valdeci alertou que o impacto do descredenciamento n\u00e3o dever\u00e1 se restringir aos usu\u00e1rios do IPE, mas atingir todo o sistema p\u00fablico de sa\u00fade do Rio Grande do Sul. <em>\u201cO descredenciamento poder\u00e1 gerar a migra\u00e7\u00e3o de significativa parcela da popula\u00e7\u00e3o para o SUS, que desde 2016 vem perdendo recursos e, mesmo assim, sendo pressionado por conta da pandemia\u201d,<\/em> advertiu.<\/p>\n<p>O presidente do Parlamento afirmou ainda que n\u00e3o \u00e9 poss\u00edvel admitir que a responsabilidade pela crise recaia sobre <em>\u201caqueles que todo o m\u00eas pagam religiosamente as mensalidades\u201d.<\/em> <em>\u201cA sa\u00edda tem que ser rigorosamente profissional. Hoje, o IPE n\u00e3o conta com quadro funcional para atender a demanda e troca de dire\u00e7\u00e3o a todo o momento. N\u00e3o h\u00e1 como dar certo. O instituto precisa ser alvo de uma pol\u00edtica de estado e ter uma gest\u00e3o profissionalizada\u201d<\/em>, defendeu.<\/p>\n<p><strong>Reclama\u00e7\u00f5es e cr\u00edticas<\/strong><br \/>\nA audi\u00eancia foi marcada por fortes cr\u00edticas ao governo do estado e \u00e0 gest\u00e3o do IPE. Usu\u00e1rios se revezaram no microfone para apontar o que consideram irregularidades, injusti\u00e7as e humilha\u00e7\u00f5es e denunciar situa\u00e7\u00f5es, como dificuldade para conseguir atendimento m\u00e9dico, cobran\u00e7as \u201cpor fora\u201d e inexist\u00eancia de postos de atendimento presencial. Al\u00e9m disso, o temor de que o instituto seja privatizado perpassou todas as manifesta\u00e7\u00f5es. <em>\u201cTudo aponta para a privatiza\u00e7\u00e3o. Est\u00e3o fazendo com o IPE o mesmo que fizeram com outras empresas p\u00fablicas, ou seja, primeiro sucatearam e depois venderam\u201d<\/em>, afirmou a professora Sandra Azevedo.<\/p>\n<p>O presidente da Associa\u00e7\u00e3o Beneficente Ant\u00f4nio Mendes Filho da Brigada Militar (ABAMF), Clemente Corr\u00eaa, disse que os <em>\u201cusu\u00e1rios est\u00e3o mendigando para serem atendidos, depois de ter contribu\u00eddo a vida inteira\u201d<\/em>. <em>\u201cEstamos vendo uma estrat\u00e9gia para encaminhar para a privatiza\u00e7\u00e3o. \u00c9 deprimente. Sem falar que aumentaram o PAME e o PAC em 12%, mas nosso reajuste foi uma migalha\u201d<\/em>, revelou.<\/p>\n<p>Outro tema levantado foi a necessidade de realiza\u00e7\u00e3o de uma auditoria no instituto. A ideia contou com a simpatia do presidente da Assembleia, que sugeriu que o Minist\u00e9rio P\u00fablico provocasse o Tribunal de Contas do Estado (TCE) para adotar a medida.<\/p>\n<p>A representante do Minist\u00e9rio P\u00fablico, Giani Saad, detalhou as a\u00e7\u00f5es de media\u00e7\u00e3o que v\u00eam sendo realizadas pelo \u00f3rg\u00e3o e revelou que o MP <em>\u201cconseguiu num primeiro momento evitar a paralisa\u00e7\u00e3o dos servi\u00e7os\u201d<\/em> e agora trabalha para a reestrutura\u00e7\u00e3o do instituto e para assegurar os direitos do usu\u00e1rios.<\/p>\n<p>O F\u00f3rum Democr\u00e1tico ir\u00e1 produzir um documento com a s\u00edntese de todas as manifesta\u00e7\u00f5es realizadas durante a audi\u00eancia p\u00fablica para ser encaminhado \u00e0 dire\u00e7\u00e3o do IPE, Casa Civil e deputados.<\/p>\n<hr \/>\n<h6><strong>Assembleia Legislativa do RS| Ag\u00eancia de Not\u00edcias ALRS |\u00a0Edi\u00e7\u00e3o: Sheyla Scardoelli |\u00a0Foto: Joaquim Moura\u00a0<\/strong><\/h6>\n<p><center><iframe loading=\"lazy\" class=\"jmvplayer\" src=\"https:\/\/player.jmvstream.com\/lvw\/YYGWo5wfZuZ8fEW7Qoq1ISwhLSEDhU\" width=\"640\" height=\"360\" frameborder=\"0\" allowfullscreen=\"allowfullscreen\"><\/iframe><\/center><\/p>\n<h6><\/h6>\n<\/div><\/div>","protected":false},"excerpt":{"rendered":"<p>A Assembleia Legislativa promoveu, na noite da \u00faltima sexta-feira (10) em Santa Maria, por meio do F\u00f3rum Democr\u00e1tico do Desenvolvimento Regional, uma audi\u00eancia p\u00fablica para discutir a crise do IPE-Sa\u00fade. O encontro ocorreu na C\u00e2mara de Vereadores e contou com a participa\u00e7\u00e3o do presidente do parlamento ga\u00facho, Valdeci Oliveira (PT), al\u00e9m de lideran\u00e7as e servidores [&hellip;]<\/p>\n","protected":false},"author":4,"featured_media":48572,"comment_status":"open","ping_status":"open","sticky":false,"template":"","format":"standard","meta":{"footnotes":""},"categories":[1],"tags":[],"class_list":["post-48571","post","type-post","status-publish","format-standard","has-post-thumbnail","hentry","category-sem-categoria"],"_links":{"self":[{"href":"http:\/\/sol.fm.br\/radio\/wp-json\/wp\/v2\/posts\/48571","targetHints":{"allow":["GET"]}}],"collection":[{"href":"http:\/\/sol.fm.br\/radio\/wp-json\/wp\/v2\/posts"}],"about":[{"href":"http:\/\/sol.fm.br\/radio\/wp-json\/wp\/v2\/types\/post"}],"author":[{"embeddable":true,"href":"http:\/\/sol.fm.br\/radio\/wp-json\/wp\/v2\/users\/4"}],"replies":[{"embeddable":true,"href":"http:\/\/sol.fm.br\/radio\/wp-json\/wp\/v2\/comments?post=48571"}],"version-history":[{"count":1,"href":"http:\/\/sol.fm.br\/radio\/wp-json\/wp\/v2\/posts\/48571\/revisions"}],"predecessor-version":[{"id":48573,"href":"http:\/\/sol.fm.br\/radio\/wp-json\/wp\/v2\/posts\/48571\/revisions\/48573"}],"wp:featuredmedia":[{"embeddable":true,"href":"http:\/\/sol.fm.br\/radio\/wp-json\/wp\/v2\/media\/48572"}],"wp:attachment":[{"href":"http:\/\/sol.fm.br\/radio\/wp-json\/wp\/v2\/media?parent=48571"}],"wp:term":[{"taxonomy":"category","embeddable":true,"href":"http:\/\/sol.fm.br\/radio\/wp-json\/wp\/v2\/categories?post=48571"},{"taxonomy":"post_tag","embeddable":true,"href":"http:\/\/sol.fm.br\/radio\/wp-json\/wp\/v2\/tags?post=48571"}],"curies":[{"name":"wp","href":"https:\/\/api.w.org\/{rel}","templated":true}]}}