{"id":48574,"date":"2022-06-13T10:48:04","date_gmt":"2022-06-13T13:48:04","guid":{"rendered":"http:\/\/sol.fm.br\/radio\/?p=48574"},"modified":"2022-06-13T10:48:04","modified_gmt":"2022-06-13T13:48:04","slug":"transposul-comeca-nesta-segunda-feira-13-06-com-projecao-de-movimentar-mais-de-r-1-bilhao-em-negocios","status":"publish","type":"post","link":"http:\/\/sol.fm.br\/radio\/transposul-comeca-nesta-segunda-feira-13-06-com-projecao-de-movimentar-mais-de-r-1-bilhao-em-negocios\/","title":{"rendered":"TranspoSul come\u00e7a nesta segunda-feira (13\/06) com proje\u00e7\u00e3o de movimentar mais de R$ 1 bilh\u00e3o em neg\u00f3cios"},"content":{"rendered":"<div id=\"dslc-theme-content\"><div id=\"dslc-theme-content-inner\"><p><em>Grande presen\u00e7a de visitantes \u00e9 esperada nos quatro dias de evento na FIERGS, sendo aguardadas mais de 14 mil pessoas<\/em><\/p>\n<p>O segmento de transporte e log\u00edstica vive com grande expectativa a 22\u00aa TranspoSul \u2013 Feira e Congresso de Transporte e Log\u00edstica, evento que retoma sua realiza\u00e7\u00e3o, ap\u00f3s dois anos de suspens\u00e3o por conta da pandemia. Empresas e profissionais renomados dos diversos setores estar\u00e3o reunidos no Centro de Eventos da FIERGS, em Porto Alegre (RS). A programa\u00e7\u00e3o inicia nesta segunda-feira (13\/06) e vai at\u00e9 a quinta-feira (16\/05).<\/p>\n<p>Segundo o presidente do SETCERGS, S\u00e9rgio Gabardo, a expectativa \u00e9 grande, pois o contato direto com os grandes fabricantes do setor favorece os bons neg\u00f3cios.<\/p>\n<p><em>\"N\u00f3s vamos ter um ano de grandes mudan\u00e7as e, na TranspoSul, o p\u00fablico ter\u00e1 a oportunidade de ver essas novas tecnologias de perto\",<\/em> salienta Gabardo.<\/p>\n<p>Os grandes fabricantes apresentam no espa\u00e7o de exposi\u00e7\u00e3o o que h\u00e1 de mais moderno e importante em transporte, gest\u00e3o de frotas, pe\u00e7as, manuten\u00e7\u00e3o, servi\u00e7os e inova\u00e7\u00f5es que facilitam a vida do empres\u00e1rio e dos profissionais. O \u00faltimo ano foi ainda conturbado pela crise pand\u00eamica gerada pela covid-19 e seus reflexos. Em contrapartida, provocou uma acelera\u00e7\u00e3o dos servi\u00e7os, da tecnologia e do crescimento no setor de transporte de cargas e log\u00edstica. Apenas no primeiro quadrimestre deste ano, o segmento no Brasil teve um aumento de 38% em compara\u00e7\u00e3o ao mesmo per\u00edodo de 2020 de acordo com o \u00cdndice de Movimenta\u00e7\u00e3o de Cargas do Brasil divulgado pela AT&amp;M.<\/p>\n<p>Os temas mais importantes estar\u00e3o em pauta no Congresso que ocorre no audit\u00f3rio principal e salas paralelas. A programa\u00e7\u00e3o traz grandes nomes como Rafael Terra, Juiz Marlos Melek, Lauro Vald\u00edvia e outros.<\/p>\n<p><strong>A 22\u00aa TranspoSul<\/strong> \u2013 Feira e Congresso de Transporte e Log\u00edstica reunir\u00e1 as grandes marcas fabricantes de caminh\u00f5es e de diversos setores que envolvem o transporte e a log\u00edstica entre os dias 13 a 16 de junho das 13 \u00e0s 20h, na Fiergs, em Porto Alegre (RS). A inscri\u00e7\u00e3o \u00e9 gratuita e pode ser feita no site <a href=\"http:\/\/transposul.com\/\">www.transposul.com.br<\/a>.<\/p>\n<p><strong>Servi\u00e7o<\/strong><\/p>\n<p>Datas: de 13 a 16 de junho<br \/>\nHor\u00e1rio: 13h \u00e0s 20h<br \/>\nLocal: FIERGS - Porto Alegre<\/p>\n<hr \/>\n<h6><strong>PlayPress | TranspoSul |\u00a0Reda\u00e7\u00e3o e coordena\u00e7\u00e3o: Marcelo Matusiak | Foto:\u00a0Guilherme Gargioni\u00a0<\/strong><\/h6>\n<p><center><iframe loading=\"lazy\" class=\"jmvplayer\" src=\"https:\/\/player.jmvstream.com\/lvw\/YYGWo5wfZuZ8fEW7Qoq1ISwhLSEDhU\" width=\"640\" height=\"360\" frameborder=\"0\" allowfullscreen=\"allowfullscreen\"><\/iframe><\/center><\/p>\n<h6><\/h6>\n<\/div><\/div>","protected":false},"excerpt":{"rendered":"<p>Grande presen\u00e7a de visitantes \u00e9 esperada nos quatro dias de evento na FIERGS, sendo aguardadas mais de 14 mil pessoas O segmento de transporte e log\u00edstica vive com grande expectativa a 22\u00aa TranspoSul \u2013 Feira e Congresso de Transporte e Log\u00edstica, evento que retoma sua realiza\u00e7\u00e3o, ap\u00f3s dois anos de suspens\u00e3o por conta da pandemia. [&hellip;]<\/p>\n","protected":false},"author":4,"featured_media":48575,"comment_status":"open","ping_status":"open","sticky":false,"template":"","format":"standard","meta":{"footnotes":""},"categories":[1],"tags":[],"class_list":["post-48574","post","type-post","status-publish","format-standard","has-post-thumbnail","hentry","category-sem-categoria"],"_links":{"self":[{"href":"http:\/\/sol.fm.br\/radio\/wp-json\/wp\/v2\/posts\/48574","targetHints":{"allow":["GET"]}}],"collection":[{"href":"http:\/\/sol.fm.br\/radio\/wp-json\/wp\/v2\/posts"}],"about":[{"href":"http:\/\/sol.fm.br\/radio\/wp-json\/wp\/v2\/types\/post"}],"author":[{"embeddable":true,"href":"http:\/\/sol.fm.br\/radio\/wp-json\/wp\/v2\/users\/4"}],"replies":[{"embeddable":true,"href":"http:\/\/sol.fm.br\/radio\/wp-json\/wp\/v2\/comments?post=48574"}],"version-history":[{"count":1,"href":"http:\/\/sol.fm.br\/radio\/wp-json\/wp\/v2\/posts\/48574\/revisions"}],"predecessor-version":[{"id":48576,"href":"http:\/\/sol.fm.br\/radio\/wp-json\/wp\/v2\/posts\/48574\/revisions\/48576"}],"wp:featuredmedia":[{"embeddable":true,"href":"http:\/\/sol.fm.br\/radio\/wp-json\/wp\/v2\/media\/48575"}],"wp:attachment":[{"href":"http:\/\/sol.fm.br\/radio\/wp-json\/wp\/v2\/media?parent=48574"}],"wp:term":[{"taxonomy":"category","embeddable":true,"href":"http:\/\/sol.fm.br\/radio\/wp-json\/wp\/v2\/categories?post=48574"},{"taxonomy":"post_tag","embeddable":true,"href":"http:\/\/sol.fm.br\/radio\/wp-json\/wp\/v2\/tags?post=48574"}],"curies":[{"name":"wp","href":"https:\/\/api.w.org\/{rel}","templated":true}]}}