{"id":48583,"date":"2022-06-13T14:14:15","date_gmt":"2022-06-13T17:14:15","guid":{"rendered":"http:\/\/sol.fm.br\/radio\/?p=48583"},"modified":"2022-06-13T14:14:15","modified_gmt":"2022-06-13T17:14:15","slug":"novo-plano-safra-chegando-e-hora-antecipar-a-atualizacao-de-dados-e-documentos","status":"publish","type":"post","link":"http:\/\/sol.fm.br\/radio\/novo-plano-safra-chegando-e-hora-antecipar-a-atualizacao-de-dados-e-documentos\/","title":{"rendered":"Novo Plano Safra chegando, \u00e9 hora antecipar a atualiza\u00e7\u00e3o de dados e documentos"},"content":{"rendered":"<div id=\"dslc-theme-content\"><div id=\"dslc-theme-content-inner\"><p><em>Lan\u00e7amento do Governo Federal \u00e9 aguardado com grande expectativa por agricultores de todo pa\u00eds. O gerente de Agroneg\u00f3cio do Sicoob MaxiCr\u00e9dito, Luiz Miguel Dal Piva, orienta sobre quais medidas devem ser adotadas para evitar atrasos e contratempos na hora da solicita\u00e7\u00e3o<\/em><\/p>\n<p>O lan\u00e7amento do Plano Safra \u00e9 sempre um momento de muita expectativa para produtores rurais de todo pa\u00eds. Historicamente ele \u00e9 lan\u00e7ado no dia 1\u00ba de julho. E como estamos nos aproximando da virada do ano-safra, o gerente de Agroneg\u00f3cio do Sicoob MaxiCr\u00e9dito, Luiz Miguel Dal Piva, d\u00e1 algumas orienta\u00e7\u00f5es importantes para os agricultores que est\u00e3o esperando a libera\u00e7\u00e3o das novas linhas de cr\u00e9dito.<br \/>\nA principal delas \u00e9 que os associados aproveitem esse momento pr\u00e9-lan\u00e7amento, para antecipar a atualiza\u00e7\u00e3o de seus dados, cadastros e documentos, para evitar contratempos quando o per\u00edodo das contrata\u00e7\u00f5es estiver aberto.<br \/>\n<em>\u201cBusque informa\u00e7\u00f5es sobre quais documentos est\u00e3o desatualizados e fa\u00e7am as regulariza\u00e7\u00f5es, mantendo o cadastro renovado e documenta\u00e7\u00e3o em dia\u201d<\/em>, recomenda Dal Piva, enfatizando a import\u00e2ncia da atualiza\u00e7\u00e3o da Declara\u00e7\u00e3o de Aptid\u00e3o ao Pronaf (DAF), matr\u00edculas do im\u00f3vel, ITR, comprovantes de renda atualizados, entre outros.<br \/>\n<em>\u201cFazendo isso agora, ganhamos tempo para agilizar o encaminhamento dos projetos para obten\u00e7\u00e3o de recursos das linhas disponibilizadas, tanto para melhorias na propriedade quanto para custeio das produ\u00e7\u00f5es\u201d.<\/em><\/p>\n<p><strong>Demandas represadas<\/strong><\/p>\n<p>Desde o in\u00edcio do ano, algumas linhas de cr\u00e9dito para o agro ficaram escassas, por isso muitas demandas ficaram represadas. O que pode provocar gargalos nas contrata\u00e7\u00f5es a partir do momento que as linhas e recursos do novo Plano Safra estiverem dispon\u00edveis.<br \/>\n<em>\u201cPor isso refor\u00e7amos a import\u00e2ncia de ter toda documenta\u00e7\u00e3o em dia, o planejamento das prioridades da propriedade para o ano, para que quando as linhas estiverem dispon\u00edveis, consigamos dar sequ\u00eancia aos pedidos com agilidade e no menor tempo poss\u00edvel\u201d<\/em>, refor\u00e7a Dal Piva.<br \/>\nO Governo ainda n\u00e3o fez a divulga\u00e7\u00e3o das linhas, taxas e condi\u00e7\u00f5es do Plano Safra 2022\/2023, que \u00e9 esperado para pr\u00f3ximo do in\u00edcio do m\u00eas de julho. <em>\u201cSeguimos acompanhando as m\u00eddias do governo para, t\u00e3o logo seja poss\u00edvel, termos as informa\u00e7\u00f5es necess\u00e1rias para repassar aos associados\u201d<\/em>, complementa.Ainda segundo Dal Piva, o Sicoob MaxiCr\u00e9dito registrou um aumento de 23% em valores contratados durante o Plano Safra 2021-2022 em compara\u00e7\u00e3o com o ano anterior.<\/p>\n<p><strong>O Sicoob MaxiCr\u00e9dito<\/strong><\/p>\n<p>O Sicoob Maxicr\u00e9dito, possui um portf\u00f3lio amplo com linhas de cr\u00e9dito para o agroneg\u00f3cio, que v\u00e3o desde custeios no Pronaf, Pronamp, demais produtores e o RPL (Recurso Pr\u00f3prio Livre), at\u00e9 linhas de investimentos a longo e m\u00e9dio prazo, al\u00e9m das linhas ofertadas atrav\u00e9s do BNDES, entre elas, Inovagro, Moderagro, Moderfrota Pronaf e Pronamp e outras op\u00e7\u00f5es.<br \/>\nA Cooperativa conta com 99 ag\u00eancias de portas abertas para atender os associados, espalhadas pela regi\u00e3o Oeste, Vale do Itaja\u00ed e Litoral de Santa Catarina e tamb\u00e9m na regi\u00e3o do Vale dos Sinos, Paranhana, Ca\u00ed e na Serra Ga\u00facha.<\/p>\n<hr \/>\n<h6><strong>Assessoria de Imprensa - Sicoob MaxiCr\u00e9dito\u00a0<\/strong><\/h6>\n<p><center><iframe loading=\"lazy\" class=\"jmvplayer\" src=\"https:\/\/player.jmvstream.com\/lvw\/YYGWo5wfZuZ8fEW7Qoq1ISwhLSEDhU\" width=\"640\" height=\"360\" frameborder=\"0\" allowfullscreen=\"allowfullscreen\"><\/iframe><\/center><\/p>\n<h6><\/h6>\n<\/div><\/div>","protected":false},"excerpt":{"rendered":"<p>Lan\u00e7amento do Governo Federal \u00e9 aguardado com grande expectativa por agricultores de todo pa\u00eds. O gerente de Agroneg\u00f3cio do Sicoob MaxiCr\u00e9dito, Luiz Miguel Dal Piva, orienta sobre quais medidas devem ser adotadas para evitar atrasos e contratempos na hora da solicita\u00e7\u00e3o O lan\u00e7amento do Plano Safra \u00e9 sempre um momento de muita expectativa para produtores [&hellip;]<\/p>\n","protected":false},"author":4,"featured_media":48584,"comment_status":"open","ping_status":"open","sticky":false,"template":"","format":"standard","meta":{"footnotes":""},"categories":[1],"tags":[],"class_list":["post-48583","post","type-post","status-publish","format-standard","has-post-thumbnail","hentry","category-sem-categoria"],"_links":{"self":[{"href":"http:\/\/sol.fm.br\/radio\/wp-json\/wp\/v2\/posts\/48583","targetHints":{"allow":["GET"]}}],"collection":[{"href":"http:\/\/sol.fm.br\/radio\/wp-json\/wp\/v2\/posts"}],"about":[{"href":"http:\/\/sol.fm.br\/radio\/wp-json\/wp\/v2\/types\/post"}],"author":[{"embeddable":true,"href":"http:\/\/sol.fm.br\/radio\/wp-json\/wp\/v2\/users\/4"}],"replies":[{"embeddable":true,"href":"http:\/\/sol.fm.br\/radio\/wp-json\/wp\/v2\/comments?post=48583"}],"version-history":[{"count":1,"href":"http:\/\/sol.fm.br\/radio\/wp-json\/wp\/v2\/posts\/48583\/revisions"}],"predecessor-version":[{"id":48585,"href":"http:\/\/sol.fm.br\/radio\/wp-json\/wp\/v2\/posts\/48583\/revisions\/48585"}],"wp:featuredmedia":[{"embeddable":true,"href":"http:\/\/sol.fm.br\/radio\/wp-json\/wp\/v2\/media\/48584"}],"wp:attachment":[{"href":"http:\/\/sol.fm.br\/radio\/wp-json\/wp\/v2\/media?parent=48583"}],"wp:term":[{"taxonomy":"category","embeddable":true,"href":"http:\/\/sol.fm.br\/radio\/wp-json\/wp\/v2\/categories?post=48583"},{"taxonomy":"post_tag","embeddable":true,"href":"http:\/\/sol.fm.br\/radio\/wp-json\/wp\/v2\/tags?post=48583"}],"curies":[{"name":"wp","href":"https:\/\/api.w.org\/{rel}","templated":true}]}}