{"id":48587,"date":"2022-06-13T15:27:47","date_gmt":"2022-06-13T18:27:47","guid":{"rendered":"http:\/\/sol.fm.br\/radio\/?p=48587"},"modified":"2022-06-13T15:27:47","modified_gmt":"2022-06-13T18:27:47","slug":"governador-assina-ordem-de-inicio-das-obras-de-intersecao-da-ers-118-com-o-distrito-industrial-de-gravatai","status":"publish","type":"post","link":"http:\/\/sol.fm.br\/radio\/governador-assina-ordem-de-inicio-das-obras-de-intersecao-da-ers-118-com-o-distrito-industrial-de-gravatai\/","title":{"rendered":"Governador assina ordem de in\u00edcio das obras de interse\u00e7\u00e3o da ERS-118 com o Distrito Industrial de Gravata\u00ed"},"content":{"rendered":"<div id=\"dslc-theme-content\"><div id=\"dslc-theme-content-inner\"><p dir=\"ltr\">O governador Ranolfo Vieira J\u00fanior assinou, na manh\u00e3 desta segunda-feira (13\/6), em Gravata\u00ed, na regi\u00e3o metropolitana, a ordem de in\u00edcio das obras de interse\u00e7\u00e3o da ERS-118 com o Distrito Industrial do munic\u00edpio. O conjunto de obras, que inclui uma trincheira no acesso ao distrito e um viaduto junto \u00e0 avenida Centen\u00e1rio, vai receber o investimento de R$ 28 milh\u00f5es em recursos do Estado. Com cerca de um quil\u00f4metro de extens\u00e3o, a obra dever\u00e1 ser entregue em 18 meses, segundo a previs\u00e3o. Tamb\u00e9m foi assinada a ordem de in\u00edcio para a constru\u00e7\u00e3o de uma passarela no Km 2 da rodovia, em Sapucaia do Sul, com aporte de R$ 4,6 milh\u00f5es.<\/p>\n<p>Esses investimentos, lembrou o governador, fazem parte do programa Avan\u00e7ar, lan\u00e7ado h\u00e1 um ano para impulsionar o desenvolvimento do Estado e promover melhorias na presta\u00e7\u00e3o de servi\u00e7os. <em>\u201cCom esse programa, j\u00e1 destinamos R$ 6,4 bilh\u00f5es para todas as \u00e1reas, sendo um ter\u00e7o desse valor para a log\u00edstica e os transportes. J\u00e1 s\u00e3o mais de R$ 2 bilh\u00f5es investidos na qualifica\u00e7\u00e3o da estrutura rodovi\u00e1ria, valor que inclui os recursos para essas obras que estamos dando ordem de in\u00edcio hoje. Essas obras v\u00e3o representar mais desenvolvimento para essa regi\u00e3o e seguran\u00e7a para os usu\u00e1rios da rodovia, reduzindo a acidentalidade\u201d,<\/em> disse.<\/p>\n<p><img loading=\"lazy\" decoding=\"async\" class=\"size-medium wp-image-48589 aligncenter\" src=\"http:\/\/sol.fm.br\/radio\/wp-content\/uploads\/2022\/06\/01-5-400x267.jpg\" alt=\"\" width=\"400\" height=\"267\" srcset=\"http:\/\/sol.fm.br\/radio\/wp-content\/uploads\/2022\/06\/01-5-400x267.jpg 400w, http:\/\/sol.fm.br\/radio\/wp-content\/uploads\/2022\/06\/01-5-768x512.jpg 768w, http:\/\/sol.fm.br\/radio\/wp-content\/uploads\/2022\/06\/01-5-600x400.jpg 600w, http:\/\/sol.fm.br\/radio\/wp-content\/uploads\/2022\/06\/01-5.jpg 800w\" sizes=\"auto, (max-width: 400px) 100vw, 400px\" \/><\/p>\n<p>Segundo o secret\u00e1rio de Log\u00edstica e Transportes, Luiz Gustavo de Souza,\u00a0 a obra da interse\u00e7\u00e3o vai qualificar a seguran\u00e7a vi\u00e1ria do local, ajudando a preservar vidas. <em>\u201c\u00c9 uma obra importante para a regi\u00e3o e para todo o Estado\u201d,<\/em> disse.<\/p>\n<p>Ainda durante a manh\u00e3, o governador participou de entregas oficiais de obras do Estado na ERS-118. No km 5, em Sapucaia do Sul, e no km 10, em Cachoeirinha, foram inauguradas passarelas de pedestres. Em Gravata\u00ed, no km 10, ocorreu a inaugura\u00e7\u00e3o oficial do posto do Comando Rodovi\u00e1rio da Brigada Militar (CRBM).<\/p>\n<p>A travessia de pedestres entregue em Sapucaia do Sul tem 77 metros de comprimento e foi constru\u00edda com um investimento de R$ 4,5 milh\u00f5es do governo do Estado. J\u00e1 a estrutura inaugurada em Cachoeirinha tem 61,8 metros e recebeu um aporte de R$ 3,9 milh\u00f5es. As duas passarelas contam com telha met\u00e1lica e ilumina\u00e7\u00e3o noturna e foram instaladas para proporcionar mais seguran\u00e7a para a popula\u00e7\u00e3o que se desloca entre os dois lados da rodovia.<\/p>\n<p><strong>Posto do Comando Rodovi\u00e1rio da Brigada Militar<\/strong><\/p>\n<p>O novo posto do Comando Rodovi\u00e1rio da Brigada Militar, em Gravata\u00ed, vai concentrar atividades de policiamento da rodovia e planejamento de opera\u00e7\u00f5es, fiscaliza\u00e7\u00e3o de tr\u00e2nsito, transbordo de cargas e combate \u00e0 criminalidade. Em abril do ano passado, o governo do Estado assinou um termo de coopera\u00e7\u00e3o com a empresa GLP para a constru\u00e7\u00e3o do posto. A obra foi assumida pela empresa e n\u00e3o teve custos para o Estado, que est\u00e1 disponibilizando os recursos humanos, equipamentos e ve\u00edculos para a atua\u00e7\u00e3o do CRBM no local.<\/p>\n<p>O posto conta com recep\u00e7\u00e3o, sala de administrativo e gabinete, alojamento feminino e masculino, almoxarifado, cozinha e banheiro com acessibilidade para o p\u00fablico externo, totalizando 147,91 metros quadrados no pr\u00e9dio principal. Ao custear o posto, a GLP recebeu autoriza\u00e7\u00e3o do Daer para constru\u00e7\u00e3o do acesso \u00e0 empresa na ERS-118.<\/p>\n<p><img loading=\"lazy\" decoding=\"async\" class=\"alignnone size-medium wp-image-48590 aligncenter\" src=\"http:\/\/sol.fm.br\/radio\/wp-content\/uploads\/2022\/06\/02-2-400x267.jpg\" alt=\"\" width=\"400\" height=\"267\" srcset=\"http:\/\/sol.fm.br\/radio\/wp-content\/uploads\/2022\/06\/02-2-400x267.jpg 400w, http:\/\/sol.fm.br\/radio\/wp-content\/uploads\/2022\/06\/02-2-768x512.jpg 768w, http:\/\/sol.fm.br\/radio\/wp-content\/uploads\/2022\/06\/02-2-600x400.jpg 600w, http:\/\/sol.fm.br\/radio\/wp-content\/uploads\/2022\/06\/02-2.jpg 800w\" sizes=\"auto, (max-width: 400px) 100vw, 400px\" \/><\/p>\n<p>Tamb\u00e9m acompanharam as agendas na ERS-118 o diretor-geral do Departamento Aut\u00f4nomo de Estradas de Rodagem (Daer), Luciano Faustino, os prefeitos de Sapucaia do Sul, Volmir Rodrigues, de Gravata\u00ed, Luiz Zaffalon, e de Cachoeirinha, Cristian Wasen, deputados estaduais e vereadores.<\/p>\n<hr \/>\n<h6><strong>GOV RS |\u00a0Texto: Tham\u00edris Mondin |\u00a0Edi\u00e7\u00e3o: Christianne Schmitt\/Secom |\u00a0Fotos: Itamar Aguiar \/ Pal\u00e1cio Piratini\u00a0\u00a0<\/strong><\/h6>\n<p><center><iframe loading=\"lazy\" class=\"jmvplayer\" src=\"https:\/\/player.jmvstream.com\/lvw\/YYGWo5wfZuZ8fEW7Qoq1ISwhLSEDhU\" width=\"640\" height=\"360\" frameborder=\"0\" allowfullscreen=\"allowfullscreen\"><\/iframe><\/center><\/p>\n<h6><\/h6>\n<\/div><\/div>","protected":false},"excerpt":{"rendered":"<p>O governador Ranolfo Vieira J\u00fanior assinou, na manh\u00e3 desta segunda-feira (13\/6), em Gravata\u00ed, na regi\u00e3o metropolitana, a ordem de in\u00edcio das obras de interse\u00e7\u00e3o da ERS-118 com o Distrito Industrial do munic\u00edpio. O conjunto de obras, que inclui uma trincheira no acesso ao distrito e um viaduto junto \u00e0 avenida Centen\u00e1rio, vai receber o investimento [&hellip;]<\/p>\n","protected":false},"author":4,"featured_media":48588,"comment_status":"open","ping_status":"open","sticky":false,"template":"","format":"standard","meta":{"footnotes":""},"categories":[1],"tags":[],"class_list":["post-48587","post","type-post","status-publish","format-standard","has-post-thumbnail","hentry","category-sem-categoria"],"_links":{"self":[{"href":"http:\/\/sol.fm.br\/radio\/wp-json\/wp\/v2\/posts\/48587","targetHints":{"allow":["GET"]}}],"collection":[{"href":"http:\/\/sol.fm.br\/radio\/wp-json\/wp\/v2\/posts"}],"about":[{"href":"http:\/\/sol.fm.br\/radio\/wp-json\/wp\/v2\/types\/post"}],"author":[{"embeddable":true,"href":"http:\/\/sol.fm.br\/radio\/wp-json\/wp\/v2\/users\/4"}],"replies":[{"embeddable":true,"href":"http:\/\/sol.fm.br\/radio\/wp-json\/wp\/v2\/comments?post=48587"}],"version-history":[{"count":1,"href":"http:\/\/sol.fm.br\/radio\/wp-json\/wp\/v2\/posts\/48587\/revisions"}],"predecessor-version":[{"id":48591,"href":"http:\/\/sol.fm.br\/radio\/wp-json\/wp\/v2\/posts\/48587\/revisions\/48591"}],"wp:featuredmedia":[{"embeddable":true,"href":"http:\/\/sol.fm.br\/radio\/wp-json\/wp\/v2\/media\/48588"}],"wp:attachment":[{"href":"http:\/\/sol.fm.br\/radio\/wp-json\/wp\/v2\/media?parent=48587"}],"wp:term":[{"taxonomy":"category","embeddable":true,"href":"http:\/\/sol.fm.br\/radio\/wp-json\/wp\/v2\/categories?post=48587"},{"taxonomy":"post_tag","embeddable":true,"href":"http:\/\/sol.fm.br\/radio\/wp-json\/wp\/v2\/tags?post=48587"}],"curies":[{"name":"wp","href":"https:\/\/api.w.org\/{rel}","templated":true}]}}