{"id":48600,"date":"2022-06-14T09:15:45","date_gmt":"2022-06-14T12:15:45","guid":{"rendered":"http:\/\/sol.fm.br\/radio\/?p=48600"},"modified":"2022-06-14T09:17:45","modified_gmt":"2022-06-14T12:17:45","slug":"campanha-esquenta-contabilidade-entidades-da-classe-contabil-se-unem-para-enfrentar-o-frio-do-estado","status":"publish","type":"post","link":"http:\/\/sol.fm.br\/radio\/campanha-esquenta-contabilidade-entidades-da-classe-contabil-se-unem-para-enfrentar-o-frio-do-estado\/","title":{"rendered":"Campanha Esquenta Contabilidade: entidades da classe cont\u00e1bil se unem para enfrentar o frio do Estado!"},"content":{"rendered":"<div id=\"dslc-theme-content\"><div id=\"dslc-theme-content-inner\"><p>Colabore com a campanha \u201cEsquenta Contabilidade\u201d, de iniciativa do Conselho Regional de Contabilidade do RS (CRCRS), Sescon-RS, Sescon-Serra Ga\u00facha e Fecont\u00e1bil, que objetiva arrecadar agasalhos e cobertas para distribui\u00e7\u00e3o entre a popula\u00e7\u00e3o mais necessitada.<\/p>\n<p>Em Porto Alegre, as doa\u00e7\u00f5es devem ser entregues, de segunda a sexta-feira, das 9h \u00e0s 17h, nas sedes do CRCRS: Av. Senador Tarso Dutra, 170, loja 101 \u2013 Bairro Petr\u00f3polis; ou do Sescon-RS: R. Augusto Severo, 168 \u2013 Bairro S\u00e3o Jo\u00e3o.<\/p>\n<p>No interior do Estado, em Caxias do Sul, os donativos podem ser entregues no Sescon-Serra Ga\u00facha: Rua \u00cdtalo Victor Bersani, 1134 \u2013 Jardim Am\u00e9rica, das 8h30 \u00e0s 11h e 13h30 \u00e0s 17h30; nas demais cidades, os postos de arrecada\u00e7\u00e3o estar\u00e3o localizados nos sindicatos de contadores e t\u00e9cnicos.<\/p>\n<p>No dia 22 de junho, para marcar o encerramento da campanha, membros da diretoria e de comiss\u00f5es de estudos estar\u00e3o no CRCRS recebendo as doa\u00e7\u00f5es. Fa\u00e7a a sua doa\u00e7\u00e3o!<\/p>\n<p>Doe calor, receba amor!<\/p>\n<hr \/>\n<h6><strong>Jornalista - Divis\u00e3o de Comunica\u00e7\u00e3o Social\/CRCRS |\u00a0 Conselho Regional de Contabilidade do Rio Grande do Sul (CRCRS)\u00a0\u00a0<\/strong><\/h6>\n<p><center><iframe loading=\"lazy\" class=\"jmvplayer\" src=\"https:\/\/player.jmvstream.com\/lvw\/YYGWo5wfZuZ8fEW7Qoq1ISwhLSEDhU\" width=\"640\" height=\"360\" frameborder=\"0\" allowfullscreen=\"allowfullscreen\"><\/iframe><\/center><\/p>\n<h6><\/h6>\n<\/div><\/div>","protected":false},"excerpt":{"rendered":"<p>Colabore com a campanha \u201cEsquenta Contabilidade\u201d, de iniciativa do Conselho Regional de Contabilidade do RS (CRCRS), Sescon-RS, Sescon-Serra Ga\u00facha e Fecont\u00e1bil, que objetiva arrecadar agasalhos e cobertas para distribui\u00e7\u00e3o entre a popula\u00e7\u00e3o mais necessitada. Em Porto Alegre, as doa\u00e7\u00f5es devem ser entregues, de segunda a sexta-feira, das 9h \u00e0s 17h, nas sedes do CRCRS: Av. [&hellip;]<\/p>\n","protected":false},"author":4,"featured_media":48601,"comment_status":"open","ping_status":"open","sticky":false,"template":"","format":"standard","meta":{"footnotes":""},"categories":[1],"tags":[],"class_list":["post-48600","post","type-post","status-publish","format-standard","has-post-thumbnail","hentry","category-sem-categoria"],"_links":{"self":[{"href":"http:\/\/sol.fm.br\/radio\/wp-json\/wp\/v2\/posts\/48600","targetHints":{"allow":["GET"]}}],"collection":[{"href":"http:\/\/sol.fm.br\/radio\/wp-json\/wp\/v2\/posts"}],"about":[{"href":"http:\/\/sol.fm.br\/radio\/wp-json\/wp\/v2\/types\/post"}],"author":[{"embeddable":true,"href":"http:\/\/sol.fm.br\/radio\/wp-json\/wp\/v2\/users\/4"}],"replies":[{"embeddable":true,"href":"http:\/\/sol.fm.br\/radio\/wp-json\/wp\/v2\/comments?post=48600"}],"version-history":[{"count":2,"href":"http:\/\/sol.fm.br\/radio\/wp-json\/wp\/v2\/posts\/48600\/revisions"}],"predecessor-version":[{"id":48603,"href":"http:\/\/sol.fm.br\/radio\/wp-json\/wp\/v2\/posts\/48600\/revisions\/48603"}],"wp:featuredmedia":[{"embeddable":true,"href":"http:\/\/sol.fm.br\/radio\/wp-json\/wp\/v2\/media\/48601"}],"wp:attachment":[{"href":"http:\/\/sol.fm.br\/radio\/wp-json\/wp\/v2\/media?parent=48600"}],"wp:term":[{"taxonomy":"category","embeddable":true,"href":"http:\/\/sol.fm.br\/radio\/wp-json\/wp\/v2\/categories?post=48600"},{"taxonomy":"post_tag","embeddable":true,"href":"http:\/\/sol.fm.br\/radio\/wp-json\/wp\/v2\/tags?post=48600"}],"curies":[{"name":"wp","href":"https:\/\/api.w.org\/{rel}","templated":true}]}}