{"id":48605,"date":"2022-06-14T09:37:46","date_gmt":"2022-06-14T12:37:46","guid":{"rendered":"http:\/\/sol.fm.br\/radio\/?p=48605"},"modified":"2022-06-14T09:37:46","modified_gmt":"2022-06-14T12:37:46","slug":"secretaria-da-educacao-oferece-cerca-de-10-mil-vagas-no-segundo-semestre-do-ano-letivo-de-2022","status":"publish","type":"post","link":"http:\/\/sol.fm.br\/radio\/secretaria-da-educacao-oferece-cerca-de-10-mil-vagas-no-segundo-semestre-do-ano-letivo-de-2022\/","title":{"rendered":"Secretaria da Educa\u00e7\u00e3o oferece cerca de 10 mil vagas no segundo semestre do ano letivo de 2022"},"content":{"rendered":"<div id=\"dslc-theme-content\"><div id=\"dslc-theme-content-inner\"><p>A Secretaria Estadual da Educa\u00e7\u00e3o (Seduc) informa que est\u00e1 oferecendo cerca de 10 mil vagas para o segundo semestre do ano letivo de 2022. As inscri\u00e7\u00f5es da nova Chamada P\u00fablica Escolar valem para os cursos t\u00e9cnicos, aproveitamento de estudos de curso normal e realiza\u00e7\u00e3o de pr\u00e9-matr\u00edculas para a Educa\u00e7\u00e3o de Jovens e Adultos (EJA). O preenchimento das vagas ocorre diretamente pelo site da Seduc a partir desta segunda-feira (13\/6) e segue at\u00e9 25 de junho.<\/p>\n<p><strong>SERVI\u00c7O<\/strong><\/p>\n<p>\u2022 Todas as orienta\u00e7\u00f5es e crit\u00e9rios de matr\u00edcula e ingresso est\u00e3o dispon\u00edveis\u00a0<strong><a href=\"https:\/\/servicos.educacao.rs.gov.br\/pse\/srv\/matricula.jsp?ACAO=acao5\" target=\"_blank\" rel=\"noopener\">clicando aqui\u00a0<\/a><a href=\"https:\/\/servicos.educacao.rs.gov.br\/pse\/srv\/matricula.jsp?ACAO=acao5\" target=\"_blank\" rel=\"noopener\">no site da Seduc<\/a>.<\/strong><\/p>\n<p>\u2022 Para acessar, basta clicar na aba Servi\u00e7os e Informa\u00e7\u00f5es e entrar no \u00edcone\u00a0<a href=\"https:\/\/servicos.educacao.rs.gov.br\/pse\/srv\/matricula.jsp?ACAO=acao5\" target=\"_blank\" rel=\"noopener\"><strong>Chamada P\u00fablica Escolar<\/strong>.<\/a><\/p>\n<p>\u2022 O resultado da Chamada P\u00fablica Escolar ocorre no dia 15 de julho. Entre os dias 18 e 29 de julho, ocorre o per\u00edodo de efetiva\u00e7\u00e3o das matr\u00edculas diretamente nas escolas.<\/p>\n<p><strong>Confira o cronograma completo<\/strong>:<\/p>\n<p>\u2022 Per\u00edodo de inscri\u00e7\u00f5es -\u00a013\/6 a 25\/6<br \/>\n\u2022 Per\u00edodo para realiza\u00e7\u00e3o de sorteio ou prova -\u00a02\/7 a 6\/07<br \/>\n\u2022 Divulga\u00e7\u00e3o dos resultados -\u00a015\/7<br \/>\n\u2022 Matr\u00edcula dos titulares -\u00a018\/7 a 22\/7<br \/>\n\u2022 Matricula dos suplentes -\u00a027\/7 a 29\/7<br \/>\n\u2022 In\u00edcio do 2\u00ba semestre -\u00a01\u00ba\/8<\/p>\n<hr \/>\n<h6><strong>GOV RS |\u00a0Texto: Ascom Seduc |\u00a0Edi\u00e7\u00e3o: Secom\u00a0<\/strong><\/h6>\n<p><center><iframe loading=\"lazy\" class=\"jmvplayer\" src=\"https:\/\/player.jmvstream.com\/lvw\/YYGWo5wfZuZ8fEW7Qoq1ISwhLSEDhU\" width=\"640\" height=\"360\" frameborder=\"0\" allowfullscreen=\"allowfullscreen\"><\/iframe><\/center><\/p>\n<h6><\/h6>\n<\/div><\/div>","protected":false},"excerpt":{"rendered":"<p>A Secretaria Estadual da Educa\u00e7\u00e3o (Seduc) informa que est\u00e1 oferecendo cerca de 10 mil vagas para o segundo semestre do ano letivo de 2022. As inscri\u00e7\u00f5es da nova Chamada P\u00fablica Escolar valem para os cursos t\u00e9cnicos, aproveitamento de estudos de curso normal e realiza\u00e7\u00e3o de pr\u00e9-matr\u00edculas para a Educa\u00e7\u00e3o de Jovens e Adultos (EJA). O [&hellip;]<\/p>\n","protected":false},"author":4,"featured_media":48606,"comment_status":"open","ping_status":"open","sticky":false,"template":"","format":"standard","meta":{"footnotes":""},"categories":[1],"tags":[],"class_list":["post-48605","post","type-post","status-publish","format-standard","has-post-thumbnail","hentry","category-sem-categoria"],"_links":{"self":[{"href":"http:\/\/sol.fm.br\/radio\/wp-json\/wp\/v2\/posts\/48605","targetHints":{"allow":["GET"]}}],"collection":[{"href":"http:\/\/sol.fm.br\/radio\/wp-json\/wp\/v2\/posts"}],"about":[{"href":"http:\/\/sol.fm.br\/radio\/wp-json\/wp\/v2\/types\/post"}],"author":[{"embeddable":true,"href":"http:\/\/sol.fm.br\/radio\/wp-json\/wp\/v2\/users\/4"}],"replies":[{"embeddable":true,"href":"http:\/\/sol.fm.br\/radio\/wp-json\/wp\/v2\/comments?post=48605"}],"version-history":[{"count":1,"href":"http:\/\/sol.fm.br\/radio\/wp-json\/wp\/v2\/posts\/48605\/revisions"}],"predecessor-version":[{"id":48607,"href":"http:\/\/sol.fm.br\/radio\/wp-json\/wp\/v2\/posts\/48605\/revisions\/48607"}],"wp:featuredmedia":[{"embeddable":true,"href":"http:\/\/sol.fm.br\/radio\/wp-json\/wp\/v2\/media\/48606"}],"wp:attachment":[{"href":"http:\/\/sol.fm.br\/radio\/wp-json\/wp\/v2\/media?parent=48605"}],"wp:term":[{"taxonomy":"category","embeddable":true,"href":"http:\/\/sol.fm.br\/radio\/wp-json\/wp\/v2\/categories?post=48605"},{"taxonomy":"post_tag","embeddable":true,"href":"http:\/\/sol.fm.br\/radio\/wp-json\/wp\/v2\/tags?post=48605"}],"curies":[{"name":"wp","href":"https:\/\/api.w.org\/{rel}","templated":true}]}}