{"id":48608,"date":"2022-06-14T09:41:13","date_gmt":"2022-06-14T12:41:13","guid":{"rendered":"http:\/\/sol.fm.br\/radio\/?p=48608"},"modified":"2022-06-14T09:41:13","modified_gmt":"2022-06-14T12:41:13","slug":"primeira-dama-participa-do-ato-de-adesao-da-emater-a-campanha-do-agasalho","status":"publish","type":"post","link":"http:\/\/sol.fm.br\/radio\/primeira-dama-participa-do-ato-de-adesao-da-emater-a-campanha-do-agasalho\/","title":{"rendered":"Primeira-dama participa do ato de ades\u00e3o da Emater \u00e0 Campanha do Agasalho"},"content":{"rendered":"<div id=\"dslc-theme-content\"><div id=\"dslc-theme-content-inner\"><p>A primeira-dama do Estado, S\u00f4nia Vieira, participou na manh\u00e3 desta segunda-feira (13\/6) do ato de ades\u00e3o da\u00a0Emater\/RS-Ascar\u00a0\u00e0 campanha do Agasalho 2022, em Porto Alegre. Ela refor\u00e7ou a import\u00e2ncia das doa\u00e7\u00f5es na estrutura da Emater nos munic\u00edpios. Em todas as unidades, haver\u00e1 um ponto de coleta de roupas, cal\u00e7ados, cobertores e alimentos n\u00e3o perec\u00edveis que ser\u00e3o distribu\u00eddos pela Defesa Civil \u00e0s institui\u00e7\u00f5es cadastradas.<\/p>\n<p>\u201cUma grande satisfa\u00e7\u00e3o estar nesse lan\u00e7amento, nesse engajamento da Emater. Valorizo o servi\u00e7o e o trabalho desenvolvidos pela Emater, que \u00e9 muito importante para as fam\u00edlias agricultoras do nosso estado e os produtores rurais\u201d, afirmou a primeira-dama. <em>\u201cOs valores fraternos e a busca pelo acolhimento coletivo caracterizam a campanha, e nesse momento \u00e9 importante o apoio de todos.\u201d<\/em><\/p>\n<p>A Defesa Civil tem 12 coordenadorias distribu\u00eddas para atender a todas as cidades. O apoio da Emater na Campanha do Agasalho \u00e9 estrat\u00e9gico pelo fato de ela estar presente em todos os munic\u00edpios do Rio Grande do Sul.<\/p>\n<p>O coordenador da Defesa Civil Estadual, coronel J\u00falio C\u00e9sar Rocha Lopes, participou do ato e afirmou que n\u00e3o h\u00e1 uma meta para a campanha. <em>\u201cEnquanto as pessoas estiverem necessitando, temos que trabalhar. Um casaco e uma cesta b\u00e1sica a mais far\u00e3o a diferen\u00e7a. N\u00e3o estamos aqui para bater metas, mas para aquecer o cora\u00e7\u00e3o e o corpo das pessoas\u201d<\/em>, disse. O objetivo da ades\u00e3o da Aters \u00e0 campanha \u00e9 levar as doa\u00e7\u00f5es o mais r\u00e1pido poss\u00edvel para as pessoas.<\/p>\n<p>Conforme a secret\u00e1ria da Igualdade, Cidadania, Direitos Humanos e Assist\u00eancia Social, M\u00e1rcia Pires de la Torre, muitas pessoas est\u00e3o em situa\u00e7\u00e3o de miserabilidade e mulheres chefes de fam\u00edlia necessitam de apoio. Para enfrentar essa situa\u00e7\u00e3o, <em>\u201cprecisamos do apoio da estrutura de governo, e a Emater \u00e9 fundamental\u201d<\/em>, destacou.<\/p>\n<p>O presidente da Emater, Edemilson Pelizari, enalteceu as caracter\u00edsticas solid\u00e1rias da campanha,<em> \u201cuma oportunidade para que possamos ajudar nossos irm\u00e3os que passam por dificuldades, antes com a pandemia e agora com o inverno\".<\/em><\/p>\n<p>A Emater\/RS-Ascar est\u00e1 presente no cotidiano dos agricultores familiares desde 1955, sendo a executora do servi\u00e7o social de Assist\u00eancia T\u00e9cnica e Extens\u00e3o Rural e Social do Rio Grande do Sul, trabalhando em conjunto com a Secretaria da Agricultura, Pecu\u00e1ria e Desenvolvimento Rural. Ela atende demandas do p\u00fablico formado por agricultores e pecuaristas familiares, quilombolas, pescadores artesanais, ind\u00edgenas e assentados.<\/p>\n<hr \/>\n<h6><strong>GOV RS |\u00a0Texto: Giovanni Disegna\/Secom |\u00a0Edi\u00e7\u00e3o: Secom |\u00a0Foto: Giovanni Disegna\/Secom\u00a0<\/strong><\/h6>\n<p><center><iframe loading=\"lazy\" class=\"jmvplayer\" src=\"https:\/\/player.jmvstream.com\/lvw\/YYGWo5wfZuZ8fEW7Qoq1ISwhLSEDhU\" width=\"640\" height=\"360\" frameborder=\"0\" allowfullscreen=\"allowfullscreen\"><\/iframe><\/center><\/p>\n<h6><\/h6>\n<\/div><\/div>","protected":false},"excerpt":{"rendered":"<p>A primeira-dama do Estado, S\u00f4nia Vieira, participou na manh\u00e3 desta segunda-feira (13\/6) do ato de ades\u00e3o da\u00a0Emater\/RS-Ascar\u00a0\u00e0 campanha do Agasalho 2022, em Porto Alegre. Ela refor\u00e7ou a import\u00e2ncia das doa\u00e7\u00f5es na estrutura da Emater nos munic\u00edpios. Em todas as unidades, haver\u00e1 um ponto de coleta de roupas, cal\u00e7ados, cobertores e alimentos n\u00e3o perec\u00edveis que ser\u00e3o [&hellip;]<\/p>\n","protected":false},"author":4,"featured_media":48609,"comment_status":"open","ping_status":"open","sticky":false,"template":"","format":"standard","meta":{"footnotes":""},"categories":[1],"tags":[],"class_list":["post-48608","post","type-post","status-publish","format-standard","has-post-thumbnail","hentry","category-sem-categoria"],"_links":{"self":[{"href":"http:\/\/sol.fm.br\/radio\/wp-json\/wp\/v2\/posts\/48608","targetHints":{"allow":["GET"]}}],"collection":[{"href":"http:\/\/sol.fm.br\/radio\/wp-json\/wp\/v2\/posts"}],"about":[{"href":"http:\/\/sol.fm.br\/radio\/wp-json\/wp\/v2\/types\/post"}],"author":[{"embeddable":true,"href":"http:\/\/sol.fm.br\/radio\/wp-json\/wp\/v2\/users\/4"}],"replies":[{"embeddable":true,"href":"http:\/\/sol.fm.br\/radio\/wp-json\/wp\/v2\/comments?post=48608"}],"version-history":[{"count":1,"href":"http:\/\/sol.fm.br\/radio\/wp-json\/wp\/v2\/posts\/48608\/revisions"}],"predecessor-version":[{"id":48610,"href":"http:\/\/sol.fm.br\/radio\/wp-json\/wp\/v2\/posts\/48608\/revisions\/48610"}],"wp:featuredmedia":[{"embeddable":true,"href":"http:\/\/sol.fm.br\/radio\/wp-json\/wp\/v2\/media\/48609"}],"wp:attachment":[{"href":"http:\/\/sol.fm.br\/radio\/wp-json\/wp\/v2\/media?parent=48608"}],"wp:term":[{"taxonomy":"category","embeddable":true,"href":"http:\/\/sol.fm.br\/radio\/wp-json\/wp\/v2\/categories?post=48608"},{"taxonomy":"post_tag","embeddable":true,"href":"http:\/\/sol.fm.br\/radio\/wp-json\/wp\/v2\/tags?post=48608"}],"curies":[{"name":"wp","href":"https:\/\/api.w.org\/{rel}","templated":true}]}}