{"id":48611,"date":"2022-06-14T10:20:28","date_gmt":"2022-06-14T13:20:28","guid":{"rendered":"http:\/\/sol.fm.br\/radio\/?p=48611"},"modified":"2022-06-14T10:20:28","modified_gmt":"2022-06-14T13:20:28","slug":"governador-participa-da-abertura-da-22a-transposul","status":"publish","type":"post","link":"http:\/\/sol.fm.br\/radio\/governador-participa-da-abertura-da-22a-transposul\/","title":{"rendered":"Governador participa da abertura da 22\u00aa Transposul"},"content":{"rendered":"<div id=\"dslc-theme-content\"><div id=\"dslc-theme-content-inner\"><p dir=\"ltr\">O governador Ranolfo Vieira J\u00fanior participou, na tarde desta segunda-feira (13\/6), da abertura oficial da 22\u00aa Transposul, no Centro de Eventos da Fiergs, em Porto Alegre. Realizado pelo Sindicato das Empresas de Transportes de Carga e Log\u00edstica do RS (Setcergs), o evento \u00e9 considerado a maior feira e o maior congresso do setor no sul do Brasil. O secret\u00e1rio de Log\u00edstica e Transportes, Luiz Gustavo de Souza, e o diretor-geral do Departamento Aut\u00f4nomo de Estradas de Rodagem (Daer), Luciano Faustino, tamb\u00e9m participaram da cerim\u00f4nia.<\/p>\n<p>Depois de dois anos sem ocorrer em raz\u00e3o da pandemia, a Transposul retornou com mais de cem expositores e\u00a0novidades tecnol\u00f3gicas dos maiores fabricantes de caminh\u00f5es, pneus, distribuidores de combust\u00edveis e fornecedores do ramo de implementos rodovi\u00e1rios do pa\u00eds.<\/p>\n<p><img loading=\"lazy\" decoding=\"async\" class=\"alignnone size-medium wp-image-48613 aligncenter\" src=\"http:\/\/sol.fm.br\/radio\/wp-content\/uploads\/2022\/06\/41-400x267.jpg\" alt=\"\" width=\"400\" height=\"267\" srcset=\"http:\/\/sol.fm.br\/radio\/wp-content\/uploads\/2022\/06\/41-400x267.jpg 400w, http:\/\/sol.fm.br\/radio\/wp-content\/uploads\/2022\/06\/41-768x512.jpg 768w, http:\/\/sol.fm.br\/radio\/wp-content\/uploads\/2022\/06\/41-600x400.jpg 600w, http:\/\/sol.fm.br\/radio\/wp-content\/uploads\/2022\/06\/41.jpg 800w\" sizes=\"auto, (max-width: 400px) 100vw, 400px\" \/><\/p>\n<p><em>\u201cAl\u00e9m da representatividade que essa feira tem, ela traz um sentimento de retomada e supera\u00e7\u00e3o. \u00c9 uma alegria poder ver eventos como esse ocorrendo de novo, promovendo a gera\u00e7\u00e3o de neg\u00f3cios e trocas importantes para esse setor que representa tanto para o desenvolvimento econ\u00f4mico do nosso Estado. Dentro do nosso programa Avan\u00e7ar, estamos investindo mais de R$ 2 bilh\u00f5es em log\u00edstica e transportes, seguran\u00e7a vi\u00e1ria e mobilidade urbana\u201d<\/em>, disse o governador.<\/p>\n<p>Durante a Transposul, o governo apresentar\u00e1 um sistema on-line desenvolvido pelo Daer a fim de agilizar o cadastramento de licen\u00e7as para libera\u00e7\u00e3o das autoriza\u00e7\u00f5es especiais de transporte (AETs), exigidas para ve\u00edculos de grande porte que transportam carga em rodovias. O sistema \u00e9 uma inova\u00e7\u00e3o criada pelos servidores do Daer.<\/p>\n<p>A Transposul ocorre at\u00e9 16 de junho, das 13h \u00e0s 20h.<\/p>\n<hr \/>\n<h6><strong>GOV RS |\u00a0Texto: Tham\u00edris Mondin |\u00a0Edi\u00e7\u00e3o: Secom | Fotos:\u00a0Felipe Dalla Valle\/Pal\u00e1cio Piratini\u00a0<\/strong><\/h6>\n<p><center><iframe loading=\"lazy\" class=\"jmvplayer\" src=\"https:\/\/player.jmvstream.com\/lvw\/YYGWo5wfZuZ8fEW7Qoq1ISwhLSEDhU\" width=\"640\" height=\"360\" frameborder=\"0\" allowfullscreen=\"allowfullscreen\"><\/iframe><\/center><\/p>\n<h6><\/h6>\n<\/div><\/div>","protected":false},"excerpt":{"rendered":"<p>O governador Ranolfo Vieira J\u00fanior participou, na tarde desta segunda-feira (13\/6), da abertura oficial da 22\u00aa Transposul, no Centro de Eventos da Fiergs, em Porto Alegre. Realizado pelo Sindicato das Empresas de Transportes de Carga e Log\u00edstica do RS (Setcergs), o evento \u00e9 considerado a maior feira e o maior congresso do setor no sul [&hellip;]<\/p>\n","protected":false},"author":4,"featured_media":48612,"comment_status":"open","ping_status":"open","sticky":false,"template":"","format":"standard","meta":{"footnotes":""},"categories":[1],"tags":[],"class_list":["post-48611","post","type-post","status-publish","format-standard","has-post-thumbnail","hentry","category-sem-categoria"],"_links":{"self":[{"href":"http:\/\/sol.fm.br\/radio\/wp-json\/wp\/v2\/posts\/48611","targetHints":{"allow":["GET"]}}],"collection":[{"href":"http:\/\/sol.fm.br\/radio\/wp-json\/wp\/v2\/posts"}],"about":[{"href":"http:\/\/sol.fm.br\/radio\/wp-json\/wp\/v2\/types\/post"}],"author":[{"embeddable":true,"href":"http:\/\/sol.fm.br\/radio\/wp-json\/wp\/v2\/users\/4"}],"replies":[{"embeddable":true,"href":"http:\/\/sol.fm.br\/radio\/wp-json\/wp\/v2\/comments?post=48611"}],"version-history":[{"count":1,"href":"http:\/\/sol.fm.br\/radio\/wp-json\/wp\/v2\/posts\/48611\/revisions"}],"predecessor-version":[{"id":48614,"href":"http:\/\/sol.fm.br\/radio\/wp-json\/wp\/v2\/posts\/48611\/revisions\/48614"}],"wp:featuredmedia":[{"embeddable":true,"href":"http:\/\/sol.fm.br\/radio\/wp-json\/wp\/v2\/media\/48612"}],"wp:attachment":[{"href":"http:\/\/sol.fm.br\/radio\/wp-json\/wp\/v2\/media?parent=48611"}],"wp:term":[{"taxonomy":"category","embeddable":true,"href":"http:\/\/sol.fm.br\/radio\/wp-json\/wp\/v2\/categories?post=48611"},{"taxonomy":"post_tag","embeddable":true,"href":"http:\/\/sol.fm.br\/radio\/wp-json\/wp\/v2\/tags?post=48611"}],"curies":[{"name":"wp","href":"https:\/\/api.w.org\/{rel}","templated":true}]}}