{"id":48632,"date":"2022-06-14T14:37:13","date_gmt":"2022-06-14T17:37:13","guid":{"rendered":"http:\/\/sol.fm.br\/radio\/?p=48632"},"modified":"2022-06-14T14:37:13","modified_gmt":"2022-06-14T17:37:13","slug":"regulamento-geral-da-45a-expointer-e-divulgado","status":"publish","type":"post","link":"http:\/\/sol.fm.br\/radio\/regulamento-geral-da-45a-expointer-e-divulgado\/","title":{"rendered":"Regulamento geral da 45\u00aa Expointer \u00e9 divulgado"},"content":{"rendered":"<div id=\"dslc-theme-content\"><div id=\"dslc-theme-content-inner\"><p>O regulamento geral da Expointer 2022 foi divulgado com as informa\u00e7\u00f5es necess\u00e1rias para a participa\u00e7\u00e3o no evento que ocorrer\u00e1 no parque de exposi\u00e7\u00f5es Assis Brasil, em Esteio, de 27 de agosto a 4 de setembro. Veja abaixo os principais t\u00f3picos do regulamento publicado pela Secretaria da Agricultura, Pecu\u00e1ria e Desenvolvimento Rural (Seapdr) sobre a 45\u00aa edi\u00e7\u00e3o da feira.<\/p>\n<p><strong>Expositores<\/strong><\/p>\n<p>\u2022 Podem participar como expositores criadores de animais; agropecuaristas; empresas industriais e comerciais de m\u00e1quinas, implementos e equipamentos, produtos agropecu\u00e1rios e agr\u00edcolas; entidades legalmente constitu\u00eddas e pessoas f\u00edsicas que fa\u00e7am sua inscri\u00e7\u00e3o pr\u00e9via e que assinem termos de autoriza\u00e7\u00e3o de uso e contratos junto \u00e0 administra\u00e7\u00e3o do parque.<\/p>\n<p><strong>Tabela de pre\u00e7os<\/strong><\/p>\n<p>\u2022 A tabela de pre\u00e7os que ser\u00e1 praticada para ocupa\u00e7\u00e3o das \u00e1reas do parque foi definida pela Comiss\u00e3o Executiva da Expointer.<\/p>\n<p><strong>Datas<\/strong><\/p>\n<p>\u2022 Instala\u00e7\u00e3o dos estandes: de 1\u00ba a 25 de agosto (a montagem dos espa\u00e7os se encerra dois dias antes do in\u00edcio da Expointer, para que a equipe de manuten\u00e7\u00e3o e limpeza tenha tempo adequado para deixar o local da feira pronto para a acolhida aos visitantes)<br \/>\n\u2022 As empresas especializadas na montagem dos estandes devem estar cadastradas e autorizadas previamente pela Administra\u00e7\u00e3o do parque<br \/>\n\u2022 A 45\u00aa Expointer ser\u00e1 realizada de 27 de agosto a 4 de setembro<\/p>\n<p><strong>Credenciais<\/strong><\/p>\n<p>\u2022 O n\u00famero de ingressos permanentes de pedestres e de ve\u00edculos vai depender do tamanho da \u00e1rea utilizada<br \/>\n\u2022 As credenciais para expositores de animais, feirantes e expositores de m\u00e1quinas ser\u00e3o distribu\u00eddas pela copromotora respons\u00e1vel<br \/>\n\u2022 As credenciais para os jornalistas e profissionais de comunica\u00e7\u00e3o ser\u00e3o distribu\u00eddas pela Assessoria de Comunica\u00e7\u00e3o da Seapdr, mediante credenciamento pr\u00e9vio<\/p>\n<p><strong>Ingressos<\/strong><\/p>\n<p>\u2022 Os ingressos custar\u00e3o R$ 16 (inteira) e R$ 8 (meia-entrada);<br \/>\n\u2022 Crian\u00e7as de at\u00e9 6 anos, acompanhadas dos pais ou respons\u00e1veis, t\u00eam entrada gratuita;<br \/>\n\u2022 Idosos com 60 anos ou mais e pessoas com defici\u00eancia pagam meio ingresso;<br \/>\n\u2022 Estacionamento para visitantes: R$ 40<\/p>\n<p><strong>Promotores<\/strong><\/p>\n<p>\u2022 O evento \u00e9 promovido pelo Governo do Estado, por meio da Seapdr, e tem como copromotores Federa\u00e7\u00e3o da Agricultura do Rio Grande do Sul (Farsul), Federa\u00e7\u00e3o dos Trabalhadores na Agricultura (Fetag\/RS), Sindicato das Ind\u00fastrias de M\u00e1quinas e Implementos Agr\u00edcolas no Rio Grande do Sul (Simers), Sindicato e Organiza\u00e7\u00e3o das Cooperativas do Rio Grande do Sul (Ocergs), prefeitura de Esteio e a Federa\u00e7\u00e3o Brasileira das Associa\u00e7\u00f5es de Criadores de Animais de Ra\u00e7as (Febrac).<\/p>\n<hr \/>\n<h6><strong>GOV RS |\u00a0Texto: Ascom Seapdr |\u00a0Edi\u00e7\u00e3o: Secom |\u00a0Foto: Fernando Dias \/ Seapdr\u00a0<\/strong><\/h6>\n<p><center><iframe loading=\"lazy\" class=\"jmvplayer\" src=\"https:\/\/player.jmvstream.com\/lvw\/YYGWo5wfZuZ8fEW7Qoq1ISwhLSEDhU\" width=\"640\" height=\"360\" frameborder=\"0\" allowfullscreen=\"allowfullscreen\"><\/iframe><\/center><\/p>\n<h6><\/h6>\n<\/div><\/div>","protected":false},"excerpt":{"rendered":"<p>O regulamento geral da Expointer 2022 foi divulgado com as informa\u00e7\u00f5es necess\u00e1rias para a participa\u00e7\u00e3o no evento que ocorrer\u00e1 no parque de exposi\u00e7\u00f5es Assis Brasil, em Esteio, de 27 de agosto a 4 de setembro. Veja abaixo os principais t\u00f3picos do regulamento publicado pela Secretaria da Agricultura, Pecu\u00e1ria e Desenvolvimento Rural (Seapdr) sobre a 45\u00aa [&hellip;]<\/p>\n","protected":false},"author":4,"featured_media":48633,"comment_status":"open","ping_status":"open","sticky":false,"template":"","format":"standard","meta":{"footnotes":""},"categories":[1],"tags":[],"class_list":["post-48632","post","type-post","status-publish","format-standard","has-post-thumbnail","hentry","category-sem-categoria"],"_links":{"self":[{"href":"http:\/\/sol.fm.br\/radio\/wp-json\/wp\/v2\/posts\/48632","targetHints":{"allow":["GET"]}}],"collection":[{"href":"http:\/\/sol.fm.br\/radio\/wp-json\/wp\/v2\/posts"}],"about":[{"href":"http:\/\/sol.fm.br\/radio\/wp-json\/wp\/v2\/types\/post"}],"author":[{"embeddable":true,"href":"http:\/\/sol.fm.br\/radio\/wp-json\/wp\/v2\/users\/4"}],"replies":[{"embeddable":true,"href":"http:\/\/sol.fm.br\/radio\/wp-json\/wp\/v2\/comments?post=48632"}],"version-history":[{"count":1,"href":"http:\/\/sol.fm.br\/radio\/wp-json\/wp\/v2\/posts\/48632\/revisions"}],"predecessor-version":[{"id":48634,"href":"http:\/\/sol.fm.br\/radio\/wp-json\/wp\/v2\/posts\/48632\/revisions\/48634"}],"wp:featuredmedia":[{"embeddable":true,"href":"http:\/\/sol.fm.br\/radio\/wp-json\/wp\/v2\/media\/48633"}],"wp:attachment":[{"href":"http:\/\/sol.fm.br\/radio\/wp-json\/wp\/v2\/media?parent=48632"}],"wp:term":[{"taxonomy":"category","embeddable":true,"href":"http:\/\/sol.fm.br\/radio\/wp-json\/wp\/v2\/categories?post=48632"},{"taxonomy":"post_tag","embeddable":true,"href":"http:\/\/sol.fm.br\/radio\/wp-json\/wp\/v2\/tags?post=48632"}],"curies":[{"name":"wp","href":"https:\/\/api.w.org\/{rel}","templated":true}]}}