{"id":57865,"date":"2023-08-03T09:28:48","date_gmt":"2023-08-03T12:28:48","guid":{"rendered":"http:\/\/sol.fm.br\/radio\/?p=57865"},"modified":"2023-08-03T09:28:50","modified_gmt":"2023-08-03T12:28:50","slug":"entenda-como-funciona-o-ultrassom-micro-e-macrofocado-em-procedimentos-esteticos-excelente-opcao-para-diversas-condicoes-de-pele","status":"publish","type":"post","link":"http:\/\/sol.fm.br\/radio\/entenda-como-funciona-o-ultrassom-micro-e-macrofocado-em-procedimentos-esteticos-excelente-opcao-para-diversas-condicoes-de-pele\/","title":{"rendered":"Entenda como funciona o Ultrassom Micro e Macrofocado em procedimentos est\u00e9ticos, excelente op\u00e7\u00e3o para diversas condi\u00e7\u00f5es de pele"},"content":{"rendered":"<div id=\"dslc-theme-content\"><div id=\"dslc-theme-content-inner\"><p style=\"text-align: center;\"><em>Tecnologia pode ser utilizada em \u00e1reas como rosto, pesco\u00e7o e corpo, proporcionando um efeito de lifting natural e queima de gordura sem a necessidade de interven\u00e7\u00e3o cir\u00fargica<\/em><\/p>\n<p>O Ultrassom Microfocado \u00e9 um procedimento n\u00e3o invasivo que utiliza ondas de ultrassom focalizadas de alta intensidade para estimular a produ\u00e7\u00e3o de col\u00e1geno, resultando em uma pele mais firme, tonificada e com menos rugas. Por meio de pontos de coagula\u00e7\u00e3o t\u00e9rmica controlada, a energia ultrass\u00f4nica penetra nas camadas profundas da pele, promovendo a contra\u00e7\u00e3o do col\u00e1geno e o est\u00edmulo \u00e0 sua produ\u00e7\u00e3o. A m\u00e9dica dermatologista da Sociedade Brasileira de Dermatologia \u2013 Sec\u00e7\u00e3o RS (SBD-RS), Analupe Webber ressalta suas diversas marcas e formas de realiza\u00e7\u00e3o, comparando com outros m\u00e9todos dispon\u00edveis no mercado.<\/p>\n<p><em>\u201c\u00c9 uma tecnologia que veio para aumentar os resultados nos tratamentos dermatol\u00f3gicos est\u00e9ticos. Como o nome j\u00e1 diz, ele foca energia do ultrassom em micropontos, em diferentes profundidades da pele. Essa energia aquece promove um aquecimento de 63 graus o que faz um est\u00edmulo do col\u00e1geno e retra\u00e7\u00e3o tecidual\u201d<\/em> explica.<\/p>\n<p>Diferentemente de outras op\u00e7\u00f5es no campo da est\u00e9tica, o Ultrassom Microfocado destaca-se pela personaliza\u00e7\u00e3o dos disparos, oferecendo um tratamento mais preciso e adaptado \u00e0s necessidades de cada paciente.<\/p>\n<p><em>\u201c\u00c9 uma tecnologia utilizada para tratamento de flacidez de pele e tamb\u00e9m para pequenas \u00e1reas de gordura localizada. As \u00e1reas mais comumente tratadas s\u00e3o: face, pesco\u00e7o, colo, bra\u00e7os, abd\u00f4men e coxas. Observamos uma pele mais firme e com melhora da flacidez cerca de 30 a 60 dias p\u00f3s-tratamento\u201d<\/em>, acrescenta.<\/p>\n<p>A dura\u00e7\u00e3o do procedimento de ultrassom microfocado e o n\u00famero de sess\u00f5es geralmente necess\u00e1rias para alcan\u00e7ar os resultados desejados podem variar. Por\u00e9m, para flacidez \u00e9 recomendado tratamentos semestrais e para \u00e1reas de gordura localizada, recomenda-se 3 sess\u00f5es mensais e reavalia\u00e7\u00e3o do paciente.<\/p>\n<p>A utiliza\u00e7\u00e3o do Ultrassom Microfocado \u00e9 um avan\u00e7o significativo na \u00e1rea da dermatologia est\u00e9tica. Al\u00e9m de promover resultados vis\u00edveis e satisfat\u00f3rios, esse procedimento \u00e9 seguro e n\u00e3o invasivo, realizado por profissionais qualificados para garantir a melhor experi\u00eancia e os melhores resultados para os pacientes.<\/p>\n<p>A SBD-RS refor\u00e7a a import\u00e2ncia de buscar orienta\u00e7\u00e3o m\u00e9dica especializada antes de iniciar qualquer procedimento est\u00e9tico, visando a avalia\u00e7\u00e3o personalizada e a defini\u00e7\u00e3o do tratamento mais adequado.<\/p>\n<hr \/>\n<h6><strong>PlayPress | SBD-RS - Sociedade Brasileira de Dermatologia \u2013 Sec\u00e7\u00e3o RS |\u00a0Reda\u00e7\u00e3o e coordena\u00e7\u00e3o: Marcelo Matusiak |\u00a0Revis\u00e3o: Dra Val\u00e9ria Rossato | Foto: Divulga\u00e7\u00e3o<\/strong><\/h6>\n\n\n<center><iframe loading=\"lazy\" class=\"jmvplayer\" src=\"https:\/\/player.jmvstream.com\/lvw\/YYGWo5wfZuZ8fEW7Qoq1ISwhLSEDhU\" allowfullscreen allow=\"autoplay; fullscreen\" frameborder=\"0\" width=\"640\" height=\"360\" ><\/iframe><\/center>\n<\/div><\/div>","protected":false},"excerpt":{"rendered":"<p>Tecnologia pode ser utilizada em \u00e1reas como rosto, pesco\u00e7o e corpo, proporcionando um efeito de lifting natural e queima de gordura sem a necessidade de interven\u00e7\u00e3o cir\u00fargica O Ultrassom Microfocado \u00e9 um procedimento n\u00e3o invasivo que utiliza ondas de ultrassom focalizadas de alta intensidade para estimular a produ\u00e7\u00e3o de col\u00e1geno, resultando em uma pele mais [&hellip;]<\/p>\n","protected":false},"author":4,"featured_media":57866,"comment_status":"open","ping_status":"open","sticky":false,"template":"","format":"standard","meta":{"footnotes":""},"categories":[1],"tags":[],"class_list":["post-57865","post","type-post","status-publish","format-standard","has-post-thumbnail","hentry","category-sem-categoria"],"_links":{"self":[{"href":"http:\/\/sol.fm.br\/radio\/wp-json\/wp\/v2\/posts\/57865","targetHints":{"allow":["GET"]}}],"collection":[{"href":"http:\/\/sol.fm.br\/radio\/wp-json\/wp\/v2\/posts"}],"about":[{"href":"http:\/\/sol.fm.br\/radio\/wp-json\/wp\/v2\/types\/post"}],"author":[{"embeddable":true,"href":"http:\/\/sol.fm.br\/radio\/wp-json\/wp\/v2\/users\/4"}],"replies":[{"embeddable":true,"href":"http:\/\/sol.fm.br\/radio\/wp-json\/wp\/v2\/comments?post=57865"}],"version-history":[{"count":1,"href":"http:\/\/sol.fm.br\/radio\/wp-json\/wp\/v2\/posts\/57865\/revisions"}],"predecessor-version":[{"id":57867,"href":"http:\/\/sol.fm.br\/radio\/wp-json\/wp\/v2\/posts\/57865\/revisions\/57867"}],"wp:featuredmedia":[{"embeddable":true,"href":"http:\/\/sol.fm.br\/radio\/wp-json\/wp\/v2\/media\/57866"}],"wp:attachment":[{"href":"http:\/\/sol.fm.br\/radio\/wp-json\/wp\/v2\/media?parent=57865"}],"wp:term":[{"taxonomy":"category","embeddable":true,"href":"http:\/\/sol.fm.br\/radio\/wp-json\/wp\/v2\/categories?post=57865"},{"taxonomy":"post_tag","embeddable":true,"href":"http:\/\/sol.fm.br\/radio\/wp-json\/wp\/v2\/tags?post=57865"}],"curies":[{"name":"wp","href":"https:\/\/api.w.org\/{rel}","templated":true}]}}