{"id":71652,"date":"2025-02-07T11:03:02","date_gmt":"2025-02-07T14:03:02","guid":{"rendered":"http:\/\/sol.fm.br\/radio\/?p=71652"},"modified":"2025-02-07T11:03:03","modified_gmt":"2025-02-07T14:03:03","slug":"emater-rs-ascar-e-a-primeira-instituicao-do-governo-a-implantar-o-sistema-eletronico-de-informacoes","status":"publish","type":"post","link":"http:\/\/sol.fm.br\/radio\/emater-rs-ascar-e-a-primeira-instituicao-do-governo-a-implantar-o-sistema-eletronico-de-informacoes\/","title":{"rendered":"Emater\/RS-Ascar \u00e9 a primeira institui\u00e7\u00e3o do governo a implantar o Sistema Eletr\u00f4nico de Informa\u00e7\u00f5es"},"content":{"rendered":"<div id=\"dslc-theme-content\"><div id=\"dslc-theme-content-inner\"><p class=\"artigo__subtitulo\" style=\"text-align: center;\"><em>Ades\u00e3o ao SEI possibilitar\u00e1 a integra\u00e7\u00e3o de processos eletr\u00f4nicos com os demais entes administrativos do Estado<\/em><\/p>\n<p>A Empresa de Assist\u00eancia T\u00e9cnica e Extens\u00e3o Rural do Rio Grande do Sul e Associa\u00e7\u00e3o Sulina de Cr\u00e9dito e Assist\u00eancia Rural (Emater\/RS-Ascar) tornou-se a primeira institui\u00e7\u00e3o do governo estadual a implantar o Sistema Eletr\u00f4nico de Informa\u00e7\u00f5es (SEI), ferramenta de gest\u00e3o de processos e documentos eletr\u00f4nicos. O ato que formalizou a ades\u00e3o foi realizado nesta quinta-feira (6\/2), com a presen\u00e7a do secret\u00e1rio-adjunto da Secretaria de Planejamento, Governan\u00e7a e Gest\u00e3o (SPGG), Bruno Silveira, e do presidente da Emater\/RS-Ascar, Luciano Schwerz. O sistema j\u00e1 est\u00e1 dispon\u00edvel para os servidores do \u00f3rg\u00e3o, escolhido para ser piloto no projeto de expans\u00e3o do SEI no Estado.<\/p>\n<p>A a\u00e7\u00e3o \u00e9 fruto da parceria, iniciada em 2024, entre o governo do Rio Grande do Sul, o Minist\u00e9rio da Gest\u00e3o e da Inova\u00e7\u00e3o em Servi\u00e7os P\u00fablicos (MGI) e o Tribunal Regional Federal da 4\u00aa Regi\u00e3o (TRF4), desenvolvedor do sistema. Os projetos-piloto servir\u00e3o como base para a expans\u00e3o do SEI RS, garantindo que a ferramenta seja implementada de forma eficiente e adaptada \u00e0s demandas da administra\u00e7\u00e3o p\u00fablica estadual.<\/p>\n<p>A implanta\u00e7\u00e3o do SEI no RS \u00e9 liderada pela SPGG, por meio da Subsecretaria de Governan\u00e7a e Estrat\u00e9gia de TIC e Digital (STI). A execu\u00e7\u00e3o est\u00e1 a cargo da Divis\u00e3o de Solu\u00e7\u00f5es Digitais da STI, com o apoio do Arquivo P\u00fablico do Estado do Rio Grande do Sul (Apers) e da Procergs.<\/p>\n<p><em>\u201cA implanta\u00e7\u00e3o do SEI na Emater \u00e9 um ato de extrema import\u00e2ncia, um grande passo para toda a administra\u00e7\u00e3o do Estado, em que caminhamos para a integra\u00e7\u00e3o dos processos eletr\u00f4nicos com os demais entes administrativos. Esta parceria busca desburocratizar e promover mais agilidade e seguran\u00e7a na movimenta\u00e7\u00e3o de documentos da administra\u00e7\u00e3o p\u00fablica\u201d<\/em>, enfatizou o secret\u00e1rio-adjunto da SPGG, Bruno Silveira.<\/p>\n<p>O SEI RS tamb\u00e9m ser\u00e1 disponibilizado em breve aos munic\u00edpios, permitindo que governos locais modernizem seus processos administrativos e ampliem a digitaliza\u00e7\u00e3o da gest\u00e3o p\u00fablica. No \u00e2mbito estadual, os pr\u00f3ximos pilotos ser\u00e3o realizados na InvestRS, Cage e PGE-RS.<\/p>\n<p><em>\"Este foi um momento muito aguardado institucionalmente. Ficamos muito felizes de sermos o piloto no governo do Estado para a implanta\u00e7\u00e3o do SEI, um sistema que permite uma s\u00e9rie de controles e registros, que tende a agilizar e tornar mais eficiente a gest\u00e3o dos processos<\/em>\", ressaltou o presidente da Emater\/RS-Ascar, Luciano Schwerz.<\/p>\n<hr \/>\n<h6><strong>GOV RS | Texto: Karine Paix\u00e3o\/Ascom SPGG | Edi\u00e7\u00e3o: Secom | Foto: Daniele Machado\/SPGG<\/strong><\/h6>\n\n\n<center><iframe loading=\"lazy\" class=\"jmvplayer\" src=\"https:\/\/player.jmvstream.com\/lvw\/YYGWo5wfZuZ8fEW7Qoq1ISwhLSEDhU\" allowfullscreen allow=\"autoplay; fullscreen\" frameborder=\"0\" width=\"640\" height=\"360\" ><\/iframe><\/center>\n<\/div><\/div>","protected":false},"excerpt":{"rendered":"<p>Ades\u00e3o ao SEI possibilitar\u00e1 a integra\u00e7\u00e3o de processos eletr\u00f4nicos com os demais entes administrativos do Estado A Empresa de Assist\u00eancia T\u00e9cnica e Extens\u00e3o Rural do Rio Grande do Sul e Associa\u00e7\u00e3o Sulina de Cr\u00e9dito e Assist\u00eancia Rural (Emater\/RS-Ascar) tornou-se a primeira institui\u00e7\u00e3o do governo estadual a implantar o Sistema Eletr\u00f4nico de Informa\u00e7\u00f5es (SEI), ferramenta de [&hellip;]<\/p>\n","protected":false},"author":4,"featured_media":71653,"comment_status":"open","ping_status":"open","sticky":false,"template":"","format":"standard","meta":{"footnotes":""},"categories":[1],"tags":[],"class_list":["post-71652","post","type-post","status-publish","format-standard","has-post-thumbnail","hentry","category-sem-categoria"],"_links":{"self":[{"href":"http:\/\/sol.fm.br\/radio\/wp-json\/wp\/v2\/posts\/71652","targetHints":{"allow":["GET"]}}],"collection":[{"href":"http:\/\/sol.fm.br\/radio\/wp-json\/wp\/v2\/posts"}],"about":[{"href":"http:\/\/sol.fm.br\/radio\/wp-json\/wp\/v2\/types\/post"}],"author":[{"embeddable":true,"href":"http:\/\/sol.fm.br\/radio\/wp-json\/wp\/v2\/users\/4"}],"replies":[{"embeddable":true,"href":"http:\/\/sol.fm.br\/radio\/wp-json\/wp\/v2\/comments?post=71652"}],"version-history":[{"count":1,"href":"http:\/\/sol.fm.br\/radio\/wp-json\/wp\/v2\/posts\/71652\/revisions"}],"predecessor-version":[{"id":71654,"href":"http:\/\/sol.fm.br\/radio\/wp-json\/wp\/v2\/posts\/71652\/revisions\/71654"}],"wp:featuredmedia":[{"embeddable":true,"href":"http:\/\/sol.fm.br\/radio\/wp-json\/wp\/v2\/media\/71653"}],"wp:attachment":[{"href":"http:\/\/sol.fm.br\/radio\/wp-json\/wp\/v2\/media?parent=71652"}],"wp:term":[{"taxonomy":"category","embeddable":true,"href":"http:\/\/sol.fm.br\/radio\/wp-json\/wp\/v2\/categories?post=71652"},{"taxonomy":"post_tag","embeddable":true,"href":"http:\/\/sol.fm.br\/radio\/wp-json\/wp\/v2\/tags?post=71652"}],"curies":[{"name":"wp","href":"https:\/\/api.w.org\/{rel}","templated":true}]}}