{"id":77281,"date":"2025-08-21T08:58:37","date_gmt":"2025-08-21T11:58:37","guid":{"rendered":"http:\/\/sol.fm.br\/radio\/?p=77281"},"modified":"2025-08-21T08:58:39","modified_gmt":"2025-08-21T11:58:39","slug":"pecanicultores-mostram-potencial-da-producao-durante-a-expointer","status":"publish","type":"post","link":"http:\/\/sol.fm.br\/radio\/pecanicultores-mostram-potencial-da-producao-durante-a-expointer\/","title":{"rendered":"Pecanicultores mostram potencial da produ\u00e7\u00e3o durante a Expointer"},"content":{"rendered":"<div id=\"dslc-theme-content\"><div id=\"dslc-theme-content-inner\"><p style=\"text-align: center;\"><em>IBPecan apresenta produtos aliment\u00edcios e cosm\u00e9ticos derivados da nogueira-pec\u00e3, promove degusta\u00e7\u00f5es e realiza semin\u00e1rio sobre produ\u00e7\u00e3o na feira em Esteio (RS)<\/em><\/p>\n<p>O Instituto Brasileiro de Pecanicultura (IBPecan) estar\u00e1 presente na 48\u00aa Expointer, realizada de 30 de agosto a 7 de setembro de 2025, no Parque de Exposi\u00e7\u00f5es Assis Brasil, em Esteio (RS). A entidade participar\u00e1 em parceria com a Secretaria da Agricultura, Pecu\u00e1ria, Produ\u00e7\u00e3o Sustent\u00e1vel e Irriga\u00e7\u00e3o (Seapi), compartilhando espa\u00e7o com o setor de oliveiras e erva-mate.<\/p>\n<p>O estande do IBPecan reunir\u00e1 empresas associadas que ir\u00e3o expor e comercializar produtos aliment\u00edcios e cosm\u00e9ticos derivados da noz-pec\u00e3, al\u00e9m de apresentar novas tecnologias e promover degusta\u00e7\u00f5es. Segundo o presidente do Instituto, Claiton Wallauer, a participa\u00e7\u00e3o \u00e9 estrat\u00e9gica para ampliar a visibilidade do setor. \u201c<em>Vamos mostrar a for\u00e7a e o crescimento da pecanicultura no Brasil, apresentando resultados de novas pesquisas, dados da \u00faltima safra e novidades para a pr\u00f3xima temporada<\/em>\u201d, destaca.<\/p>\n<p>A programa\u00e7\u00e3o t\u00e9cnica ser\u00e1 um dos pontos altos da participa\u00e7\u00e3o. Na quinta-feira, 4 de setembro, durante a tarde, o IBPecan promover\u00e1 no audit\u00f3rio do Senar uma s\u00e9rie de palestras com especialistas e representantes do mercado da nogueira-pec\u00e3, abordando temas como produ\u00e7\u00e3o, tecnologias e equipamentos. <em>\u201cSer\u00e1 um momento importante para reunir produtores, fornecedores e t\u00e9cnicos, promovendo a troca de conhecimento e fortalecendo toda a cadeia produtiva<\/em>\u201d, ressalta Wallauer.<\/p>\n<p>Ao longo de todos os dias da feira, o estande estar\u00e1 aberto para receber visitantes, produtores e parceiros interessados em conhecer mais sobre a cultura da nogueira-pec\u00e3. <em>\u201cEstaremos de portas abertas e de cora\u00e7\u00e3o aberto para conversar, esclarecer d\u00favidas e fortalecer nosso relacionamento com o p\u00fablico e o mercado<\/em>\u201d, completa o presidente do IBPecan.<\/p>\n<hr \/>\n<h6><strong>AgroEffective | Assessoria de Comunica\u00e7\u00e3o do Instituto Brasileiro de Pecanicultura (IBPecan) | <span style=\"font-size: revert; color: initial;\">Foto: IBPecan\/Divulga\u00e7\u00e3o |\u00a0<\/span>Texto: Nestor Tipa J\u00fanior\/AgroEffective<\/strong><\/h6>\n\n\n<center><iframe loading=\"lazy\" class=\"jmvplayer\" src=\"https:\/\/player.jmvstream.com\/lvw\/YYGWo5wfZuZ8fEW7Qoq1ISwhLSEDhU\" allowfullscreen allow=\"autoplay; fullscreen\" frameborder=\"0\" width=\"640\" height=\"360\" ><\/iframe><\/center>\n<\/div><\/div>","protected":false},"excerpt":{"rendered":"<p>IBPecan apresenta produtos aliment\u00edcios e cosm\u00e9ticos derivados da nogueira-pec\u00e3, promove degusta\u00e7\u00f5es e realiza semin\u00e1rio sobre produ\u00e7\u00e3o na feira em Esteio (RS) O Instituto Brasileiro de Pecanicultura (IBPecan) estar\u00e1 presente na 48\u00aa Expointer, realizada de 30 de agosto a 7 de setembro de 2025, no Parque de Exposi\u00e7\u00f5es Assis Brasil, em Esteio (RS). A entidade participar\u00e1 [&hellip;]<\/p>\n","protected":false},"author":4,"featured_media":77282,"comment_status":"open","ping_status":"open","sticky":false,"template":"","format":"standard","meta":{"footnotes":""},"categories":[1],"tags":[],"class_list":["post-77281","post","type-post","status-publish","format-standard","has-post-thumbnail","hentry","category-sem-categoria"],"_links":{"self":[{"href":"http:\/\/sol.fm.br\/radio\/wp-json\/wp\/v2\/posts\/77281","targetHints":{"allow":["GET"]}}],"collection":[{"href":"http:\/\/sol.fm.br\/radio\/wp-json\/wp\/v2\/posts"}],"about":[{"href":"http:\/\/sol.fm.br\/radio\/wp-json\/wp\/v2\/types\/post"}],"author":[{"embeddable":true,"href":"http:\/\/sol.fm.br\/radio\/wp-json\/wp\/v2\/users\/4"}],"replies":[{"embeddable":true,"href":"http:\/\/sol.fm.br\/radio\/wp-json\/wp\/v2\/comments?post=77281"}],"version-history":[{"count":1,"href":"http:\/\/sol.fm.br\/radio\/wp-json\/wp\/v2\/posts\/77281\/revisions"}],"predecessor-version":[{"id":77283,"href":"http:\/\/sol.fm.br\/radio\/wp-json\/wp\/v2\/posts\/77281\/revisions\/77283"}],"wp:featuredmedia":[{"embeddable":true,"href":"http:\/\/sol.fm.br\/radio\/wp-json\/wp\/v2\/media\/77282"}],"wp:attachment":[{"href":"http:\/\/sol.fm.br\/radio\/wp-json\/wp\/v2\/media?parent=77281"}],"wp:term":[{"taxonomy":"category","embeddable":true,"href":"http:\/\/sol.fm.br\/radio\/wp-json\/wp\/v2\/categories?post=77281"},{"taxonomy":"post_tag","embeddable":true,"href":"http:\/\/sol.fm.br\/radio\/wp-json\/wp\/v2\/tags?post=77281"}],"curies":[{"name":"wp","href":"https:\/\/api.w.org\/{rel}","templated":true}]}}