{"id":78151,"date":"2025-09-15T16:04:07","date_gmt":"2025-09-15T19:04:07","guid":{"rendered":"http:\/\/sol.fm.br\/radio\/?p=78151"},"modified":"2025-09-15T16:04:09","modified_gmt":"2025-09-15T19:04:09","slug":"o-fim-da-formula-pronta-por-que-a-era-das-agencias-genericas-esta-com-os-dias-contados","status":"publish","type":"post","link":"http:\/\/sol.fm.br\/radio\/o-fim-da-formula-pronta-por-que-a-era-das-agencias-genericas-esta-com-os-dias-contados\/","title":{"rendered":"O fim da f\u00f3rmula pronta: por que a era das ag\u00eancias gen\u00e9ricas est\u00e1 com os dias contados"},"content":{"rendered":"<div id=\"dslc-theme-content\"><div id=\"dslc-theme-content-inner\"><div>\n<p style=\"text-align: center;\"><i data-olk-copy-source=\"MessageBody\">No novo ciclo do marketing digital, personaliza\u00e7\u00e3o estrat\u00e9gica e posicionamento claro se tornam indispens\u00e1veis para a sobreviv\u00eancia das ag\u00eancias.<\/i><\/p>\n<div>\n<p>Recentes dados refor\u00e7am uma tend\u00eancia clara: clientes rejeitam abordagens gen\u00e9ricas. Uma pesquisa da Advertising Finland publicada em janeiro de 2025 destaca que j\u00e1 n\u00e3o basta alcan\u00e7ar muitos, o futuro est\u00e1 na integra\u00e7\u00e3o coerente entre canais, com mensagens alinhadas ao cliente e contexto real.<\/p>\n<p>Para Robson V. Leite, especialista em estrutura\u00e7\u00e3o e crescimento de ag\u00eancias e fundador do Ag\u00eancia de Valor, esse cen\u00e1rio representa um ponto de virada no mercado. \u201c<em>A ag\u00eancia gen\u00e9rica est\u00e1 morrendo. O cliente n\u00e3o quer mais pacotes, quer solu\u00e7\u00f5es que entendam o contexto, o momento e o desafio dele. S\u00f3 quem tiver posicionamento, processo e intelig\u00eancia vai sobreviver\u201d<\/em>, afirma.<\/p>\n<p>Segundo ele, o erro est\u00e1 em querer escalar sem antes escolher um nicho, entender uma dor espec\u00edfica e construir um modelo que gere resultado repet\u00edvel para aquele p\u00fablico. \u201c<em>A ag\u00eancia que vende \u2018marketing digital\u2019 no geral est\u00e1 fadada \u00e0 compara\u00e7\u00e3o de pre\u00e7o. Agora, quem resolve um problema real com m\u00e9todo pr\u00f3prio, essa sim constr\u00f3i autoridade e escala com previsibilidade<\/em>\u201d, aponta.<\/p>\n<p>Nesse novo ciclo, cresce a demanda por ag\u00eancias especialistas: n\u00e3o apenas em segmentos (como sa\u00fade, educa\u00e7\u00e3o ou varejo), mas tamb\u00e9m em solu\u00e7\u00f5es (como reten\u00e7\u00e3o, recupera\u00e7\u00e3o de receita ou funis de vendas complexos). O mercado valoriza quem sabe aprofundar e liderar processos com dom\u00ednio.<\/p>\n<p>Outro ponto fundamental \u00e9 a capacidade anal\u00edtica. \u201c<em>Quem n\u00e3o faz diagn\u00f3stico, n\u00e3o tem estrat\u00e9gia. E sem estrat\u00e9gia, o conte\u00fado vira ru\u00eddo, a m\u00eddia vira gasto e o branding vira cosm\u00e9tico\u201d<\/em>, alerta Robson. Para ele, o futuro \u00e9 das ag\u00eancias que pensam como consultorias e agem com a velocidade do digital.<\/p>\n<p>Essa mudan\u00e7a tamb\u00e9m est\u00e1 impactando os pr\u00f3prios donos de ag\u00eancia, que agora precisam deixar de ser apenas executores criativos para se tornarem estrategistas de neg\u00f3cio. \u201c<em>O futuro da ag\u00eancia est\u00e1 em quem domina tr\u00eas pilares: posicionamento claro, processo previs\u00edvel e profundidade anal\u00edtica<\/em>\u201d, conclui.<\/p>\n<p>Em tempos de satura\u00e7\u00e3o de conte\u00fado, tecnologia acess\u00edvel e IA generativa, o que separa as ag\u00eancias que crescem daquelas que desaparecem n\u00e3o \u00e9 a est\u00e9tica, \u00e9 a estrat\u00e9gia.<\/p>\n<hr \/>\n<h6><strong>Sua Nova Ideia<\/strong><\/h6>\n<\/div>\n<\/div>\n\n\n<center><iframe loading=\"lazy\" class=\"jmvplayer\" src=\"https:\/\/player.jmvstream.com\/lvw\/YYGWo5wfZuZ8fEW7Qoq1ISwhLSEDhU\" allowfullscreen allow=\"autoplay; fullscreen\" frameborder=\"0\" width=\"640\" height=\"360\" ><\/iframe><\/center>\n<\/div><\/div>","protected":false},"excerpt":{"rendered":"<p>No novo ciclo do marketing digital, personaliza\u00e7\u00e3o estrat\u00e9gica e posicionamento claro se tornam indispens\u00e1veis para a sobreviv\u00eancia das ag\u00eancias. Recentes dados refor\u00e7am uma tend\u00eancia clara: clientes rejeitam abordagens gen\u00e9ricas. Uma pesquisa da Advertising Finland publicada em janeiro de 2025 destaca que j\u00e1 n\u00e3o basta alcan\u00e7ar muitos, o futuro est\u00e1 na integra\u00e7\u00e3o coerente entre canais, com [&hellip;]<\/p>\n","protected":false},"author":4,"featured_media":78152,"comment_status":"open","ping_status":"open","sticky":false,"template":"","format":"standard","meta":{"footnotes":""},"categories":[9],"tags":[],"class_list":["post-78151","post","type-post","status-publish","format-standard","has-post-thumbnail","hentry","category-alvaro-flores"],"_links":{"self":[{"href":"http:\/\/sol.fm.br\/radio\/wp-json\/wp\/v2\/posts\/78151","targetHints":{"allow":["GET"]}}],"collection":[{"href":"http:\/\/sol.fm.br\/radio\/wp-json\/wp\/v2\/posts"}],"about":[{"href":"http:\/\/sol.fm.br\/radio\/wp-json\/wp\/v2\/types\/post"}],"author":[{"embeddable":true,"href":"http:\/\/sol.fm.br\/radio\/wp-json\/wp\/v2\/users\/4"}],"replies":[{"embeddable":true,"href":"http:\/\/sol.fm.br\/radio\/wp-json\/wp\/v2\/comments?post=78151"}],"version-history":[{"count":1,"href":"http:\/\/sol.fm.br\/radio\/wp-json\/wp\/v2\/posts\/78151\/revisions"}],"predecessor-version":[{"id":78153,"href":"http:\/\/sol.fm.br\/radio\/wp-json\/wp\/v2\/posts\/78151\/revisions\/78153"}],"wp:featuredmedia":[{"embeddable":true,"href":"http:\/\/sol.fm.br\/radio\/wp-json\/wp\/v2\/media\/78152"}],"wp:attachment":[{"href":"http:\/\/sol.fm.br\/radio\/wp-json\/wp\/v2\/media?parent=78151"}],"wp:term":[{"taxonomy":"category","embeddable":true,"href":"http:\/\/sol.fm.br\/radio\/wp-json\/wp\/v2\/categories?post=78151"},{"taxonomy":"post_tag","embeddable":true,"href":"http:\/\/sol.fm.br\/radio\/wp-json\/wp\/v2\/tags?post=78151"}],"curies":[{"name":"wp","href":"https:\/\/api.w.org\/{rel}","templated":true}]}}