{"id":78259,"date":"2025-09-17T15:53:59","date_gmt":"2025-09-17T18:53:59","guid":{"rendered":"http:\/\/sol.fm.br\/radio\/?p=78259"},"modified":"2025-09-17T15:54:01","modified_gmt":"2025-09-17T18:54:01","slug":"conexao-sao-joao-saber-e-cuidar-recebe-profissionais-do-google-para-compartilhar-tendencias-do-futuro-do-marketing","status":"publish","type":"post","link":"http:\/\/sol.fm.br\/radio\/conexao-sao-joao-saber-e-cuidar-recebe-profissionais-do-google-para-compartilhar-tendencias-do-futuro-do-marketing\/","title":{"rendered":"Conex\u00e3o S\u00e3o Jo\u00e3o: Saber e Cuidar recebe profissionais do Google para compartilhar tend\u00eancias do futuro do marketing"},"content":{"rendered":"<div id=\"dslc-theme-content\"><div id=\"dslc-theme-content-inner\"><p class=\"x_MsoNormal\" style=\"text-align: center;\"><i data-olk-copy-source=\"MessageBody\">Encontro com lideran\u00e7as trouxe insights sobre comportamento do consumidor, novas din\u00e2micas culturais e futuro dos neg\u00f3cios.<\/i><\/p>\n<p class=\"x_MsoNormal\" aria-hidden=\"true\">\u00a0<\/p>\n<p class=\"x_MsoNormal\">O programa\u00a0<b>Conex\u00e3o S\u00e3o Jo\u00e3o: Saber e Cuidar<\/b>, iniciativa da\u00a0<a title=\"https:\/\/www.saojoaofarmacias.com.br\" href=\"https:\/\/www.saojoaofarmacias.com.br\/\" target=\"_blank\" rel=\"noopener noreferrer\" data-auth=\"NotApplicable\" data-linkindex=\"0\">Rede de Farm\u00e1cias S\u00e3o Jo\u00e3o<\/a>\u00a0voltada \u00e0 promo\u00e7\u00e3o de conhecimento e bem-estar, contou nesta semana com uma participa\u00e7\u00e3o especial: a visita de\u00a0Fernanda Bromfman,\u00a0head de varejo multicanal e\u00a0Carolina Fernandes,\u00a0gerente de Contas S\u00eanior do Google.<\/p>\n<p class=\"x_MsoNormal\" aria-hidden=\"true\"><img loading=\"lazy\" decoding=\"async\" class=\"alignnone size-medium wp-image-78261 aligncenter\" src=\"http:\/\/sol.fm.br\/radio\/wp-content\/uploads\/2025\/09\/91-400x300.jpeg\" alt=\"\" width=\"400\" height=\"300\" srcset=\"http:\/\/sol.fm.br\/radio\/wp-content\/uploads\/2025\/09\/91-400x300.jpeg 400w, http:\/\/sol.fm.br\/radio\/wp-content\/uploads\/2025\/09\/91-768x576.jpeg 768w, http:\/\/sol.fm.br\/radio\/wp-content\/uploads\/2025\/09\/91-1536x1152.jpeg 1536w, http:\/\/sol.fm.br\/radio\/wp-content\/uploads\/2025\/09\/91.jpeg 1600w\" sizes=\"auto, (max-width: 400px) 100vw, 400px\" \/><\/p>\n<p class=\"x_MsoNormal\">Em encontro com lideran\u00e7as e equipes, de forma presencial e online, as executivas compartilharam insights sobre as transforma\u00e7\u00f5es que est\u00e3o redesenhando o marketing e os neg\u00f3cios no Brasil e no mundo.<\/p>\n<p class=\"x_MsoNormal\">Segundo Fernanda Bromfman, o marketing como conhecemos est\u00e1 sendo redesenhado por\u00a0tr\u00eas for\u00e7as poderosas: as mudan\u00e7as r\u00e1pidas no comportamento do consumidor, as novas din\u00e2micas culturais e o redesenho das fronteiras entre os setores. \u201c<em>No centro de tudo, est\u00e1 a necessidade de entender o consumidor de forma estrat\u00e9gica. N\u00e3o se trata mais de apenas vender um produto, mas de construir relev\u00e2ncia em um contexto que muda o tempo todo<\/em>\u201d, destacou.<\/p>\n<p><img loading=\"lazy\" decoding=\"async\" class=\"alignnone size-medium wp-image-78264 aligncenter\" src=\"http:\/\/sol.fm.br\/radio\/wp-content\/uploads\/2025\/09\/93-400x300.jpeg\" alt=\"\" width=\"400\" height=\"300\" srcset=\"http:\/\/sol.fm.br\/radio\/wp-content\/uploads\/2025\/09\/93-400x300.jpeg 400w, http:\/\/sol.fm.br\/radio\/wp-content\/uploads\/2025\/09\/93-768x576.jpeg 768w, http:\/\/sol.fm.br\/radio\/wp-content\/uploads\/2025\/09\/93-1536x1152.jpeg 1536w, http:\/\/sol.fm.br\/radio\/wp-content\/uploads\/2025\/09\/93.jpeg 1600w\" sizes=\"auto, (max-width: 400px) 100vw, 400px\" \/><\/p>\n<p class=\"x_MsoNormal\">A visita refor\u00e7ou a import\u00e2ncia de estar conectado \u00e0s tend\u00eancias globais e de buscar estrat\u00e9gias inovadoras para fortalecer a rela\u00e7\u00e3o com o consumidor. Para profissionais que desejam n\u00e3o apenas acompanhar, mas tamb\u00e9m\u00a0protagonizar essa transforma\u00e7\u00e3o, o artigo publicado no\u00a0Think with Google Brasil apresenta um mapa claro sobre os pilares que est\u00e3o moldando o futuro do marketing e dos neg\u00f3cios.<\/p>\n<p class=\"x_MsoNormal\"><img loading=\"lazy\" decoding=\"async\" class=\"alignnone size-medium wp-image-78262 alignleft\" src=\"http:\/\/sol.fm.br\/radio\/wp-content\/uploads\/2025\/09\/92-400x300.jpeg\" alt=\"\" width=\"400\" height=\"300\" srcset=\"http:\/\/sol.fm.br\/radio\/wp-content\/uploads\/2025\/09\/92-400x300.jpeg 400w, http:\/\/sol.fm.br\/radio\/wp-content\/uploads\/2025\/09\/92-768x576.jpeg 768w, http:\/\/sol.fm.br\/radio\/wp-content\/uploads\/2025\/09\/92-1536x1152.jpeg 1536w, http:\/\/sol.fm.br\/radio\/wp-content\/uploads\/2025\/09\/92.jpeg 1600w\" sizes=\"auto, (max-width: 400px) 100vw, 400px\" \/> <img loading=\"lazy\" decoding=\"async\" class=\"alignnone size-medium wp-image-78263 alignleft\" src=\"http:\/\/sol.fm.br\/radio\/wp-content\/uploads\/2025\/09\/94-400x300.jpeg\" alt=\"\" width=\"400\" height=\"300\" srcset=\"http:\/\/sol.fm.br\/radio\/wp-content\/uploads\/2025\/09\/94-400x300.jpeg 400w, http:\/\/sol.fm.br\/radio\/wp-content\/uploads\/2025\/09\/94-768x576.jpeg 768w, http:\/\/sol.fm.br\/radio\/wp-content\/uploads\/2025\/09\/94-1536x1152.jpeg 1536w, http:\/\/sol.fm.br\/radio\/wp-content\/uploads\/2025\/09\/94.jpeg 1600w\" sizes=\"auto, (max-width: 400px) 100vw, 400px\" \/><\/p>\n<p class=\"x_MsoNormal\">O\u00a0<b>Conex\u00e3o S\u00e3o Jo\u00e3o: Saber e Cuidar<\/b>\u00a0segue cumprindo seu prop\u00f3sito de trazer debates e experi\u00eancias que unem inova\u00e7\u00e3o, cuidado e aprendizado, aproximando colaboradores e parceiros dos grandes temas que impactam a sociedade e o mercado.<\/p>\n<hr \/>\n<h6><strong>Rede de Farm\u00e1cias S\u00e3o Jo\u00e3o<\/strong><\/h6>\n\n\n<center><iframe loading=\"lazy\" class=\"jmvplayer\" src=\"https:\/\/player.jmvstream.com\/lvw\/YYGWo5wfZuZ8fEW7Qoq1ISwhLSEDhU\" allowfullscreen allow=\"autoplay; fullscreen\" frameborder=\"0\" width=\"640\" height=\"360\" ><\/iframe><\/center>\n<\/div><\/div>","protected":false},"excerpt":{"rendered":"<p>Encontro com lideran\u00e7as trouxe insights sobre comportamento do consumidor, novas din\u00e2micas culturais e futuro dos neg\u00f3cios. \u00a0 O programa\u00a0Conex\u00e3o S\u00e3o Jo\u00e3o: Saber e Cuidar, iniciativa da\u00a0Rede de Farm\u00e1cias S\u00e3o Jo\u00e3o\u00a0voltada \u00e0 promo\u00e7\u00e3o de conhecimento e bem-estar, contou nesta semana com uma participa\u00e7\u00e3o especial: a visita de\u00a0Fernanda Bromfman,\u00a0head de varejo multicanal e\u00a0Carolina Fernandes,\u00a0gerente de Contas S\u00eanior [&hellip;]<\/p>\n","protected":false},"author":4,"featured_media":78260,"comment_status":"open","ping_status":"open","sticky":false,"template":"","format":"standard","meta":{"footnotes":""},"categories":[1],"tags":[],"class_list":["post-78259","post","type-post","status-publish","format-standard","has-post-thumbnail","hentry","category-sem-categoria"],"_links":{"self":[{"href":"http:\/\/sol.fm.br\/radio\/wp-json\/wp\/v2\/posts\/78259","targetHints":{"allow":["GET"]}}],"collection":[{"href":"http:\/\/sol.fm.br\/radio\/wp-json\/wp\/v2\/posts"}],"about":[{"href":"http:\/\/sol.fm.br\/radio\/wp-json\/wp\/v2\/types\/post"}],"author":[{"embeddable":true,"href":"http:\/\/sol.fm.br\/radio\/wp-json\/wp\/v2\/users\/4"}],"replies":[{"embeddable":true,"href":"http:\/\/sol.fm.br\/radio\/wp-json\/wp\/v2\/comments?post=78259"}],"version-history":[{"count":1,"href":"http:\/\/sol.fm.br\/radio\/wp-json\/wp\/v2\/posts\/78259\/revisions"}],"predecessor-version":[{"id":78265,"href":"http:\/\/sol.fm.br\/radio\/wp-json\/wp\/v2\/posts\/78259\/revisions\/78265"}],"wp:featuredmedia":[{"embeddable":true,"href":"http:\/\/sol.fm.br\/radio\/wp-json\/wp\/v2\/media\/78260"}],"wp:attachment":[{"href":"http:\/\/sol.fm.br\/radio\/wp-json\/wp\/v2\/media?parent=78259"}],"wp:term":[{"taxonomy":"category","embeddable":true,"href":"http:\/\/sol.fm.br\/radio\/wp-json\/wp\/v2\/categories?post=78259"},{"taxonomy":"post_tag","embeddable":true,"href":"http:\/\/sol.fm.br\/radio\/wp-json\/wp\/v2\/tags?post=78259"}],"curies":[{"name":"wp","href":"https:\/\/api.w.org\/{rel}","templated":true}]}}