{"id":78484,"date":"2025-09-24T11:20:38","date_gmt":"2025-09-24T14:20:38","guid":{"rendered":"http:\/\/sol.fm.br\/radio\/?p=78484"},"modified":"2025-09-24T11:20:40","modified_gmt":"2025-09-24T14:20:40","slug":"campanha-doe-que-o-sicredi-dobra-ira-beneficiar-hospital-sao-jose-de-palmares-do-sul","status":"publish","type":"post","link":"http:\/\/sol.fm.br\/radio\/campanha-doe-que-o-sicredi-dobra-ira-beneficiar-hospital-sao-jose-de-palmares-do-sul\/","title":{"rendered":"Campanha Doe que o Sicredi Dobra ir\u00e1 beneficiar Hospital S\u00e3o Jos\u00e9 de Palmares do Sul"},"content":{"rendered":"<div id=\"dslc-theme-content\"><div id=\"dslc-theme-content-inner\"><p><i data-olk-copy-source=\"MessageBody\">Nova edi\u00e7\u00e3o de projeto da Sicredi Caminho das \u00c1guas visa direcionar recursos para aumento nos atendimentos de urg\u00eancia<\/i><\/p>\n<div>\n<p>O projeto\u00a0Doe que o Sicredi Dobra, iniciativa da Sicredi Caminho das \u00c1guas, j\u00e1 come\u00e7ou. Chegando \u00e0 sua terceira edi\u00e7\u00e3o, a entidade a ser beneficiada com a a\u00e7\u00e3o, desta vez, ser\u00e1 o Hospital S\u00e3o Jos\u00e9, localizado no munic\u00edpio de\u00a0Palmares do Sul. Refer\u00eancia em urg\u00eancia e emerg\u00eancia m\u00e9dica, a institui\u00e7\u00e3o atua h\u00e1 77 anos no atendimento di\u00e1rio e 24 horas de milhares de pessoas.<\/p>\n<p>Por conta da sua localiza\u00e7\u00e3o, pr\u00f3xima a importantes rodovias e outros munic\u00edpios da regi\u00e3o litor\u00e2nea, o hospital beneficente apresenta alta demanda, com m\u00e9dia de 6 mil atendimentos por m\u00eas. Recebe pacientes de todas as faixas et\u00e1rias e \u00e9 o \u00fanico a atender em regime de plant\u00e3o, como em casos de acidentes de tr\u00e2nsito que acontecem \u00e0 noite. \u2060<\/p>\n<p>O valor recebido ser\u00e1 utilizado para a amplia\u00e7\u00e3o e reestrutura\u00e7\u00e3o da Sala Vermelha, tamb\u00e9m chamada de Urg\u00eancia e Emerg\u00eancia, fundamental para a comunidade. Com o projeto, ser\u00e1 poss\u00edvel a amplia\u00e7\u00e3o de mais um leito para atender casos urgentes, de forma a garantir melhores condi\u00e7\u00f5es f\u00edsicas, tecnol\u00f3gicas e funcionais para o atendimento de pacientes em estado cr\u00edtico, com mais seguran\u00e7a, efici\u00eancia e humaniza\u00e7\u00e3o. Hoje, h\u00e1 apenas um leito para essa finalidade. Com o novo espa\u00e7o consolidado, o hospital passar\u00e1 a contar com uma verba estadual de R$ 50 mil mensais, dispon\u00edvel por cada leito da Sala Vermelha para possibilitar seu uso e manuten\u00e7\u00e3o.<\/p>\n<p>Conforme o presidente do Hospital S\u00e3o Jos\u00e9, Roberto Hirtz Dutra, a meta a ser alcan\u00e7ada \u00e9 obter o valor do material e da m\u00e3o de obra necess\u00e1rios para a obra. \u201c<em>A amplia\u00e7\u00e3o \u00e9 para conseguirmos realizar um melhor atendimento n\u00e3o apenas para Palmares do Sul, mas tamb\u00e9m para os munic\u00edpios de\u00a0Capivari do Sul, Balne\u00e1rio Pinhal, Mostardas\u00a0e para os turistas durante a \u00e9poca de veraneio, quando h\u00e1 significativo aumento de atendimentos. Al\u00e9m disso, atendemos v\u00edtimas de acidentes rodovi\u00e1rios da ERS-40 e da RST-101\u201d<\/em>, destaca.<\/p>\n<p>De acordo com o gerente da ag\u00eancia Sicredi de Palmares do Sul, Ismael Aguiar, a import\u00e2ncia do projeto est\u00e1 na mobiliza\u00e7\u00e3o da comunidade em prol de um objetivo em comum. <em>\u201cN\u00e3o se trata apenas de uma doa\u00e7\u00e3o da cooperativa, mas especialmente de estimular as pessoas a se movimentarem para doar, contribuindo para a melhora coletiva, o que vai ao encontro do que \u00e9 cooperativismo, que prop\u00f5e a uni\u00e3o de esfor\u00e7os\u201d<\/em>, explica.\u00a0<\/p>\n<p>Para Aguiar, a escolha pelo Hospital S\u00e3o Jos\u00e9 se d\u00e1 pela sua relev\u00e2ncia. \u201c<em>\u00c9 uma institui\u00e7\u00e3o essencial para a comunidade, pela dedica\u00e7\u00e3o dos seus colaboradores, sendo uma refer\u00eancia de cuidado. Nosso desejo \u00e9 que o hospital receba um grande volume de doa\u00e7\u00f5es e que as pessoas realmente se engajem na causa. A Sicredi Caminho das \u00c1guas ir\u00e1 dobrar o valor at\u00e9 o limite de R$ 37 mil. Al\u00e9m disso, vamos atuar na divulga\u00e7\u00e3o do projeto\u201d<\/em>, acrescenta o gerente.<\/p>\n<p>As doa\u00e7\u00f5es n\u00e3o possuem valor m\u00ednimo, sendo o valor m\u00e1ximo de R$ 10 mil por doa\u00e7\u00e3o. N\u00e3o h\u00e1 limite para o valor total a ser arrecadado na campanha e pessoas de qualquer localidade podem doar. A chave PIX da conta corrente (confira abaixo), criada especialmente para este fim, tamb\u00e9m est\u00e1 dispon\u00edvel em QR code nos materiais de divulga\u00e7\u00e3o. O projeto Doe que o Sicredi Dobra pode ser acompanhado nos perfis do Instagram @sicredicaminhodasaguas e @hospitalsaojose_hsj.<\/p>\n<p><strong>Saiba como doar<\/strong><\/p>\n<ul>\n<li>1. Escolha um valor para doar\u00a0<\/li>\n<li>2. Digite a chave PIX:\u00a0<strong>hospitalsaojosehsj@gmail.com<\/strong><\/li>\n<li>3. Confira as informa\u00e7\u00f5es:<\/li>\n<\/ul>\n<p>Nome: Hospital S\u00e3o Jos\u00e9<\/p>\n<p>Institui\u00e7\u00e3o financeira: Coop Sicredi Caminho das \u00c1guas RS\u00a0<\/p>\n<p>CNPJ: 91.884.924\/0001-53<\/p>\n<ul>\n<li>4. Confirme a doa\u00e7\u00e3o<\/li>\n<li>5. Pronto! A cada real doado, a Sicredi dobra o valor.<\/li>\n<\/ul>\n<p aria-hidden=\"true\">\u00a0<\/p>\n<p><strong>Sobre a Sicredi Caminho das \u00c1guas<\/strong><\/p>\n<p>Constitu\u00edda em 1923, a Sicredi Caminho das \u00c1guas integra o Sistema Sicredi \u2013 composto por mais de 100 cooperativas em todo o Brasil. A institui\u00e7\u00e3o oferece um portf\u00f3lio completo com mais de 300 solu\u00e7\u00f5es financeiras para liberar o potencial de pessoas e neg\u00f3cios. Com sede em Rolante (RS), re\u00fane mais de 90 mil associados em uma \u00e1rea de atua\u00e7\u00e3o que abrange 33 munic\u00edpios do Vale do Paranhana e do Litoral Norte ga\u00facho, como Igrejinha, Sapiranga, Taquara, Cap\u00e3o da Canoa, Torres, Os\u00f3rio, Tramanda\u00ed, entre outros.<\/p>\n<hr \/>\n<h6><strong>Sublinha! Comunica\u00e7\u00e3o | Assessoria de Imprensa - Sicredi Caminho das \u00c1guas | Foto: Arquivo Sicredi Caminho das \u00c1guas<\/strong><\/h6>\n<\/div>\n\n\n<center><iframe loading=\"lazy\" class=\"jmvplayer\" src=\"https:\/\/player.jmvstream.com\/lvw\/YYGWo5wfZuZ8fEW7Qoq1ISwhLSEDhU\" allowfullscreen allow=\"autoplay; fullscreen\" frameborder=\"0\" width=\"640\" height=\"360\" ><\/iframe><\/center>\n<\/div><\/div>","protected":false},"excerpt":{"rendered":"<p>Nova edi\u00e7\u00e3o de projeto da Sicredi Caminho das \u00c1guas visa direcionar recursos para aumento nos atendimentos de urg\u00eancia O projeto\u00a0Doe que o Sicredi Dobra, iniciativa da Sicredi Caminho das \u00c1guas, j\u00e1 come\u00e7ou. Chegando \u00e0 sua terceira edi\u00e7\u00e3o, a entidade a ser beneficiada com a a\u00e7\u00e3o, desta vez, ser\u00e1 o Hospital S\u00e3o Jos\u00e9, localizado no munic\u00edpio [&hellip;]<\/p>\n","protected":false},"author":4,"featured_media":78485,"comment_status":"open","ping_status":"open","sticky":false,"template":"","format":"standard","meta":{"footnotes":""},"categories":[1],"tags":[],"class_list":["post-78484","post","type-post","status-publish","format-standard","has-post-thumbnail","hentry","category-sem-categoria"],"_links":{"self":[{"href":"http:\/\/sol.fm.br\/radio\/wp-json\/wp\/v2\/posts\/78484","targetHints":{"allow":["GET"]}}],"collection":[{"href":"http:\/\/sol.fm.br\/radio\/wp-json\/wp\/v2\/posts"}],"about":[{"href":"http:\/\/sol.fm.br\/radio\/wp-json\/wp\/v2\/types\/post"}],"author":[{"embeddable":true,"href":"http:\/\/sol.fm.br\/radio\/wp-json\/wp\/v2\/users\/4"}],"replies":[{"embeddable":true,"href":"http:\/\/sol.fm.br\/radio\/wp-json\/wp\/v2\/comments?post=78484"}],"version-history":[{"count":1,"href":"http:\/\/sol.fm.br\/radio\/wp-json\/wp\/v2\/posts\/78484\/revisions"}],"predecessor-version":[{"id":78486,"href":"http:\/\/sol.fm.br\/radio\/wp-json\/wp\/v2\/posts\/78484\/revisions\/78486"}],"wp:featuredmedia":[{"embeddable":true,"href":"http:\/\/sol.fm.br\/radio\/wp-json\/wp\/v2\/media\/78485"}],"wp:attachment":[{"href":"http:\/\/sol.fm.br\/radio\/wp-json\/wp\/v2\/media?parent=78484"}],"wp:term":[{"taxonomy":"category","embeddable":true,"href":"http:\/\/sol.fm.br\/radio\/wp-json\/wp\/v2\/categories?post=78484"},{"taxonomy":"post_tag","embeddable":true,"href":"http:\/\/sol.fm.br\/radio\/wp-json\/wp\/v2\/tags?post=78484"}],"curies":[{"name":"wp","href":"https:\/\/api.w.org\/{rel}","templated":true}]}}