{"id":78497,"date":"2025-09-25T10:05:58","date_gmt":"2025-09-25T13:05:58","guid":{"rendered":"http:\/\/sol.fm.br\/radio\/?p=78497"},"modified":"2025-09-25T10:06:01","modified_gmt":"2025-09-25T13:06:01","slug":"leite-sanciona-lei-que-cria-secretaria-da-mulher-e-apresenta-titular-da-pasta-fabia-richter","status":"publish","type":"post","link":"http:\/\/sol.fm.br\/radio\/leite-sanciona-lei-que-cria-secretaria-da-mulher-e-apresenta-titular-da-pasta-fabia-richter\/","title":{"rendered":"Leite sanciona lei que cria Secretaria da Mulher e apresenta titular da pasta, F\u00e1bia Richter"},"content":{"rendered":"<div id=\"dslc-theme-content\"><div id=\"dslc-theme-content-inner\"><p class=\"artigo__subtitulo\" style=\"text-align: center;\"><em>A enfermeira e ex-prefeita de Cristal afirmou que pretende articular a\u00e7\u00f5es com munic\u00edpios<\/em><\/p>\n<p>O governador Eduardo Leite sancionou, nesta quarta-feira (24\/9), a lei que cria a Secretaria da Mulher e apresentou a enfermeira e ex-prefeita de Cristal, F\u00e1bia Richter, como titular da pasta. A iniciativa fortalece pol\u00edticas p\u00fablicas voltadas \u00e0 promo\u00e7\u00e3o dos direitos das mulheres, \u00e0 prote\u00e7\u00e3o contra a viol\u00eancia e \u00e0 amplia\u00e7\u00e3o da autonomia econ\u00f4mica.<\/p>\n<p>Em sua fala, Leite ressaltou que a cria\u00e7\u00e3o da secretaria \u00e9 mais um reflexo de como tem buscado fazer seu governo. <em>\u201cA san\u00e7\u00e3o desta lei reflete a pol\u00edtica como eu acredito, do di\u00e1logo, em que se respeitam as diferen\u00e7as e se coloca energia na constru\u00e7\u00e3o e solu\u00e7\u00e3o dos problemas para nossa popula\u00e7\u00e3o. Neste caso, para uma parcela majorit\u00e1ria da sociedade, que precisa de aten\u00e7\u00e3o especial em pol\u00edticas que devem ser transversais com tantas \u00e1reas e que ter\u00e1 melhor capacidade de resposta com esta secretaria\u201d<\/em>, destacou. \u201c<em>A pasta ser\u00e1 mais um instrumento para fazer transforma\u00e7\u00e3o de vidas no nosso Estado. E eu tenho muito orgulho de ser o governador a liderar um secretariado com a maior composi\u00e7\u00e3o feminina j\u00e1 registrada ao longo dos anos, em secretarias muito relevantes e de grande impacto\u201d<\/em>, concluiu o governador.<\/p>\n<p><img loading=\"lazy\" decoding=\"async\" class=\"alignnone size-medium wp-image-78499 aligncenter\" src=\"http:\/\/sol.fm.br\/radio\/wp-content\/uploads\/2025\/09\/11-1-400x266.jpeg\" alt=\"\" width=\"400\" height=\"266\" srcset=\"http:\/\/sol.fm.br\/radio\/wp-content\/uploads\/2025\/09\/11-1-400x266.jpeg 400w, http:\/\/sol.fm.br\/radio\/wp-content\/uploads\/2025\/09\/11-1-768x511.jpeg 768w, http:\/\/sol.fm.br\/radio\/wp-content\/uploads\/2025\/09\/11-1-600x400.jpeg 600w, http:\/\/sol.fm.br\/radio\/wp-content\/uploads\/2025\/09\/11-1.jpeg 945w\" sizes=\"auto, (max-width: 400px) 100vw, 400px\" \/><\/p>\n<p>A nova pasta ser\u00e1 comandada pela enfermeira F\u00e1bia Richter, que assumir\u00e1 a responsabilidade de estruturar e coordenar as pol\u00edticas voltadas \u00e0 promo\u00e7\u00e3o dos direitos das mulheres no Estado.<\/p>\n<p><em>\u201cA causa da mulher \u00e9 uma causa social. Quando falamos em feminic\u00eddio, tratamos do efeito, da express\u00e3o mais grave de um problema que come\u00e7a muito antes. Precisamos atuar identificando e sanando as causas. Recebo essa tarefa com alegria, por toda a minha trajet\u00f3ria na sa\u00fade, como enfermeira, e hoje fa\u00e7o um pedido de colabora\u00e7\u00e3o: que possamos, a muitas m\u00e3os, trabalhar com empatia nessa causa. N\u00f3s, mulheres ativas, podemos formar filhos que n\u00e3o repitam modelos de viol\u00eancia, e por isso precisamos encontrar a cura para a falta de compaix\u00e3o. Nosso maior desafio, neste momento, ser\u00e1 estruturar a secretaria e articular a\u00e7\u00f5es com os munic\u00edpios, para garantir que essa pauta esteja presente em todos os lugares\u201d<\/em>, refor\u00e7ou a secret\u00e1ria da Mulher.<\/p>\n<p><img loading=\"lazy\" decoding=\"async\" class=\"alignnone size-medium wp-image-78500 aligncenter\" src=\"http:\/\/sol.fm.br\/radio\/wp-content\/uploads\/2025\/09\/12-400x266.jpeg\" alt=\"\" width=\"400\" height=\"266\" srcset=\"http:\/\/sol.fm.br\/radio\/wp-content\/uploads\/2025\/09\/12-400x266.jpeg 400w, http:\/\/sol.fm.br\/radio\/wp-content\/uploads\/2025\/09\/12-768x511.jpeg 768w, http:\/\/sol.fm.br\/radio\/wp-content\/uploads\/2025\/09\/12-600x400.jpeg 600w, http:\/\/sol.fm.br\/radio\/wp-content\/uploads\/2025\/09\/12.jpeg 945w\" sizes=\"auto, (max-width: 400px) 100vw, 400px\" \/><\/p>\n<ul>\n<li class=\"artigo__titulo\"><strong><a href=\"https:\/\/estado.rs.gov.br\/governador-eduardo-leite-anuncia-ex-prefeita-fabia-almeida-richter-para-comandar-a-secretaria-da-mulher\" target=\"_blank\" rel=\"noopener\">Governador Eduardo Leite anuncia ex-prefeita F\u00e1bia Almeida Richter para comandar a Secretaria da Mulher<\/a><\/strong><\/li>\n<\/ul>\n<p><strong>Estrutura da pasta<\/strong><\/p>\n<p>A estrutura, articulada pela Secretaria de Planejamento, Governan\u00e7a e Gest\u00e3o (SPGG), contar\u00e1 com dois departamentos: Enfrentamento \u00e0 Viol\u00eancia contra a Mulher; e Articula\u00e7\u00e3o e Cuidado Integral e Promo\u00e7\u00e3o \u00e0 Autonomia Econ\u00f4mica. Esses setores incluir\u00e3o ainda sete eixos de atua\u00e7\u00e3o: preven\u00e7\u00e3o; prote\u00e7\u00e3o; acolhimento; cuidado integral; inclus\u00e3o produtiva e prepara\u00e7\u00e3o para o mercado de trabalho; articula\u00e7\u00e3o e informa\u00e7\u00e3o; e identifica\u00e7\u00e3o. Haver\u00e1 tamb\u00e9m uma Assessoria Especial de Monitoramento e Avalia\u00e7\u00e3o.<\/p>\n<p>A secretaria foi criada como resposta \u00e0 crescente complexidade e abrang\u00eancia das iniciativas j\u00e1 em curso, que envolvem desde o enfretamento \u00e0 viol\u00eancia at\u00e9 a promo\u00e7\u00e3o da autonomia econ\u00f4mica e da sa\u00fade integral das mulheres, como proposto no projeto de lei. Apenas em 2025, o governo do Estado destinou mais de R$ 190 milh\u00f5es para a\u00e7\u00f5es exclusivas ou majoritariamente voltadas ao p\u00fablico feminino.<\/p>\n<p><strong>Compet\u00eancias e atribui\u00e7\u00f5es da Secretaria da Mulher<\/strong><\/p>\n<p>A lei define como compet\u00eancias da pasta: planejar e implementar pol\u00edticas p\u00fablicas de promo\u00e7\u00e3o dos direitos da mulher e igualdade de g\u00eanero; articular a\u00e7\u00f5es entre sa\u00fade, seguran\u00e7a, educa\u00e7\u00e3o e assist\u00eancia; integrar e fortalecer a rede de acolhimento composta por Centros de Refer\u00eancia da Mulher, abrigos, Casas da Mulher e delegacias especializadas; e fomentar pol\u00edticas de capacita\u00e7\u00e3o profissional para v\u00edtimas de viol\u00eancia.<\/p>\n<p>Entre as atribui\u00e7\u00f5es est\u00e3o a promo\u00e7\u00e3o de pol\u00edticas de preven\u00e7\u00e3o com forma\u00e7\u00e3o em direitos, uso de tecnologias para prote\u00e7\u00e3o r\u00e1pida em situa\u00e7\u00f5es de risco, divulga\u00e7\u00e3o de informa\u00e7\u00f5es sobre medidas protetivas, fortalecimento do acesso \u00e0s redes de apoio e monitoramento permanente dos programas e projetos relacionados.<\/p>\n<ul>\n<li class=\"artigo__titulo\"><strong><a href=\"https:\/\/estado.rs.gov.br\/assembleia-aprova-projeto-do-executivo-para-criar-secretaria-da-mulher\" target=\"_blank\" rel=\"noopener\">Assembleia aprova projeto do Executivo para criar Secretaria da Mulher<\/a><\/strong><\/li>\n<\/ul>\n<hr \/>\n<h6><strong>GOV RS | Texto: Thales Moreira\/Secom | Edi\u00e7\u00e3o: Secom | Fotos: Maur\u00edcio Tonetto\/Secom<\/strong><\/h6>\n\n\n<center><iframe loading=\"lazy\" class=\"jmvplayer\" src=\"https:\/\/player.jmvstream.com\/lvw\/YYGWo5wfZuZ8fEW7Qoq1ISwhLSEDhU\" allowfullscreen allow=\"autoplay; fullscreen\" frameborder=\"0\" width=\"640\" height=\"360\" ><\/iframe><\/center>\n<\/div><\/div>","protected":false},"excerpt":{"rendered":"<p>A enfermeira e ex-prefeita de Cristal afirmou que pretende articular a\u00e7\u00f5es com munic\u00edpios O governador Eduardo Leite sancionou, nesta quarta-feira (24\/9), a lei que cria a Secretaria da Mulher e apresentou a enfermeira e ex-prefeita de Cristal, F\u00e1bia Richter, como titular da pasta. A iniciativa fortalece pol\u00edticas p\u00fablicas voltadas \u00e0 promo\u00e7\u00e3o dos direitos das mulheres, [&hellip;]<\/p>\n","protected":false},"author":4,"featured_media":78498,"comment_status":"open","ping_status":"open","sticky":false,"template":"","format":"standard","meta":{"footnotes":""},"categories":[1],"tags":[],"class_list":["post-78497","post","type-post","status-publish","format-standard","has-post-thumbnail","hentry","category-sem-categoria"],"_links":{"self":[{"href":"http:\/\/sol.fm.br\/radio\/wp-json\/wp\/v2\/posts\/78497","targetHints":{"allow":["GET"]}}],"collection":[{"href":"http:\/\/sol.fm.br\/radio\/wp-json\/wp\/v2\/posts"}],"about":[{"href":"http:\/\/sol.fm.br\/radio\/wp-json\/wp\/v2\/types\/post"}],"author":[{"embeddable":true,"href":"http:\/\/sol.fm.br\/radio\/wp-json\/wp\/v2\/users\/4"}],"replies":[{"embeddable":true,"href":"http:\/\/sol.fm.br\/radio\/wp-json\/wp\/v2\/comments?post=78497"}],"version-history":[{"count":1,"href":"http:\/\/sol.fm.br\/radio\/wp-json\/wp\/v2\/posts\/78497\/revisions"}],"predecessor-version":[{"id":78501,"href":"http:\/\/sol.fm.br\/radio\/wp-json\/wp\/v2\/posts\/78497\/revisions\/78501"}],"wp:featuredmedia":[{"embeddable":true,"href":"http:\/\/sol.fm.br\/radio\/wp-json\/wp\/v2\/media\/78498"}],"wp:attachment":[{"href":"http:\/\/sol.fm.br\/radio\/wp-json\/wp\/v2\/media?parent=78497"}],"wp:term":[{"taxonomy":"category","embeddable":true,"href":"http:\/\/sol.fm.br\/radio\/wp-json\/wp\/v2\/categories?post=78497"},{"taxonomy":"post_tag","embeddable":true,"href":"http:\/\/sol.fm.br\/radio\/wp-json\/wp\/v2\/tags?post=78497"}],"curies":[{"name":"wp","href":"https:\/\/api.w.org\/{rel}","templated":true}]}}