{"id":78505,"date":"2025-09-25T10:39:25","date_gmt":"2025-09-25T13:39:25","guid":{"rendered":"http:\/\/sol.fm.br\/radio\/?p=78505"},"modified":"2025-09-25T10:39:28","modified_gmt":"2025-09-25T13:39:28","slug":"saiba-como-assistir-a-sandro-dias-descer-de-skate-na-maior-rampa-do-mundo-montada-no-caff","status":"publish","type":"post","link":"http:\/\/sol.fm.br\/radio\/saiba-como-assistir-a-sandro-dias-descer-de-skate-na-maior-rampa-do-mundo-montada-no-caff\/","title":{"rendered":"Saiba como assistir a Sandro Dias descer de skate na maior rampa do mundo, montada no Caff"},"content":{"rendered":"<div id=\"dslc-theme-content\"><div id=\"dslc-theme-content-inner\"><p class=\"artigo__subtitulo\" style=\"text-align: center;\"><em>P\u00fablico poder\u00e1 acompanhar a\u00e7\u00e3o ao vivo pelos canais da Red Bull a partir do meio-dia de quinta-feira (25)<\/em><\/p>\n<p>Est\u00e1 tudo pronto para o lend\u00e1rio Sandro Dias, o Mineirinho, descer a maior rampa de skate do mundo, montada no Centro Administrativo Fernando Ferrari (Caff), em Porto Alegre. O Red Bull Building Drop, promovido pela Red Bull com apoio do Governo do Rio Grande do Sul, est\u00e1 previsto para ocorrer a partir do meio-dia de quinta-feira (25\/9).<\/p>\n<p>Por medida de seguran\u00e7a, para garantir a r\u00e1pida remo\u00e7\u00e3o em caso de acidentes e para a m\u00e1xima concentra\u00e7\u00e3o do atleta, a a\u00e7\u00e3o n\u00e3o ser\u00e1 aberta ao p\u00fablico. No entanto, ser\u00e1 poss\u00edvel acompanhar todos os detalhes por meio de transmiss\u00e3o ao vivo na\u00a0<a href=\"https:\/\/www.redbull.com\/br-pt\/discover\" target=\"_blank\" rel=\"noopener\"><strong>Red Bull TV<\/strong><\/a>\u00a0e no canal<a href=\"https:\/\/www.youtube.com\/@RedBull\" target=\"_blank\" rel=\"noopener\"><strong>\u00a0Red Bull Youtube<\/strong><\/a>.<\/p>\n<p>Para realiza\u00e7\u00e3o do feito, o Governo do Rio Grande do Sul viabilizou a utiliza\u00e7\u00e3o do pr\u00e9dio e, em contrapartida, a Red Bull entregar\u00e1 duas rampas de skate e realizar\u00e1 a revitaliza\u00e7\u00e3o de duas pistas em cidades que ser\u00e3o escolhidas posteriormente.<\/p>\n<p>O incentivo do governo do Estado aos esportes tem impulsionado a modalidade no Rio Grande do Sul. Em mar\u00e7o deste ano, patrocinou a etapa do STU Pro Tour em Porto Alegre. Desde 2019, in\u00edcio do governo Eduardo Leite, o Programa Pr\u00f3-Esporte RS j\u00e1 destinou R$ 186,68 milh\u00f5es a projetos esportivos, sendo R$ 2,58 milh\u00f5es especificamente para o skate.<\/p>\n<p>Outros programas, como o Segue o Jogo, tamb\u00e9m incentivam a pr\u00e1tica no Estado: j\u00e1 foram investidos R$ 95,3 mil em 22 projetos de forma\u00e7\u00e3o de skatistas. Al\u00e9m disso, conv\u00eanios firmados no \u00e2mbito do Avan\u00e7ar no Esporte destinaram R$ 1,16 milh\u00e3o a munic\u00edpios para constru\u00e7\u00e3o, manuten\u00e7\u00e3o e reforma de pistas de skate.<\/p>\n<p><img loading=\"lazy\" decoding=\"async\" class=\"alignnone size-medium wp-image-78507 aligncenter\" src=\"http:\/\/sol.fm.br\/radio\/wp-content\/uploads\/2025\/09\/31-3-400x267.jpg\" alt=\"\" width=\"400\" height=\"267\" srcset=\"http:\/\/sol.fm.br\/radio\/wp-content\/uploads\/2025\/09\/31-3-400x267.jpg 400w, http:\/\/sol.fm.br\/radio\/wp-content\/uploads\/2025\/09\/31-3-768x512.jpg 768w, http:\/\/sol.fm.br\/radio\/wp-content\/uploads\/2025\/09\/31-3-600x400.jpg 600w, http:\/\/sol.fm.br\/radio\/wp-content\/uploads\/2025\/09\/31-3.jpg 945w\" sizes=\"auto, (max-width: 400px) 100vw, 400px\" \/><\/p>\n<hr \/>\n<h6><strong>GOV RS |\u00a0Texto e edi\u00e7\u00e3o: Secom | Foto: J\u00fcrgen Mayrhofer\/Arquivo Secom, Marcelo Maragni\/Red Bull Content Pool<\/strong><\/h6>\n\n\n<center><iframe loading=\"lazy\" class=\"jmvplayer\" src=\"https:\/\/player.jmvstream.com\/lvw\/YYGWo5wfZuZ8fEW7Qoq1ISwhLSEDhU\" allowfullscreen allow=\"autoplay; fullscreen\" frameborder=\"0\" width=\"640\" height=\"360\" ><\/iframe><\/center>\n<\/div><\/div>","protected":false},"excerpt":{"rendered":"<p>P\u00fablico poder\u00e1 acompanhar a\u00e7\u00e3o ao vivo pelos canais da Red Bull a partir do meio-dia de quinta-feira (25) Est\u00e1 tudo pronto para o lend\u00e1rio Sandro Dias, o Mineirinho, descer a maior rampa de skate do mundo, montada no Centro Administrativo Fernando Ferrari (Caff), em Porto Alegre. O Red Bull Building Drop, promovido pela Red Bull [&hellip;]<\/p>\n","protected":false},"author":4,"featured_media":78506,"comment_status":"open","ping_status":"open","sticky":false,"template":"","format":"standard","meta":{"footnotes":""},"categories":[1],"tags":[],"class_list":["post-78505","post","type-post","status-publish","format-standard","has-post-thumbnail","hentry","category-sem-categoria"],"_links":{"self":[{"href":"http:\/\/sol.fm.br\/radio\/wp-json\/wp\/v2\/posts\/78505","targetHints":{"allow":["GET"]}}],"collection":[{"href":"http:\/\/sol.fm.br\/radio\/wp-json\/wp\/v2\/posts"}],"about":[{"href":"http:\/\/sol.fm.br\/radio\/wp-json\/wp\/v2\/types\/post"}],"author":[{"embeddable":true,"href":"http:\/\/sol.fm.br\/radio\/wp-json\/wp\/v2\/users\/4"}],"replies":[{"embeddable":true,"href":"http:\/\/sol.fm.br\/radio\/wp-json\/wp\/v2\/comments?post=78505"}],"version-history":[{"count":1,"href":"http:\/\/sol.fm.br\/radio\/wp-json\/wp\/v2\/posts\/78505\/revisions"}],"predecessor-version":[{"id":78508,"href":"http:\/\/sol.fm.br\/radio\/wp-json\/wp\/v2\/posts\/78505\/revisions\/78508"}],"wp:featuredmedia":[{"embeddable":true,"href":"http:\/\/sol.fm.br\/radio\/wp-json\/wp\/v2\/media\/78506"}],"wp:attachment":[{"href":"http:\/\/sol.fm.br\/radio\/wp-json\/wp\/v2\/media?parent=78505"}],"wp:term":[{"taxonomy":"category","embeddable":true,"href":"http:\/\/sol.fm.br\/radio\/wp-json\/wp\/v2\/categories?post=78505"},{"taxonomy":"post_tag","embeddable":true,"href":"http:\/\/sol.fm.br\/radio\/wp-json\/wp\/v2\/tags?post=78505"}],"curies":[{"name":"wp","href":"https:\/\/api.w.org\/{rel}","templated":true}]}}