{"id":78509,"date":"2025-09-25T10:55:01","date_gmt":"2025-09-25T13:55:01","guid":{"rendered":"http:\/\/sol.fm.br\/radio\/?p=78509"},"modified":"2025-09-25T10:55:03","modified_gmt":"2025-09-25T13:55:03","slug":"producao-e-emprego-caem-em-agosto-aponta-pesquisa-da-fiergs","status":"publish","type":"post","link":"http:\/\/sol.fm.br\/radio\/producao-e-emprego-caem-em-agosto-aponta-pesquisa-da-fiergs\/","title":{"rendered":"Produ\u00e7\u00e3o e emprego caem em agosto, aponta pesquisa da FIERGS"},"content":{"rendered":"<div id=\"dslc-theme-content\"><div id=\"dslc-theme-content-inner\"><div style=\"text-align: center;\"><i data-olk-copy-source=\"MessageBody\">Historicamente, a produ\u00e7\u00e3o costuma crescer no m\u00eas;\u00a0<\/i><i>queda no emprego \u00e9 a terceira consecutiva<\/i><\/div>\n<div>\u00a0<\/div>\n<div aria-hidden=\"true\">\u00a0<\/div>\n<div>A produ\u00e7\u00e3o da ind\u00fastria ga\u00facha recuou em agosto, com o \u00edndice registrando 47,2 pontos. O emprego tamb\u00e9m apresentou queda \u2013 a terceira consecutiva \u2013, ficando em 47,9 pontos, retra\u00e7\u00e3o mais intensa do que o habitual para o per\u00edodo. Os \u00edndices variam de 0 a 100 pontos: abaixo de 50 indicam queda em rela\u00e7\u00e3o ao m\u00eas anterior e acima de 50, crescimento. Os dados fazem parte da Sondagem Industrial do Rio Grande do Sul, pesquisa do Sistema FIERGS divulgada nesta quarta-feira (24).<\/div>\n<div>Para o presidente do Sistema FIERGS, Claudio Bier, os n\u00fameros refletem o cen\u00e1rio de incertezas, marcado pela manuten\u00e7\u00e3o de juros elevados, pela inseguran\u00e7a jur\u00eddica, pela falta de m\u00e3o de obra e pelas barreiras comerciais impostas pelos Estados Unidos, que afetaram as exporta\u00e7\u00f5es de diversas empresas ga\u00fachas. \u201c<em>Os industriais est\u00e3o cautelosos com a atual conjuntura, o que impacta a produ\u00e7\u00e3o e a gera\u00e7\u00e3o de empregos. Os dados que divulgamos tamb\u00e9m refor\u00e7am a necessidade de di\u00e1logo direto entre os presidentes do Brasil e dos Estados Unidos para discutir a rela\u00e7\u00e3o econ\u00f4mica bilateral e buscar solu\u00e7\u00f5es que destravem o com\u00e9rcio. Al\u00e9m disso, a instabilidade econ\u00f4mica que atravessa a Argentina afeta o nosso cen\u00e1rio interno e exige ainda mais aten\u00e7\u00e3o das autoridades brasileiras<\/em>\u201d, avalia.<\/div>\n<div>De acordo com a pesquisa, a ind\u00fastria ga\u00facha utilizou, em m\u00e9dia, 70% de sua capacidade instalada (UCI) em agosto, repetindo o percentual pelo terceiro m\u00eas seguido. J\u00e1 o \u00edndice de UCI em rela\u00e7\u00e3o ao usual atingiu 43,8 pontos, o que significa que os empres\u00e1rios consideraram a UCI abaixo do usual para agosto. Os estoques de produtos finais cresceram e ficaram acima do planejado pelo quinto m\u00eas consecutivo. Em agosto, os \u00edndices de evolu\u00e7\u00e3o mensal e em rela\u00e7\u00e3o ao planejado marcaram 52 e 52,1 pontos, respectivamente.<\/div>\n<div aria-hidden=\"true\">\u00a0<\/div>\n<div><b>EXPECTATIVAS<\/b><\/div>\n<div>O levantamento mostra tamb\u00e9m que as expectativas para os pr\u00f3ximos seis meses se mantiveram pessimistas para todos os \u00edndices em setembro, com destaque para as exporta\u00e7\u00f5es, que registraram 43,4 pontos. Os empres\u00e1rios projetam, ainda, quedas para a demanda (49,3 pontos), para o emprego (47,8) e para as compras de mat\u00e9rias-primas (48,5).<\/div>\n<div>Apesar disso, a inten\u00e7\u00e3o de investir das ind\u00fastrias do estado se manteve positiva e praticamente inalterada em setembro, com o \u00edndice oscilando de 54,6 para 54,4, ambos valores acima da m\u00e9dia hist\u00f3rica de 51,9 pontos. Em setembro, 58% das empresas ga\u00fachas afirmaram que planejam realizar investimentos nos pr\u00f3ximos seis meses. A pesquisa foi realizada com 157 empresas, sendo 36 pequenas, 50 m\u00e9dias e 71 grandes entre os dias 1\u00ba e 10 de setembro.<\/div>\n<div>Acompanhe os resultados completos em\u00a0<u><a id=\"x_yiv0751796964ydp805939d0yiv0088226164OWAe41352e9-7c3f-2a7a-2b63-c3f025b20025\" class=\"x_yiv0751796964ydp805939d0yiv0088226164OWAAutoLink\" title=\"https:\/\/observatoriodaindustriars.org.br\/inteligencia-areas\/sondagem-industrial\/\" href=\"https:\/\/observatoriodaindustriars.org.br\/inteligencia-areas\/sondagem-industrial\/\" target=\"_blank\" rel=\"nofollow noopener noreferrer\" shape=\"rect\" data-auth=\"NotApplicable\" data-linkindex=\"0\">https:\/\/observatoriodaindustriars.org.br\/inteligencia-areas\/sondagem-industrial<\/a><\/u><b><u><a id=\"x_yiv0751796964ydp805939d0yiv0088226164OWAeea18f96-1cba-b8f1-2682-37fcdbd69158\" class=\"x_yiv0751796964ydp805939d0yiv0088226164OWAAutoLink\" title=\"https:\/\/observatoriodaindustriars.org.br\/inteligencia-areas\/sondagem-industrial\/\" href=\"https:\/\/observatoriodaindustriars.org.br\/inteligencia-areas\/sondagem-industrial\/\" target=\"_blank\" rel=\"nofollow noopener noreferrer\" shape=\"rect\" data-auth=\"NotApplicable\" data-linkindex=\"1\">\/<\/a><\/u><\/b>.<\/div>\n<hr \/>\n<h6><strong>Sistema FIERGS | Comunica\u00e7\u00e3o - Ger\u00eancia de Comunica\u00e7\u00e3o Institucional<\/strong><\/h6>\n\n\n<center><iframe loading=\"lazy\" class=\"jmvplayer\" src=\"https:\/\/player.jmvstream.com\/lvw\/YYGWo5wfZuZ8fEW7Qoq1ISwhLSEDhU\" allowfullscreen allow=\"autoplay; fullscreen\" frameborder=\"0\" width=\"640\" height=\"360\" ><\/iframe><\/center>\n<\/div><\/div>","protected":false},"excerpt":{"rendered":"<p>Historicamente, a produ\u00e7\u00e3o costuma crescer no m\u00eas;\u00a0queda no emprego \u00e9 a terceira consecutiva \u00a0 \u00a0 A produ\u00e7\u00e3o da ind\u00fastria ga\u00facha recuou em agosto, com o \u00edndice registrando 47,2 pontos. O emprego tamb\u00e9m apresentou queda \u2013 a terceira consecutiva \u2013, ficando em 47,9 pontos, retra\u00e7\u00e3o mais intensa do que o habitual para o per\u00edodo. Os \u00edndices [&hellip;]<\/p>\n","protected":false},"author":4,"featured_media":78510,"comment_status":"open","ping_status":"open","sticky":false,"template":"","format":"standard","meta":{"footnotes":""},"categories":[1],"tags":[],"class_list":["post-78509","post","type-post","status-publish","format-standard","has-post-thumbnail","hentry","category-sem-categoria"],"_links":{"self":[{"href":"http:\/\/sol.fm.br\/radio\/wp-json\/wp\/v2\/posts\/78509","targetHints":{"allow":["GET"]}}],"collection":[{"href":"http:\/\/sol.fm.br\/radio\/wp-json\/wp\/v2\/posts"}],"about":[{"href":"http:\/\/sol.fm.br\/radio\/wp-json\/wp\/v2\/types\/post"}],"author":[{"embeddable":true,"href":"http:\/\/sol.fm.br\/radio\/wp-json\/wp\/v2\/users\/4"}],"replies":[{"embeddable":true,"href":"http:\/\/sol.fm.br\/radio\/wp-json\/wp\/v2\/comments?post=78509"}],"version-history":[{"count":1,"href":"http:\/\/sol.fm.br\/radio\/wp-json\/wp\/v2\/posts\/78509\/revisions"}],"predecessor-version":[{"id":78511,"href":"http:\/\/sol.fm.br\/radio\/wp-json\/wp\/v2\/posts\/78509\/revisions\/78511"}],"wp:featuredmedia":[{"embeddable":true,"href":"http:\/\/sol.fm.br\/radio\/wp-json\/wp\/v2\/media\/78510"}],"wp:attachment":[{"href":"http:\/\/sol.fm.br\/radio\/wp-json\/wp\/v2\/media?parent=78509"}],"wp:term":[{"taxonomy":"category","embeddable":true,"href":"http:\/\/sol.fm.br\/radio\/wp-json\/wp\/v2\/categories?post=78509"},{"taxonomy":"post_tag","embeddable":true,"href":"http:\/\/sol.fm.br\/radio\/wp-json\/wp\/v2\/tags?post=78509"}],"curies":[{"name":"wp","href":"https:\/\/api.w.org\/{rel}","templated":true}]}}