{"id":78512,"date":"2025-09-25T10:59:54","date_gmt":"2025-09-25T13:59:54","guid":{"rendered":"http:\/\/sol.fm.br\/radio\/?p=78512"},"modified":"2025-09-25T10:59:58","modified_gmt":"2025-09-25T13:59:58","slug":"dia-mundial-do-coracao-reforca-alerta-sobre-cardiopatia-congenita-em-criancas","status":"publish","type":"post","link":"http:\/\/sol.fm.br\/radio\/dia-mundial-do-coracao-reforca-alerta-sobre-cardiopatia-congenita-em-criancas\/","title":{"rendered":"Dia Mundial do Cora\u00e7\u00e3o refor\u00e7a alerta sobre cardiopatia cong\u00eanita em crian\u00e7as"},"content":{"rendered":"<div id=\"dslc-theme-content\"><div id=\"dslc-theme-content-inner\"><p style=\"text-align: center;\"><em>Sociedade de Pediatria do Rio Grande do Sul destaca import\u00e2ncia do diagn\u00f3stico precoce e dos avan\u00e7os no tratamento<\/em><\/p>\n<p>O Dia Mundial do Cora\u00e7\u00e3o, celebrado em 29 de setembro, \u00e9 um momento de conscientiza\u00e7\u00e3o sobre a sa\u00fade cardiovascular em todas as idades \u2014 inclusive na inf\u00e2ncia. A Sociedade de Pediatria do Rio Grande do Sul (SPRS) chama a aten\u00e7\u00e3o para a cardiopatia cong\u00eanita, uma das condi\u00e7\u00f5es mais frequentes entre as doen\u00e7as card\u00edacas em crian\u00e7as. Presente desde o nascimento, ela envolve defeitos estruturais no cora\u00e7\u00e3o, como comunica\u00e7\u00f5es interatriais e interventriculares, e pode comprometer de forma significativa a qualidade de vida se n\u00e3o diagnosticada a tempo.<\/p>\n<p>A pediatra neonatologista e associada da SPRS, Dra. Rita de Cassia Silveira, destaca que a detec\u00e7\u00e3o precoce tem sido decisiva para salvar vidas.<\/p>\n<p><em>\u201cMuitos casos podem ser identificados ainda na gesta\u00e7\u00e3o atrav\u00e9s do ecocardiograma fetal, realizado entre 20 e 24 semanas. O ultrassom morfol\u00f3gico tamb\u00e9m pode levantar suspeitas, e por isso a consulta pr\u00e9-natal com pediatra e neonatologista \u00e9 fundamental para organizar os cuidados ao nascimento. Al\u00e9m disso, o teste do cora\u00e7\u00e3ozinho, feito ainda na maternidade, ajuda a detectar cardiopatias cr\u00edticas antes da alta hospitalar\u201d<\/em>, afirma.<\/p>\n<p>De acordo com o Minist\u00e9rio da Sa\u00fade, cerca de 29 mil crian\u00e7as nascem por ano no Brasil com algum tipo de cardiopatia cong\u00eanita. A cada mil nascidos vivos, de oito a dez apresentam a condi\u00e7\u00e3o. Para a Dra. Rita, os avan\u00e7os recentes t\u00eam ampliado as possibilidades de tratamento.<\/p>\n<p><em>\u201cHoje contamos com ecocardiogramas fetais de alta resolu\u00e7\u00e3o, resson\u00e2ncia card\u00edaca pedi\u00e1trica e tratamentos menos invasivos, como procedimentos por cateter percut\u00e2neo. Al\u00e9m disso, a cirurgia card\u00edaca neonatal se tornou cada vez mais segura, permitindo corre\u00e7\u00f5es precoces e oferecendo maior qualidade de vida \u00e0s crian\u00e7as<\/em>\u201d, completa.<\/p>\n<p>A SPRS refor\u00e7a que a data \u00e9 um convite \u00e0 reflex\u00e3o sobre a preven\u00e7\u00e3o, a import\u00e2ncia do acompanhamento m\u00e9dico e o acesso \u00e0 informa\u00e7\u00e3o. Quanto antes a cardiopatia cong\u00eanita \u00e9 diagnosticada, melhores s\u00e3o as chances de interven\u00e7\u00e3o eficaz e de desenvolvimento saud\u00e1vel.<\/p>\n<p><img loading=\"lazy\" decoding=\"async\" class=\"alignnone size-medium wp-image-78514 aligncenter\" src=\"http:\/\/sol.fm.br\/radio\/wp-content\/uploads\/2025\/09\/51-7-400x300.jpg\" alt=\"\" width=\"400\" height=\"300\" srcset=\"http:\/\/sol.fm.br\/radio\/wp-content\/uploads\/2025\/09\/51-7-400x300.jpg 400w, http:\/\/sol.fm.br\/radio\/wp-content\/uploads\/2025\/09\/51-7-768x576.jpg 768w, http:\/\/sol.fm.br\/radio\/wp-content\/uploads\/2025\/09\/51-7-1536x1152.jpg 1536w, http:\/\/sol.fm.br\/radio\/wp-content\/uploads\/2025\/09\/51-7-2048x1536.jpg 2048w\" sizes=\"auto, (max-width: 400px) 100vw, 400px\" \/><\/p>\n<p><strong>Sobre a Sociedade de Pediatria do RS<\/strong><\/p>\n<p>A Sociedade de Pediatria do Rio Grande do Sul foi fundada em 25 de junho de 1936 com o nome de Sociedade de Pediatria e Puericultura do Rio Grande do Sul pelo Prof. Raul Moreira e um grupo de m\u00e9dicos precursores da forma\u00e7\u00e3o pedi\u00e1trica no Estado. A entidade cresceu e se desenvolveu com o esp\u00edrito de seus idealizadores, que, preocupados com os avan\u00e7os da \u00e1rea m\u00e9dica e da pr\u00f3pria especialidade, uniram esfor\u00e7os na constru\u00e7\u00e3o de uma entidade que congregasse os colegas que a cada ano se multiplicavam no atendimento espec\u00edfico da popula\u00e7\u00e3o infantil. Atualmente conta com cerca de 1.750 s\u00f3cios, e se constitui em orgulho para a classe m\u00e9dica brasileira e, em especial, para a fam\u00edlia pedi\u00e1trica.<\/p>\n<hr \/>\n<h6><strong>PlayPress | SPRS - Sociedade de Pediatria do Rio Grande do Sul | Reda\u00e7\u00e3o: Marcelo Matusiak<\/strong><\/h6>\n\n\n<center><iframe loading=\"lazy\" class=\"jmvplayer\" src=\"https:\/\/player.jmvstream.com\/lvw\/YYGWo5wfZuZ8fEW7Qoq1ISwhLSEDhU\" allowfullscreen allow=\"autoplay; fullscreen\" frameborder=\"0\" width=\"640\" height=\"360\" ><\/iframe><\/center>\n<\/div><\/div>","protected":false},"excerpt":{"rendered":"<p>Sociedade de Pediatria do Rio Grande do Sul destaca import\u00e2ncia do diagn\u00f3stico precoce e dos avan\u00e7os no tratamento O Dia Mundial do Cora\u00e7\u00e3o, celebrado em 29 de setembro, \u00e9 um momento de conscientiza\u00e7\u00e3o sobre a sa\u00fade cardiovascular em todas as idades \u2014 inclusive na inf\u00e2ncia. A Sociedade de Pediatria do Rio Grande do Sul (SPRS) [&hellip;]<\/p>\n","protected":false},"author":4,"featured_media":78513,"comment_status":"open","ping_status":"open","sticky":false,"template":"","format":"standard","meta":{"footnotes":""},"categories":[1],"tags":[],"class_list":["post-78512","post","type-post","status-publish","format-standard","has-post-thumbnail","hentry","category-sem-categoria"],"_links":{"self":[{"href":"http:\/\/sol.fm.br\/radio\/wp-json\/wp\/v2\/posts\/78512","targetHints":{"allow":["GET"]}}],"collection":[{"href":"http:\/\/sol.fm.br\/radio\/wp-json\/wp\/v2\/posts"}],"about":[{"href":"http:\/\/sol.fm.br\/radio\/wp-json\/wp\/v2\/types\/post"}],"author":[{"embeddable":true,"href":"http:\/\/sol.fm.br\/radio\/wp-json\/wp\/v2\/users\/4"}],"replies":[{"embeddable":true,"href":"http:\/\/sol.fm.br\/radio\/wp-json\/wp\/v2\/comments?post=78512"}],"version-history":[{"count":1,"href":"http:\/\/sol.fm.br\/radio\/wp-json\/wp\/v2\/posts\/78512\/revisions"}],"predecessor-version":[{"id":78515,"href":"http:\/\/sol.fm.br\/radio\/wp-json\/wp\/v2\/posts\/78512\/revisions\/78515"}],"wp:featuredmedia":[{"embeddable":true,"href":"http:\/\/sol.fm.br\/radio\/wp-json\/wp\/v2\/media\/78513"}],"wp:attachment":[{"href":"http:\/\/sol.fm.br\/radio\/wp-json\/wp\/v2\/media?parent=78512"}],"wp:term":[{"taxonomy":"category","embeddable":true,"href":"http:\/\/sol.fm.br\/radio\/wp-json\/wp\/v2\/categories?post=78512"},{"taxonomy":"post_tag","embeddable":true,"href":"http:\/\/sol.fm.br\/radio\/wp-json\/wp\/v2\/tags?post=78512"}],"curies":[{"name":"wp","href":"https:\/\/api.w.org\/{rel}","templated":true}]}}