{"id":78516,"date":"2025-09-25T11:09:15","date_gmt":"2025-09-25T14:09:15","guid":{"rendered":"http:\/\/sol.fm.br\/radio\/?p=78516"},"modified":"2025-09-25T11:09:17","modified_gmt":"2025-09-25T14:09:17","slug":"pequenas-propriedades-rurais-podem-ser-saudaveis-lucrativas-e-sustentaveis","status":"publish","type":"post","link":"http:\/\/sol.fm.br\/radio\/pequenas-propriedades-rurais-podem-ser-saudaveis-lucrativas-e-sustentaveis\/","title":{"rendered":"Pequenas propriedades rurais podem ser saud\u00e1veis, lucrativas e sustent\u00e1veis"},"content":{"rendered":"<div id=\"dslc-theme-content\"><div id=\"dslc-theme-content-inner\"><p><strong><em data-olk-copy-source=\"MessageBody\">Ana Rita Scozzafave<\/em><\/strong><em>*<\/em><\/p>\n<p><img loading=\"lazy\" decoding=\"async\" class=\"size-medium wp-image-78518 alignleft\" src=\"http:\/\/sol.fm.br\/radio\/wp-content\/uploads\/2025\/09\/61-5-400x268.jpg\" alt=\"\" width=\"400\" height=\"268\" srcset=\"http:\/\/sol.fm.br\/radio\/wp-content\/uploads\/2025\/09\/61-5-400x268.jpg 400w, http:\/\/sol.fm.br\/radio\/wp-content\/uploads\/2025\/09\/61-5-768x515.jpg 768w, http:\/\/sol.fm.br\/radio\/wp-content\/uploads\/2025\/09\/61-5-600x400.jpg 600w, http:\/\/sol.fm.br\/radio\/wp-content\/uploads\/2025\/09\/61-5.jpg 1280w\" sizes=\"auto, (max-width: 400px) 100vw, 400px\" \/><\/p>\n<p>A agricultura familiar \u00e9 um dos pilares do desenvolvimento sustent\u00e1vel, contribuindo de forma decisiva para a seguran\u00e7a alimentar, a inclus\u00e3o social e a economia do campo. No Brasil, aproximadamente 77% dos estabelecimentos agr\u00edcolas pertencem a fam\u00edlias, desempenhando papel estrat\u00e9gico no abastecimento interno e na diversifica\u00e7\u00e3o da produ\u00e7\u00e3o.<\/p>\n<p>Enquanto grandes monoculturas mecanizadas est\u00e3o majoritariamente voltadas \u00e0 exporta\u00e7\u00e3o, as pequenas propriedades se destacam pela capacidade de conciliar produtividade e sustentabilidade ambiental, com sistemas mais diversificados. O setor responde por 23% do valor bruto da produ\u00e7\u00e3o agropecu\u00e1ria nacional, assegurando grande parte dos alimentos consumidos pelos brasileiros, como arroz, feij\u00e3o, frutas e hortali\u00e7as.<\/p>\n<p>O desafio central da agricultura familiar n\u00e3o est\u00e1 no tamanho da propriedade, mas na falta de gest\u00e3o estrat\u00e9gica. Rentabilidade e sustentabilidade n\u00e3o dependem de centenas de hectares, mas de efici\u00eancia operacional. Isso exige foco em planejamento, controle de custos, acesso a mercados e uso inteligente de tecnologias acess\u00edveis.<\/p>\n<p>Na pr\u00e1tica, o pequeno produtor precisa gerir sua \u00e1rea como uma empresa rural moderna, eliminando improvisos e priorizando decis\u00f5es baseadas em dados. Planejar a safra com pelo menos seis meses de anteced\u00eancia \u00e9 essencial, contemplando aquisi\u00e7\u00e3o de insumos, corre\u00e7\u00e3o de solo, contrata\u00e7\u00e3o de m\u00e3o de obra e an\u00e1lise de cen\u00e1rios de mercado.<\/p>\n<p>Estudos da FAO mostram que propriedades com planejamento estruturado podem alcan\u00e7ar at\u00e9 25% mais efici\u00eancia operacional, mesmo sem grandes investimentos adicionais. O planejamento, portanto, \u00e9 hoje a \u201ctecnologia\u201d mais democr\u00e1tica e acess\u00edvel ao campo.<\/p>\n<p><strong>Intelig\u00eancia digital a favor do produtor<\/strong><\/p>\n<p>A expans\u00e3o da conectividade rural, sobretudo pelo uso de\u00a0<em>smartphones<\/em>, abriu espa\u00e7o para ferramentas digitais que apoiam a gest\u00e3o. Aplicativos gratuitos oferecem previs\u00f5es meteorol\u00f3gicas, cota\u00e7\u00f5es de mercado e an\u00e1lises em tempo real, ampliando a capacidade de tomada de decis\u00e3o.<\/p>\n<p>Al\u00e9m disso, institui\u00e7\u00f5es p\u00fablicas e cooperativas disponibilizam conte\u00fados t\u00e9cnicos e cursos gratuitos que fortalecem a profissionaliza\u00e7\u00e3o do produtor. O diferencial est\u00e1 em transformar informa\u00e7\u00e3o em estrat\u00e9gia pr\u00e1tica de gest\u00e3o.<\/p>\n<p><strong>Sustentabilidade como ativo de mercado<\/strong><\/p>\n<p>A competitividade do agroneg\u00f3cio moderno est\u00e1 atrelada tamb\u00e9m \u00e0 sustentabilidade. Isso envolve pr\u00e1ticas como o uso de bioinsumos, integra\u00e7\u00e3o lavoura-pecu\u00e1ria-floresta (ILPF), manejo racional do solo, reaproveitamento de res\u00edduos e rastreabilidade da produ\u00e7\u00e3o. Mais do que reduzir impactos, tais iniciativas geram valor agregado e posicionam o produtor dentro de agendas globais, como ESG e mercado de cr\u00e9ditos de carbono, j\u00e1 em expans\u00e3o no Brasil.<\/p>\n<p>Outro ponto que sempre \u00e9 importante refor\u00e7ar \u00e9 o aprendizado di\u00e1rio. O agricultor familiar precisa adotar uma mentalidade de aprendizagem cont\u00ednua. Cursos, workshops, parcerias estrat\u00e9gicas e an\u00e1lise de mercado s\u00e3o instrumentos que elevam a competitividade. Com esse conhecimento certamente ele estar\u00e1 \u00e0 frente do mercado e consequentemente mais preparado diante das adversidades que podem ocorrer da porteira para fora e mesmo em \u00e1reas menores, pode ser eficiente, saud\u00e1vel, sustent\u00e1vel e rent\u00e1vel.<\/p>\n<p><strong>5 passos para uma gest\u00e3o estrat\u00e9gica na pequena propriedade<\/strong><\/p>\n<ul>\n<li><strong>Planejamento antecipado<\/strong>: defina metas, insumos e m\u00e3o de obra com pelo menos seis meses de anteced\u00eancia.<\/li>\n<li><strong>Uso de ferramentas digitais<\/strong>: aplicativos gratuitos e plataformas online facilitam o aprendizado.<\/li>\n<li><strong>Monitoramento de mercado<\/strong>: acompanhe cota\u00e7\u00f5es, tend\u00eancias e volatilidade.<\/li>\n<li><strong>Capacita\u00e7\u00e3o cont\u00ednua<\/strong>: participe de cursos, treinamentos e programas de extens\u00e3o rural.<\/li>\n<li><strong>Pr\u00e1ticas sustent\u00e1veis<\/strong>: adote bioinsumos, fa\u00e7a o mapeamento do solo e considere sistemas integrados.<\/li>\n<\/ul>\n<p><strong>*M\u00e9dica-veterin\u00e1ria, mestre e consultora com mais de 30 anos de experi\u00eancia no agroneg\u00f3cio e CEO Grupo SCZ AGRO&amp; Agrointelig\u00eancia.<\/strong><\/p>\n<hr \/>\n<h6><strong>RuralPress | Fotos: Divulga\u00e7\u00e3o\u00a0<\/strong><\/h6>\n\n\n<center><iframe loading=\"lazy\" class=\"jmvplayer\" src=\"https:\/\/player.jmvstream.com\/lvw\/YYGWo5wfZuZ8fEW7Qoq1ISwhLSEDhU\" allowfullscreen allow=\"autoplay; fullscreen\" frameborder=\"0\" width=\"640\" height=\"360\" ><\/iframe><\/center>\n<\/div><\/div>","protected":false},"excerpt":{"rendered":"<p>Ana Rita Scozzafave* A agricultura familiar \u00e9 um dos pilares do desenvolvimento sustent\u00e1vel, contribuindo de forma decisiva para a seguran\u00e7a alimentar, a inclus\u00e3o social e a economia do campo. No Brasil, aproximadamente 77% dos estabelecimentos agr\u00edcolas pertencem a fam\u00edlias, desempenhando papel estrat\u00e9gico no abastecimento interno e na diversifica\u00e7\u00e3o da produ\u00e7\u00e3o. Enquanto grandes monoculturas mecanizadas est\u00e3o [&hellip;]<\/p>\n","protected":false},"author":4,"featured_media":78517,"comment_status":"open","ping_status":"open","sticky":false,"template":"","format":"standard","meta":{"footnotes":""},"categories":[1],"tags":[],"class_list":["post-78516","post","type-post","status-publish","format-standard","has-post-thumbnail","hentry","category-sem-categoria"],"_links":{"self":[{"href":"http:\/\/sol.fm.br\/radio\/wp-json\/wp\/v2\/posts\/78516","targetHints":{"allow":["GET"]}}],"collection":[{"href":"http:\/\/sol.fm.br\/radio\/wp-json\/wp\/v2\/posts"}],"about":[{"href":"http:\/\/sol.fm.br\/radio\/wp-json\/wp\/v2\/types\/post"}],"author":[{"embeddable":true,"href":"http:\/\/sol.fm.br\/radio\/wp-json\/wp\/v2\/users\/4"}],"replies":[{"embeddable":true,"href":"http:\/\/sol.fm.br\/radio\/wp-json\/wp\/v2\/comments?post=78516"}],"version-history":[{"count":1,"href":"http:\/\/sol.fm.br\/radio\/wp-json\/wp\/v2\/posts\/78516\/revisions"}],"predecessor-version":[{"id":78519,"href":"http:\/\/sol.fm.br\/radio\/wp-json\/wp\/v2\/posts\/78516\/revisions\/78519"}],"wp:featuredmedia":[{"embeddable":true,"href":"http:\/\/sol.fm.br\/radio\/wp-json\/wp\/v2\/media\/78517"}],"wp:attachment":[{"href":"http:\/\/sol.fm.br\/radio\/wp-json\/wp\/v2\/media?parent=78516"}],"wp:term":[{"taxonomy":"category","embeddable":true,"href":"http:\/\/sol.fm.br\/radio\/wp-json\/wp\/v2\/categories?post=78516"},{"taxonomy":"post_tag","embeddable":true,"href":"http:\/\/sol.fm.br\/radio\/wp-json\/wp\/v2\/tags?post=78516"}],"curies":[{"name":"wp","href":"https:\/\/api.w.org\/{rel}","templated":true}]}}