{"id":78536,"date":"2025-09-25T13:58:13","date_gmt":"2025-09-25T16:58:13","guid":{"rendered":"http:\/\/sol.fm.br\/radio\/?p=78536"},"modified":"2025-09-25T13:58:18","modified_gmt":"2025-09-25T16:58:18","slug":"sicredi-caminho-das-aguas-apresenta-case-de-sucesso-no-maior-evento-de-lideranca-do-cooperativismo","status":"publish","type":"post","link":"http:\/\/sol.fm.br\/radio\/sicredi-caminho-das-aguas-apresenta-case-de-sucesso-no-maior-evento-de-lideranca-do-cooperativismo\/","title":{"rendered":"Sicredi Caminho das \u00c1guas apresenta case de sucesso no maior evento de lideran\u00e7a do cooperativismo"},"content":{"rendered":"<div id=\"dslc-theme-content\"><div id=\"dslc-theme-content-inner\"><p style=\"text-align: center;\"><i data-olk-copy-source=\"MessageBody\">Comitiva da cooperativa esteve presente no WCM 2025, que movimentou Belo Horizonte (MG)<\/i><\/p>\n<div>\n<p>Uma comitiva da Sicredi Caminho das \u00c1guas esteve presente no World Coop Management (WCM 2025), realizado nos dias 22 e 23 de setembro, em Belo Horizonte (MG). Mais importante congresso de lideran\u00e7a e estrat\u00e9gia do cooperativismo da Am\u00e9rica Latina, realizado no Brasil desde 2015, o WCM reuniu presidentes e dirigentes do setor cooperativo na edi\u00e7\u00e3o deste que \u00e9 o ano internacional das cooperativas, declarado pela ONU.<\/p>\n<div id=\"attachment_78538\" style=\"width: 410px\" class=\"wp-caption alignleft\"><img loading=\"lazy\" decoding=\"async\" aria-describedby=\"caption-attachment-78538\" class=\"wp-image-78538 size-medium\" src=\"http:\/\/sol.fm.br\/radio\/wp-content\/uploads\/2025\/09\/91-5-400x300.jpg\" alt=\"\" width=\"400\" height=\"300\" srcset=\"http:\/\/sol.fm.br\/radio\/wp-content\/uploads\/2025\/09\/91-5-400x300.jpg 400w, http:\/\/sol.fm.br\/radio\/wp-content\/uploads\/2025\/09\/91-5-768x576.jpg 768w, http:\/\/sol.fm.br\/radio\/wp-content\/uploads\/2025\/09\/91-5-1536x1152.jpg 1536w, http:\/\/sol.fm.br\/radio\/wp-content\/uploads\/2025\/09\/91-5-2048x1536.jpg 2048w\" sizes=\"auto, (max-width: 400px) 100vw, 400px\" \/><p id=\"caption-attachment-78538\" class=\"wp-caption-text\">Foto: Jo\u00e3o Rocha<\/p><\/div>\n<p>O evento reuniu quase 2 mil de profissionais que tiveram acesso a conhecimentos inovadores e desenvolvimento de novos m\u00e9todos e conceitos. Um dos destaques da participa\u00e7\u00e3o da cooperativa foi a apresenta\u00e7\u00e3o do case\u00a0<strong>Pense Jovem<\/strong>, iniciativa local da Sicredi Caminho das \u00c1guas. O projeto \u00e9 uma capacita\u00e7\u00e3o gratuita para jovens entre 14 e 18 anos, matriculados no Ensino Fundamental ou Ensino M\u00e9dio, com o objetivo de transformar ideias em a\u00e7\u00e3o, atrav\u00e9s de projetos sociais.\u00a0<\/p>\n<p>Atualmente, o Pense Jovem ocorre de forma on-line com 156 alunos de 22 munic\u00edpios da \u00e1rea de abrang\u00eancia da cooperativa, os quais aprendem a partir de cinco m\u00f3dulos: lideran\u00e7a e autoconhecimento; empreendedorismo social e inova\u00e7\u00e3o; planejamento e gest\u00e3o de projetos; imers\u00e3o comunit\u00e1ria e diagn\u00f3stico de impacto; e comunica\u00e7\u00e3o e mobiliza\u00e7\u00e3o social. O curso conta ainda com m\u00f3dulos extras de educa\u00e7\u00e3o financeira, valores geracionais e mercado de trabalho.<\/p>\n<p>De acordo com a analista de Desenvolvimento do Cooperativismo, M\u00f4nica Scheid, respons\u00e1vel pela apresenta\u00e7\u00e3o do case ao p\u00fablico, o convite \u00e0 cooperativa para apresent\u00e1-lo no WCM surgiu atrav\u00e9s de uma conex\u00e3o que ocorreu durante a World Credit Union Conference (WOCCU 2025), realizado em julho em Estocolmo, na Su\u00e9cia, no qual a tem\u00e1tica dos jovens no cooperativismo foi uma das principais pautas.<\/p>\n<p><em>\u201cA apresenta\u00e7\u00e3o do Pense Jovem no WCM \u00e9 de grande import\u00e2ncia porque traz visibilidade e reconhecimento a uma iniciativa que demonstra a for\u00e7a da juventude como agente de transforma\u00e7\u00e3o. Al\u00e9m disso, representa uma valida\u00e7\u00e3o de boas pr\u00e1ticas, mostrando que o trabalho realizado na Sicredi Caminho das \u00c1guas est\u00e1 alinhado \u00e0s tend\u00eancias globais e \u00e0s solu\u00e7\u00f5es inovadoras no cooperativismo. Por fim, compartilhar essa experi\u00eancia em um evento nacional amplia seu impacto e inspira\u00e7\u00e3o, permitindo que outras organiza\u00e7\u00f5es conhe\u00e7am, se inspirem e at\u00e9 repliquem o modelo, ampliando a transforma\u00e7\u00e3o social promovida pelo projeto<\/em>\u201d, salienta M\u00f4nica.<\/p>\n<p>Com \u00f3tima receptividade do p\u00fablico, que demonstrou interesse pelo assunto, segundo M\u00f4nica, o Pense Jovem poder\u00e1 ter edi\u00e7\u00f5es locais e de forma presencial, como forma de aperfei\u00e7o\u00e1-lo. <em>\u201cAssim, \u00e9 poss\u00edvel ter mais proximidade, aumentar o engajamento dos participantes e fortalecer a troca de experi\u00eancias, respeitando as particularidades de cada comunidade. Poder compartilh\u00e1-lo no WCM \u00e9 um passo importante para deixar o projeto cada vez mais efetivo e conectado com a realidade das pessoas\u201d<\/em>, explica.<\/p>\n<p>Para o presidente da Sicredi Caminho das \u00c1guas, \u00c1lvaro Link, que esteve presente, o WCM congregou todos os ramos do cooperativismo no Brasil. \u201c<em>Estar aqui \u00e9 fortalecer as alian\u00e7as do cooperativismo com o cooperativismo. E ao fazer estas trocas, buscamos ideias, aprendizados, boas pr\u00e1ticas e alian\u00e7as estrat\u00e9gicas para a nossa Sicredi Caminho das \u00c1guas. Nesta edi\u00e7\u00e3o, a pauta se refere a este mundo em transforma\u00e7\u00e3o especialmente com a velocidade de mudan\u00e7as tecnol\u00f3gicas a partir do advento da intelig\u00eancia artificial<\/em>\u201d, destaca.<\/p>\n<p><strong>Sobre a Sicredi Caminho das \u00c1guas<\/strong><\/p>\n<p>Constitu\u00edda em 1923, a Sicredi Caminho das \u00c1guas integra o Sistema Sicredi \u2013 composto por mais de 100 cooperativas em todo o Brasil. A institui\u00e7\u00e3o oferece um portf\u00f3lio completo com mais de 300 solu\u00e7\u00f5es financeiras para liberar o potencial de pessoas e neg\u00f3cios. Com sede em Rolante (RS), re\u00fane mais de 90 mil associados em uma \u00e1rea de atua\u00e7\u00e3o que abrange 33 munic\u00edpios do Vale do Paranhana e do Litoral Norte ga\u00facho, como Igrejinha, Sapiranga, Taquara, Cap\u00e3o da Canoa, Torres, Os\u00f3rio, Tramanda\u00ed, entre outros.<\/p>\n<hr \/>\n<h6><strong>Sublinha! Comunica\u00e7\u00e3o | Assessoria de Imprensa - Sicredi Caminho das \u00c1guas | Foto: Arquivo Sicredi Caminho das \u00c1guas<\/strong><\/h6>\n<\/div>\n\n\n<center><iframe loading=\"lazy\" class=\"jmvplayer\" src=\"https:\/\/player.jmvstream.com\/lvw\/YYGWo5wfZuZ8fEW7Qoq1ISwhLSEDhU\" allowfullscreen allow=\"autoplay; fullscreen\" frameborder=\"0\" width=\"640\" height=\"360\" ><\/iframe><\/center>\n<\/div><\/div>","protected":false},"excerpt":{"rendered":"<p>Comitiva da cooperativa esteve presente no WCM 2025, que movimentou Belo Horizonte (MG) Uma comitiva da Sicredi Caminho das \u00c1guas esteve presente no World Coop Management (WCM 2025), realizado nos dias 22 e 23 de setembro, em Belo Horizonte (MG). Mais importante congresso de lideran\u00e7a e estrat\u00e9gia do cooperativismo da Am\u00e9rica Latina, realizado no Brasil [&hellip;]<\/p>\n","protected":false},"author":4,"featured_media":78537,"comment_status":"open","ping_status":"open","sticky":false,"template":"","format":"standard","meta":{"footnotes":""},"categories":[1],"tags":[],"class_list":["post-78536","post","type-post","status-publish","format-standard","has-post-thumbnail","hentry","category-sem-categoria"],"_links":{"self":[{"href":"http:\/\/sol.fm.br\/radio\/wp-json\/wp\/v2\/posts\/78536","targetHints":{"allow":["GET"]}}],"collection":[{"href":"http:\/\/sol.fm.br\/radio\/wp-json\/wp\/v2\/posts"}],"about":[{"href":"http:\/\/sol.fm.br\/radio\/wp-json\/wp\/v2\/types\/post"}],"author":[{"embeddable":true,"href":"http:\/\/sol.fm.br\/radio\/wp-json\/wp\/v2\/users\/4"}],"replies":[{"embeddable":true,"href":"http:\/\/sol.fm.br\/radio\/wp-json\/wp\/v2\/comments?post=78536"}],"version-history":[{"count":1,"href":"http:\/\/sol.fm.br\/radio\/wp-json\/wp\/v2\/posts\/78536\/revisions"}],"predecessor-version":[{"id":78539,"href":"http:\/\/sol.fm.br\/radio\/wp-json\/wp\/v2\/posts\/78536\/revisions\/78539"}],"wp:featuredmedia":[{"embeddable":true,"href":"http:\/\/sol.fm.br\/radio\/wp-json\/wp\/v2\/media\/78537"}],"wp:attachment":[{"href":"http:\/\/sol.fm.br\/radio\/wp-json\/wp\/v2\/media?parent=78536"}],"wp:term":[{"taxonomy":"category","embeddable":true,"href":"http:\/\/sol.fm.br\/radio\/wp-json\/wp\/v2\/categories?post=78536"},{"taxonomy":"post_tag","embeddable":true,"href":"http:\/\/sol.fm.br\/radio\/wp-json\/wp\/v2\/tags?post=78536"}],"curies":[{"name":"wp","href":"https:\/\/api.w.org\/{rel}","templated":true}]}}