{"id":78705,"date":"2025-10-01T09:43:15","date_gmt":"2025-10-01T12:43:15","guid":{"rendered":"http:\/\/sol.fm.br\/radio\/?p=78705"},"modified":"2025-10-01T09:43:17","modified_gmt":"2025-10-01T12:43:17","slug":"13o-salario-como-organizar-o-caixa-da-empresa-e-garantir-o-pagamento-do-beneficio","status":"publish","type":"post","link":"http:\/\/sol.fm.br\/radio\/13o-salario-como-organizar-o-caixa-da-empresa-e-garantir-o-pagamento-do-beneficio\/","title":{"rendered":"13\u00ba sal\u00e1rio: como organizar o caixa da empresa e garantir o pagamento do benef\u00edcio"},"content":{"rendered":"<div id=\"dslc-theme-content\"><div id=\"dslc-theme-content-inner\"><p style=\"text-align: center;\"><em>Empresas que n\u00e3o fazem provis\u00e3o mensal do custo podem enfrentar dificuldades para honrar o compromisso. Especialista da Bonanza Consultoria orienta empres\u00e1rios<\/em><\/p>\n<p>A chegada do fim do ano traz consigo um compromisso financeiro importante para as empresas: o pagamento do 13\u00ba sal\u00e1rio. Segundo dados do DIEESE, em 2024 esse benef\u00edcio representou R$ 291 bilh\u00f5es injetados na economia brasileira, cerca de 2,7% do PIB nacional, impactando diretamente o consumo e a movimenta\u00e7\u00e3o de diversos setores. Apesar disso, muitas empresas ainda enfrentam dificuldades para honrar esse compromisso, j\u00e1 que n\u00e3o fazem a provis\u00e3o mensal do custo.<\/p>\n<div id=\"attachment_78707\" style=\"width: 224px\" class=\"wp-caption alignleft\"><img loading=\"lazy\" decoding=\"async\" aria-describedby=\"caption-attachment-78707\" class=\"wp-image-78707\" src=\"http:\/\/sol.fm.br\/radio\/wp-content\/uploads\/2025\/10\/51-267x400.jpg\" alt=\"\" width=\"214\" height=\"321\" srcset=\"http:\/\/sol.fm.br\/radio\/wp-content\/uploads\/2025\/10\/51-267x400.jpg 267w, http:\/\/sol.fm.br\/radio\/wp-content\/uploads\/2025\/10\/51-768x1152.jpg 768w, http:\/\/sol.fm.br\/radio\/wp-content\/uploads\/2025\/10\/51-1024x1536.jpg 1024w, http:\/\/sol.fm.br\/radio\/wp-content\/uploads\/2025\/10\/51-1365x2048.jpg 1365w, http:\/\/sol.fm.br\/radio\/wp-content\/uploads\/2025\/10\/51-scaled.jpg 1707w\" sizes=\"auto, (max-width: 214px) 100vw, 214px\" \/><p id=\"caption-attachment-78707\" class=\"wp-caption-text\">Foto: Divulga\u00e7\u00e3o<\/p><\/div>\n<p>A contadora Mariane Pereira Oriques, da Bonanza Consultoria, explica que um dos principais pontos de aten\u00e7\u00e3o \u00e9 o prazo final para o pagamento de cada uma das duas parcelas.<\/p>\n<p><em>\u201cNeste ano, as datas-base das duas (30 de novembro para a 1\u00aa e 20 de dezembro para a 2\u00aa) caem em finais de semana. Por isso, a data \u00e9 transferida para o dia \u00fatil anterior, que em 2025 ser\u00e1 dia 28 de novembro para a primeira parcela, e dia 19 de dezembro para a segunda. Tamb\u00e9m \u00e9 poss\u00edvel pagar tudo de uma s\u00f3 vez, desde que at\u00e9 a data da primeira parcela<\/em>\u201d, detalha.<\/p>\n<p>A especialista ressalta que a melhor forma de se organizar para o pagamento e evitar dificuldades financeiras no fim do ano \u00e9 planejar com anteced\u00eancia.<\/p>\n<p><em>\u201cMensalmente as empresas devem fazer uma provis\u00e3o de acordo com a folha calculada dos colaboradores. Assim \u00e9 poss\u00edvel aplicar o valor a cada m\u00eas, resgatando no momento do pagamento, sem gerar problemas para o fluxo de caixa e ainda colhendo um rendimento em cima do valor guardado<\/em>\u201d, afirma.<\/p>\n<p>A falta de organiza\u00e7\u00e3o financeira para o per\u00edodo costuma ser o principal erro encontrado pela especialista, principalmente porque o fim do ano tamb\u00e9m \u00e9 o per\u00edodo em que muitos neg\u00f3cios fazem f\u00e9rias coletivas, tendo tamb\u00e9m esse pagamento a fazer.<\/p>\n<p>O empreendedor precisa incluir ainda na provis\u00e3o os impostos incidentes, como o Fundo de Garantia do Tempo de Servi\u00e7o (FGTS), que \u00e9 de 8% sobre o valor total de ambas as parcelas do 13\u00ba sal\u00e1rio. Na segunda parcela, tamb\u00e9m deve arcar com os encargos previdenci\u00e1rios do INSS, al\u00e9m dos trabalhadores, o patronal, eRAT\/RAT\/FAP\/Terceiros e o Imposto de Renda Retido na Fonte (IRRF) sobre o valor integral.<\/p>\n<p><strong>Quem tem direito ao 13\u00ba?<\/strong><\/p>\n<p>Os funcion\u00e1rios registrados t\u00eam direito ao 13\u00ba sal\u00e1rio. Quem estiver registrado desde o ano anterior, recebe o pagamento cheio. J\u00e1 quem foi contratado durante o ano de 2025 ter\u00e1 direito ao valor referente ao tempo trabalhado.<\/p>\n<p><em>\u201c\u00c9 importante mencionar que para ter direito a um dos doze avos de 13\u00ba, tem que ter pelo menos 15 dias de registro dentro do m\u00eas. Ou seja: quem foi registrado no dia 20, por exemplo, n\u00e3o tem direito ao d\u00e9cimo daquele m\u00eas<\/em>\u201d, explica Mariane.<\/p>\n<p>Al\u00e9m do sal\u00e1rio em si, as horas extras e comiss\u00f5es tamb\u00e9m entram no c\u00e1lculo do 13\u00ba.<\/p>\n<p>A especialista da Bonanza Consultoria orienta os empres\u00e1rios a procurarem a contabilidade no decorrer do ano e pedir a provis\u00e3o de quanto vai ficar cada parcela do d\u00e9cimo para se organizar financeiramente para novembro, al\u00e9m de se preparar para o pagamento de tributos referentes ao 13\u00ba.<\/p>\n<p><em>\u201cO segredo \u00e9 o planejamento financeiro. O m\u00ednimo que for aplicado durante o ano, j\u00e1 ajuda ao final. J\u00e1 para os funcion\u00e1rios, minha sugest\u00e3o \u00e9 separar um valor para gastar no final do ano, mas tamb\u00e9m separar um valor para pagar contas ou poupar e assim trazer um al\u00edvio financeiro para o in\u00edcio do ano seguinte<\/em>\u201d, finaliza.<\/p>\n<hr \/>\n<h6><strong>Trevo Comunica\u00e7\u00e3o | Foto: Ivo Brasil\/Pexels<\/strong><\/h6>\n\n\n<center><iframe loading=\"lazy\" class=\"jmvplayer\" src=\"https:\/\/player.jmvstream.com\/lvw\/YYGWo5wfZuZ8fEW7Qoq1ISwhLSEDhU\" allowfullscreen allow=\"autoplay; fullscreen\" frameborder=\"0\" width=\"640\" height=\"360\" ><\/iframe><\/center>\n<\/div><\/div>","protected":false},"excerpt":{"rendered":"<p>Empresas que n\u00e3o fazem provis\u00e3o mensal do custo podem enfrentar dificuldades para honrar o compromisso. Especialista da Bonanza Consultoria orienta empres\u00e1rios A chegada do fim do ano traz consigo um compromisso financeiro importante para as empresas: o pagamento do 13\u00ba sal\u00e1rio. Segundo dados do DIEESE, em 2024 esse benef\u00edcio representou R$ 291 bilh\u00f5es injetados na [&hellip;]<\/p>\n","protected":false},"author":4,"featured_media":78706,"comment_status":"open","ping_status":"open","sticky":false,"template":"","format":"standard","meta":{"footnotes":""},"categories":[1],"tags":[],"class_list":["post-78705","post","type-post","status-publish","format-standard","has-post-thumbnail","hentry","category-sem-categoria"],"_links":{"self":[{"href":"http:\/\/sol.fm.br\/radio\/wp-json\/wp\/v2\/posts\/78705","targetHints":{"allow":["GET"]}}],"collection":[{"href":"http:\/\/sol.fm.br\/radio\/wp-json\/wp\/v2\/posts"}],"about":[{"href":"http:\/\/sol.fm.br\/radio\/wp-json\/wp\/v2\/types\/post"}],"author":[{"embeddable":true,"href":"http:\/\/sol.fm.br\/radio\/wp-json\/wp\/v2\/users\/4"}],"replies":[{"embeddable":true,"href":"http:\/\/sol.fm.br\/radio\/wp-json\/wp\/v2\/comments?post=78705"}],"version-history":[{"count":1,"href":"http:\/\/sol.fm.br\/radio\/wp-json\/wp\/v2\/posts\/78705\/revisions"}],"predecessor-version":[{"id":78708,"href":"http:\/\/sol.fm.br\/radio\/wp-json\/wp\/v2\/posts\/78705\/revisions\/78708"}],"wp:featuredmedia":[{"embeddable":true,"href":"http:\/\/sol.fm.br\/radio\/wp-json\/wp\/v2\/media\/78706"}],"wp:attachment":[{"href":"http:\/\/sol.fm.br\/radio\/wp-json\/wp\/v2\/media?parent=78705"}],"wp:term":[{"taxonomy":"category","embeddable":true,"href":"http:\/\/sol.fm.br\/radio\/wp-json\/wp\/v2\/categories?post=78705"},{"taxonomy":"post_tag","embeddable":true,"href":"http:\/\/sol.fm.br\/radio\/wp-json\/wp\/v2\/tags?post=78705"}],"curies":[{"name":"wp","href":"https:\/\/api.w.org\/{rel}","templated":true}]}}