{"id":78962,"date":"2025-10-08T11:12:05","date_gmt":"2025-10-08T14:12:05","guid":{"rendered":"http:\/\/sol.fm.br\/radio\/?p=78962"},"modified":"2025-10-08T11:12:08","modified_gmt":"2025-10-08T14:12:08","slug":"forum-nacional-sobre-desenvolvimento-regional-cooperativismo-e-mudancas-climaticas-acontece-na-quarta-8-em-porto-alegre","status":"publish","type":"post","link":"http:\/\/sol.fm.br\/radio\/forum-nacional-sobre-desenvolvimento-regional-cooperativismo-e-mudancas-climaticas-acontece-na-quarta-8-em-porto-alegre\/","title":{"rendered":"F\u00f3rum nacional sobre desenvolvimento regional, cooperativismo e mudan\u00e7as clim\u00e1ticas acontece na quarta (8), em Porto Alegre"},"content":{"rendered":"<div id=\"dslc-theme-content\"><div id=\"dslc-theme-content-inner\"><p style=\"text-align: center;\"><em>Evento promovido pelo BRDE e ABDE reunir\u00e1 autoridades, lideran\u00e7as do setor econ\u00f4mico e representantes do setor produtivo<\/em><\/p>\n<p dir=\"ltr\">O Banco Regional de Desenvolvimento do Extremo Sul (BRDE) e a Associa\u00e7\u00e3o Brasileira de Desenvolvimento (ABDE) promover\u00e3o na quarta-feira (8\/10), em Porto Alegre, o F\u00f3rum Debate ABDE \u2013 \u201cDesenvolvimento regional e cooperativismo: desafios e oportunidades para a promo\u00e7\u00e3o da transi\u00e7\u00e3o sustent\u00e1vel justa\u201d. O evento ser\u00e1 uma oportunidade para discuss\u00f5es sobre os desafios impostos pelas mudan\u00e7as clim\u00e1ticas e constru\u00e7\u00e3o de um futuro mais resiliente.\u00a0<\/p>\n<p dir=\"ltr\">A programa\u00e7\u00e3o ocorrer\u00e1 das 9h \u00e0s 18h, no Sal\u00e3o Nobre da Catedral Metropolitana, no Centro Hist\u00f3rico da capital do Estado, reunindo representantes do setor p\u00fablico, do setor privado e da sociedade civil. Tamb\u00e9m contar\u00e1 com a presen\u00e7a de presidentes de cooperativas de cr\u00e9dito, de dirigentes de bancos de desenvolvimento e de especialistas em sustentabilidade para debater solu\u00e7\u00f5es inovadoras e de baixo impacto ambiental para o futuro do pa\u00eds.<\/p>\n<p dir=\"ltr\">Nesta edi\u00e7\u00e3o, realizada pela ABDE e pelo BRDE, o foco estar\u00e1 nos desafios enfrentados pela regi\u00e3o Sul do pa\u00eds, recentemente afetada por eventos meteorol\u00f3gicos extremos, como secas e enchentes. O encontro integra uma s\u00e9rie de f\u00f3runs que a ABDE vem realizando em diferentes regi\u00f5es do Brasil, com o objetivo de aproximar os debates do Sistema Nacional de Fomento (SNF) das realidades locais, ampliando a participa\u00e7\u00e3o de diversos atores sociais. O evento conta, tamb\u00e9m, com o apoio do Badesul.<\/p>\n<p dir=\"ltr\"><b>Cooperativismo nas pol\u00edticas p\u00fablicas<\/b><\/p>\n<p dir=\"ltr\">\u201c<em>O Rio Grande do Sul viveu de perto os efeitos das mudan\u00e7as clim\u00e1ticas, e isso torna este f\u00f3rum ainda mais relevante. O BRDE tem atuado de forma estrat\u00e9gica no financiamento a projetos que conciliam desenvolvimento econ\u00f4mico e sustentabilidade, ajudando a construir um futuro mais resiliente para a regi\u00e3o<\/em>\u201d, afirma o diretor-presidente do BRDE, Ranolfo Vieira J\u00fanior.\u00a0<\/p>\n<p dir=\"ltr\">Para o diretor da ABDE e diretor-presidente do Banco de Desenvolvimento do Esp\u00edrito Santo (Bandes), Marcelo Barbosa Saintive, o f\u00f3rum refor\u00e7a a import\u00e2ncia da articula\u00e7\u00e3o entre institui\u00e7\u00f5es financeiras de desenvolvimento, cooperativas de cr\u00e9dito e setor produtivo. \u201c<em>Nosso objetivo \u00e9 mostrar que desenvolvimento regional, inclus\u00e3o social e transi\u00e7\u00e3o sustent\u00e1vel n\u00e3o s\u00e3o agendas isoladas, mas partes de um mesmo caminho. O cooperativismo tem se mostrado uma ferramenta poderosa para fortalecer cadeias produtivas, gerar empregos e viabilizar neg\u00f3cios que transformam realidades locais.<\/em>\u201d<\/p>\n<p dir=\"ltr\">Entre os destaques da programa\u00e7\u00e3o, est\u00e3o debates sobre o papel do cooperativismo nas pol\u00edticas p\u00fablicas e no desenvolvimento regional, agricultura sustent\u00e1vel, adapta\u00e7\u00e3o clim\u00e1tica para cidades e os desafios da constru\u00e7\u00e3o de cidades resilientes. O evento tamb\u00e9m marcar\u00e1 o lan\u00e7amento do estudo Financiamento de adapta\u00e7\u00e3o clim\u00e1tica para cidades sustent\u00e1veis, elaborado pela ABDE em parceria com a Frankfurt School e a Ag\u00eancia Francesa de Desenvolvimento.<\/p>\n<p dir=\"ltr\">O BRDE, que \u00e9 vinculado ao governo do Estado por meio da Secretaria de Desenvolvimento Econ\u00f4mico, integra o SNF.<\/p>\n<p dir=\"ltr\">As inscri\u00e7\u00f5es podem ser feitas no\u00a0<a href=\"https:\/\/abde.org.br\/cursos-e-eventos\/inscricao\/?eventId=18489\" target=\"_blank\" rel=\"noopener\"><strong>site da ABDE<\/strong><\/a>.\u00a0<\/p>\n<hr \/>\n<h6><strong>GOV RS | Texto: Ascom BRDE | Edi\u00e7\u00e3o: Secom<\/strong><\/h6>\n\n\n<center><iframe loading=\"lazy\" class=\"jmvplayer\" src=\"https:\/\/player.jmvstream.com\/lvw\/YYGWo5wfZuZ8fEW7Qoq1ISwhLSEDhU\" allowfullscreen allow=\"autoplay; fullscreen\" frameborder=\"0\" width=\"640\" height=\"360\" ><\/iframe><\/center>\n<\/div><\/div>","protected":false},"excerpt":{"rendered":"<p>Evento promovido pelo BRDE e ABDE reunir\u00e1 autoridades, lideran\u00e7as do setor econ\u00f4mico e representantes do setor produtivo O Banco Regional de Desenvolvimento do Extremo Sul (BRDE) e a Associa\u00e7\u00e3o Brasileira de Desenvolvimento (ABDE) promover\u00e3o na quarta-feira (8\/10), em Porto Alegre, o F\u00f3rum Debate ABDE \u2013 \u201cDesenvolvimento regional e cooperativismo: desafios e oportunidades para a promo\u00e7\u00e3o [&hellip;]<\/p>\n","protected":false},"author":4,"featured_media":78963,"comment_status":"open","ping_status":"open","sticky":false,"template":"","format":"standard","meta":{"footnotes":""},"categories":[1],"tags":[],"class_list":["post-78962","post","type-post","status-publish","format-standard","has-post-thumbnail","hentry","category-sem-categoria"],"_links":{"self":[{"href":"http:\/\/sol.fm.br\/radio\/wp-json\/wp\/v2\/posts\/78962","targetHints":{"allow":["GET"]}}],"collection":[{"href":"http:\/\/sol.fm.br\/radio\/wp-json\/wp\/v2\/posts"}],"about":[{"href":"http:\/\/sol.fm.br\/radio\/wp-json\/wp\/v2\/types\/post"}],"author":[{"embeddable":true,"href":"http:\/\/sol.fm.br\/radio\/wp-json\/wp\/v2\/users\/4"}],"replies":[{"embeddable":true,"href":"http:\/\/sol.fm.br\/radio\/wp-json\/wp\/v2\/comments?post=78962"}],"version-history":[{"count":1,"href":"http:\/\/sol.fm.br\/radio\/wp-json\/wp\/v2\/posts\/78962\/revisions"}],"predecessor-version":[{"id":78964,"href":"http:\/\/sol.fm.br\/radio\/wp-json\/wp\/v2\/posts\/78962\/revisions\/78964"}],"wp:featuredmedia":[{"embeddable":true,"href":"http:\/\/sol.fm.br\/radio\/wp-json\/wp\/v2\/media\/78963"}],"wp:attachment":[{"href":"http:\/\/sol.fm.br\/radio\/wp-json\/wp\/v2\/media?parent=78962"}],"wp:term":[{"taxonomy":"category","embeddable":true,"href":"http:\/\/sol.fm.br\/radio\/wp-json\/wp\/v2\/categories?post=78962"},{"taxonomy":"post_tag","embeddable":true,"href":"http:\/\/sol.fm.br\/radio\/wp-json\/wp\/v2\/tags?post=78962"}],"curies":[{"name":"wp","href":"https:\/\/api.w.org\/{rel}","templated":true}]}}