{"id":78965,"date":"2025-10-08T11:21:06","date_gmt":"2025-10-08T14:21:06","guid":{"rendered":"http:\/\/sol.fm.br\/radio\/?p=78965"},"modified":"2025-10-08T11:21:08","modified_gmt":"2025-10-08T14:21:08","slug":"hospital-sapiranga-e-caravana-salvando-vidas-mobilizam-comunidade-em-nova-acao-de-doacao-de-sangue","status":"publish","type":"post","link":"http:\/\/sol.fm.br\/radio\/hospital-sapiranga-e-caravana-salvando-vidas-mobilizam-comunidade-em-nova-acao-de-doacao-de-sangue\/","title":{"rendered":"Hospital Sapiranga e Caravana Salvando Vidas mobilizam comunidade em nova a\u00e7\u00e3o de doa\u00e7\u00e3o de sangue"},"content":{"rendered":"<div id=\"dslc-theme-content\"><div id=\"dslc-theme-content-inner\"><p style=\"text-align: center;\"><i data-olk-copy-source=\"MessageBody\">Mais de 80 doadores participaram da iniciativa que refor\u00e7a o compromisso com a solidariedade e a sa\u00fade coletiva<\/i><\/p>\n<div>\n<p>A manh\u00e3 do \u00faltimo s\u00e1bado, 04 de outubro, foi marcado por mais uma mobiliza\u00e7\u00e3o pela vida em Sapiranga. Em parceria com o Hospital Sapiranga, a Caravana Salvando Vidas promoveu uma nova coleta de sangue para destina\u00e7\u00e3o ao Hemocentro de Porto Alegre, reunindo mais de 80 volunt\u00e1rios e totalizando 78 bolsas coletadas. A a\u00e7\u00e3o contou com o apoio do CFC Valderez Sapiranga, da Faculdade Anhanguera Unopar Sapiranga e da Prefeitura Municipal.<\/p>\n<p>O gesto solid\u00e1rio contribui diretamente para o abastecimento dos estoques do Hemocentro e refor\u00e7a a import\u00e2ncia do engajamento comunit\u00e1rio. A iniciativa faz parte de uma s\u00e9rie de a\u00e7\u00f5es que estimulam a doa\u00e7\u00e3o volunt\u00e1ria e a conscientiza\u00e7\u00e3o sobre a import\u00e2ncia desse ato simples e essencial para salvar vidas.<\/p>\n<p>A pr\u00f3xima edi\u00e7\u00e3o da campanha j\u00e1 tem data confirmada: ser\u00e1 no s\u00e1bado, 29 de novembro, com transporte gratuito partindo em frente ao Hospital Sapiranga at\u00e9 o Hemocentro de Porto Alegre. O link para inscri\u00e7\u00f5es ser\u00e1 divulgado em breve pelas redes sociais do Hospital Sapiranga e da @caravana_salvando_vidas.<\/p>\n<p><img loading=\"lazy\" decoding=\"async\" class=\"alignnone size-medium wp-image-78967 aligncenter\" src=\"http:\/\/sol.fm.br\/radio\/wp-content\/uploads\/2025\/10\/81-2-400x300.jpg\" alt=\"\" width=\"400\" height=\"300\" srcset=\"http:\/\/sol.fm.br\/radio\/wp-content\/uploads\/2025\/10\/81-2-400x300.jpg 400w, http:\/\/sol.fm.br\/radio\/wp-content\/uploads\/2025\/10\/81-2-768x576.jpg 768w, http:\/\/sol.fm.br\/radio\/wp-content\/uploads\/2025\/10\/81-2-1536x1152.jpg 1536w, http:\/\/sol.fm.br\/radio\/wp-content\/uploads\/2025\/10\/81-2-2048x1536.jpg 2048w\" sizes=\"auto, (max-width: 400px) 100vw, 400px\" \/><\/p>\n<\/div>\n<div><strong>Sobre o Hospital Sapiranga<\/strong><br clear=\"none\" \/><br clear=\"none\" \/>\n<div>\n<div>O Hospital Sapiranga \u00e9 uma entidade privada, de car\u00e1ter filantr\u00f3pico, sendo refer\u00eancia para conv\u00eanios e privados para toda a regi\u00e3o, e para o Sistema \u00danico de Sa\u00fade (SUS) aos munic\u00edpios de Sapiranga, Araric\u00e1 e Nova Hartz.<\/div>\n<div aria-hidden=\"true\">\u00a0<\/div>\n<div>Prop\u00f3sito:\u00a0Cuidar das pessoas, aqui toda vida importa.<\/div>\n<div aria-hidden=\"true\">\u00a0<\/div>\n<div>Miss\u00e3o: Cuidar das pessoas com excel\u00eancia, promovendo sa\u00fade e bem-estar.<\/div>\n<div aria-hidden=\"true\">\u00a0<\/div>\n<div>Valores:\u00a0Comprometimento |\u00a0Respeito | Humaniza\u00e7\u00e3o | Responsabilidade | Transpar\u00eancia | Inova\u00e7\u00e3o\u00a0<\/div>\n<hr \/>\n<h6><strong>PlayPress | Hospital Sapiranga | Reda\u00e7\u00e3o: Rafael Sodr\u00e9 | Fotos: Divulga\u00e7\u00e3o<\/strong><\/h6>\n<\/div>\n<\/div>\n\n\n<center><iframe loading=\"lazy\" class=\"jmvplayer\" src=\"https:\/\/player.jmvstream.com\/lvw\/YYGWo5wfZuZ8fEW7Qoq1ISwhLSEDhU\" allowfullscreen allow=\"autoplay; fullscreen\" frameborder=\"0\" width=\"640\" height=\"360\" ><\/iframe><\/center>\n<\/div><\/div>","protected":false},"excerpt":{"rendered":"<p>Mais de 80 doadores participaram da iniciativa que refor\u00e7a o compromisso com a solidariedade e a sa\u00fade coletiva A manh\u00e3 do \u00faltimo s\u00e1bado, 04 de outubro, foi marcado por mais uma mobiliza\u00e7\u00e3o pela vida em Sapiranga. Em parceria com o Hospital Sapiranga, a Caravana Salvando Vidas promoveu uma nova coleta de sangue para destina\u00e7\u00e3o ao [&hellip;]<\/p>\n","protected":false},"author":4,"featured_media":78966,"comment_status":"open","ping_status":"open","sticky":false,"template":"","format":"standard","meta":{"footnotes":""},"categories":[1],"tags":[],"class_list":["post-78965","post","type-post","status-publish","format-standard","has-post-thumbnail","hentry","category-sem-categoria"],"_links":{"self":[{"href":"http:\/\/sol.fm.br\/radio\/wp-json\/wp\/v2\/posts\/78965","targetHints":{"allow":["GET"]}}],"collection":[{"href":"http:\/\/sol.fm.br\/radio\/wp-json\/wp\/v2\/posts"}],"about":[{"href":"http:\/\/sol.fm.br\/radio\/wp-json\/wp\/v2\/types\/post"}],"author":[{"embeddable":true,"href":"http:\/\/sol.fm.br\/radio\/wp-json\/wp\/v2\/users\/4"}],"replies":[{"embeddable":true,"href":"http:\/\/sol.fm.br\/radio\/wp-json\/wp\/v2\/comments?post=78965"}],"version-history":[{"count":1,"href":"http:\/\/sol.fm.br\/radio\/wp-json\/wp\/v2\/posts\/78965\/revisions"}],"predecessor-version":[{"id":78968,"href":"http:\/\/sol.fm.br\/radio\/wp-json\/wp\/v2\/posts\/78965\/revisions\/78968"}],"wp:featuredmedia":[{"embeddable":true,"href":"http:\/\/sol.fm.br\/radio\/wp-json\/wp\/v2\/media\/78966"}],"wp:attachment":[{"href":"http:\/\/sol.fm.br\/radio\/wp-json\/wp\/v2\/media?parent=78965"}],"wp:term":[{"taxonomy":"category","embeddable":true,"href":"http:\/\/sol.fm.br\/radio\/wp-json\/wp\/v2\/categories?post=78965"},{"taxonomy":"post_tag","embeddable":true,"href":"http:\/\/sol.fm.br\/radio\/wp-json\/wp\/v2\/tags?post=78965"}],"curies":[{"name":"wp","href":"https:\/\/api.w.org\/{rel}","templated":true}]}}