{"id":78972,"date":"2025-10-08T11:29:05","date_gmt":"2025-10-08T14:29:05","guid":{"rendered":"http:\/\/sol.fm.br\/radio\/?p=78972"},"modified":"2025-10-08T11:29:07","modified_gmt":"2025-10-08T14:29:07","slug":"36a-oktoberfest-de-igrejinha-espalha-clima-de-festa-pelas-industrias-da-regiao","status":"publish","type":"post","link":"http:\/\/sol.fm.br\/radio\/36a-oktoberfest-de-igrejinha-espalha-clima-de-festa-pelas-industrias-da-regiao\/","title":{"rendered":"36\u00aa Oktoberfest de Igrejinha espalha clima de festa pelas ind\u00fastrias da regi\u00e3o"},"content":{"rendered":"<div id=\"dslc-theme-content\"><div id=\"dslc-theme-content-inner\"><p class=\"x_yiv8262556587ydp3b0ee3b0yiv1290747331MsoNormal\" align=\"center\"><i data-olk-copy-source=\"MessageBody\">Comitiva percorreu 22 empresas, levando m\u00fasica, tradi\u00e7\u00e3o e o convite para os dias mais alegres do ano<\/i><\/p>\n<p class=\"x_yiv8262556587ydp3b0ee3b0yiv1290747331MsoNormal\" aria-hidden=\"true\">\u00a0<\/p>\n<p class=\"x_yiv8262556587ydp3b0ee3b0yiv1290747331MsoNormal\">Ao som de bandinha t\u00edpica e com muita anima\u00e7\u00e3o, a\u00a0<b>36\u00aa Oktoberfest de Igrejinha<\/b>\u00a0tomou conta do ambiente de trabalho de diversas ind\u00fastrias do Vale do Paranhana nesta quarta e quinta-feira (1\u00ba e 2). Mais uma vez, a a\u00e7\u00e3o Oktober na Ind\u00fastria levou a alegria da festa para empresas da regi\u00e3o, fortalecendo a conex\u00e3o hist\u00f3rica com o setor produtivo. A iniciativa foi organizada pelo Sindicato da Ind\u00fastria de Cal\u00e7ados de Igrejinha em parceria com a Associa\u00e7\u00e3o de Amigos da Oktoberfest de Igrejinha (Amifest), e integra a agenda oficial de divulga\u00e7\u00e3o.<\/p>\n<div id=\"attachment_78977\" style=\"width: 410px\" class=\"wp-caption alignleft\"><img loading=\"lazy\" decoding=\"async\" aria-describedby=\"caption-attachment-78977\" class=\"wp-image-78977 size-medium\" src=\"http:\/\/sol.fm.br\/radio\/wp-content\/uploads\/2025\/10\/104-400x267.jpg\" alt=\"\" width=\"400\" height=\"267\" srcset=\"http:\/\/sol.fm.br\/radio\/wp-content\/uploads\/2025\/10\/104-400x267.jpg 400w, http:\/\/sol.fm.br\/radio\/wp-content\/uploads\/2025\/10\/104-768x512.jpg 768w, http:\/\/sol.fm.br\/radio\/wp-content\/uploads\/2025\/10\/104-600x400.jpg 600w, http:\/\/sol.fm.br\/radio\/wp-content\/uploads\/2025\/10\/104-1536x1024.jpg 1536w, http:\/\/sol.fm.br\/radio\/wp-content\/uploads\/2025\/10\/104.jpg 2048w\" sizes=\"auto, (max-width: 400px) 100vw, 400px\" \/><p id=\"caption-attachment-78977\" class=\"wp-caption-text\">Foto: Cleiton Miguel<\/p><\/div>\n<p class=\"x_yiv8262556587ydp3b0ee3b0yiv1290747331MsoNormal\">Ao todo, 22 empresas receberam a visita da comitiva, formada pela corte, presid\u00eancia e volunt\u00e1rios. Entre elas est\u00e3o Bebec\u00ea, Pampa, Eliz, Vicenza, Faccine, Piccadilly, Ambiente Verde, Lenna Rios, Tabita, Usaflex, Eva, Status, Compojet, Quintin, Beira Rio, Ponto a Ponto, Newpalm, Metaliza\u00e7\u00e3o, Carmina, Voltec, Sicoob e Prefeitura Municipal de Igrejinha. Em cada parada, os colaboradores foram convidados a entrar no clima da festa, que acontece de 17 a 26 de outubro, no Parque de Eventos Almiro Grings.<\/p>\n<p class=\"x_yiv8262556587ydp3b0ee3b0yiv1290747331MsoNormal\">Para o presidente da 36\u00aa edi\u00e7\u00e3o da Oktoberfest de Igrejinha, Falcon Jost, a a\u00e7\u00e3o refor\u00e7a o elo entre a festa e as empresas da regi\u00e3o. \u201c<em>A Oktober na ind\u00fastria \u00e9 um momento muito especial, pois levamos a alegria da nossa festa para dentro de diferentes espa\u00e7os. As ind\u00fastrias possuem processos semelhantes \u00e0 Oktober de Igrejinha: s\u00e3o muitas pessoas, diversas m\u00e3os que precisam ser mobilizadas para fazer a melhor entrega. Uma grande parcela dos colaboradores das ind\u00fastrias tamb\u00e9m participa da nossa festa, como volunt\u00e1rios ou frequentadores, e assim percebemos que a Oktober vem para somar, trazendo momentos de descontra\u00e7\u00e3o, alegria e um \u2018gostinho\u2019 dos dias mais alegres do ano\u201d<\/em>, destaca.<\/p>\n<p class=\"x_yiv8262556587ydp3b0ee3b0yiv1290747331MsoNormal\">Neste ano, uma das empresas visitadas foi a Piccadilly, que, em 2025, refor\u00e7a sua parceria como patrocinadora master da festa. De acordo com a CEO Cristine Grings Nogueira, apoiar a Oktoberfest de Igrejinha \u00e9 uma forma de celebrar as ra\u00edzes da marca e de estar ao lado da comunidade em um dos momentos mais especiais do ano. \u201c<em>A festa \u00e9 tradi\u00e7\u00e3o, alegria, encontro de culturas da regi\u00e3o. Fazer parte dessa hist\u00f3ria, \u00e9 motivo de orgulho. \u00c9 uma oportunidade de refor\u00e7ar nossos la\u00e7os com a cidade, valorizar a cultura germ\u00e2nica e comemorar juntos os 70 anos da Piccadilly, sempre lado a lado com as pessoas que fazem parte da nossa trajet\u00f3ria\u201d,<\/em> pontua.<\/p>\n<p class=\"x_yiv8262556587ydp3b0ee3b0yiv1290747331MsoNormal\">Cristine tamb\u00e9m destacou como a passagem da comitiva contagiou os colaboradores e fortaleceu a conex\u00e3o da empresa com a festa. \u201c<em>A visita da comitiva \u00e9 sempre um momento muito esperado e especial. Ela traz a energia da Oktoberfest para dentro da nossa empresa e faz com que nossos colaboradores se sintam ainda mais parte da festa. \u00c9 uma celebra\u00e7\u00e3o que contagia, aproxima e refor\u00e7a o orgulho de estarmos ligados a um evento t\u00e3o importante para a regi\u00e3o<\/em>\u201d, finaliza.<\/p>\n<p class=\"x_yiv8262556587ydp3b0ee3b0yiv1290747331MsoNormal\" style=\"text-align: center;\" aria-hidden=\"true\"><img loading=\"lazy\" decoding=\"async\" class=\"alignnone size-medium wp-image-78974\" src=\"http:\/\/sol.fm.br\/radio\/wp-content\/uploads\/2025\/10\/102-400x267.jpg\" alt=\"\" width=\"400\" height=\"267\" srcset=\"http:\/\/sol.fm.br\/radio\/wp-content\/uploads\/2025\/10\/102-400x267.jpg 400w, http:\/\/sol.fm.br\/radio\/wp-content\/uploads\/2025\/10\/102-768x512.jpg 768w, http:\/\/sol.fm.br\/radio\/wp-content\/uploads\/2025\/10\/102-600x400.jpg 600w, http:\/\/sol.fm.br\/radio\/wp-content\/uploads\/2025\/10\/102-1536x1024.jpg 1536w, http:\/\/sol.fm.br\/radio\/wp-content\/uploads\/2025\/10\/102-2048x1365.jpg 2048w\" sizes=\"auto, (max-width: 400px) 100vw, 400px\" \/> <img loading=\"lazy\" decoding=\"async\" class=\"alignnone size-medium wp-image-78975\" src=\"http:\/\/sol.fm.br\/radio\/wp-content\/uploads\/2025\/10\/103-400x267.jpg\" alt=\"\" width=\"400\" height=\"267\" srcset=\"http:\/\/sol.fm.br\/radio\/wp-content\/uploads\/2025\/10\/103-400x267.jpg 400w, http:\/\/sol.fm.br\/radio\/wp-content\/uploads\/2025\/10\/103-768x512.jpg 768w, http:\/\/sol.fm.br\/radio\/wp-content\/uploads\/2025\/10\/103-600x400.jpg 600w, http:\/\/sol.fm.br\/radio\/wp-content\/uploads\/2025\/10\/103-1536x1024.jpg 1536w, http:\/\/sol.fm.br\/radio\/wp-content\/uploads\/2025\/10\/103-2048x1365.jpg 2048w\" sizes=\"auto, (max-width: 400px) 100vw, 400px\" \/><\/p>\n<p aria-hidden=\"true\"><img loading=\"lazy\" decoding=\"async\" class=\"alignnone size-medium wp-image-78976 aligncenter\" src=\"http:\/\/sol.fm.br\/radio\/wp-content\/uploads\/2025\/10\/101-400x267.jpg\" alt=\"\" width=\"400\" height=\"267\" srcset=\"http:\/\/sol.fm.br\/radio\/wp-content\/uploads\/2025\/10\/101-400x267.jpg 400w, http:\/\/sol.fm.br\/radio\/wp-content\/uploads\/2025\/10\/101-768x512.jpg 768w, http:\/\/sol.fm.br\/radio\/wp-content\/uploads\/2025\/10\/101-600x400.jpg 600w, http:\/\/sol.fm.br\/radio\/wp-content\/uploads\/2025\/10\/101-1536x1024.jpg 1536w, http:\/\/sol.fm.br\/radio\/wp-content\/uploads\/2025\/10\/101-2048x1365.jpg 2048w\" sizes=\"auto, (max-width: 400px) 100vw, 400px\" \/><\/p>\n<p class=\"x_yiv8262556587ydp3b0ee3b0yiv1290747331MsoNormal\"><b>SERVI\u00c7O<\/b><\/p>\n<p class=\"x_yiv8262556587ydp3b0ee3b0yiv1290747331MsoNormal\"><b>Evento:<\/b>\u00a036\u00aa Oktoberfest de Igrejinha<\/p>\n<p class=\"x_yiv8262556587ydp3b0ee3b0yiv1290747331MsoNormal\"><b>Data:<\/b>\u00a017 a 26 de outubro de 2025<\/p>\n<p class=\"x_yiv8262556587ydp3b0ee3b0yiv1290747331MsoNormal\"><b>Local:\u00a0<\/b>Parque de Eventos Almiro Grings (<i>Rua<\/i>\u00a0<i>Arlindo<\/i>\u00a0<i>Geis 255,<\/i>\u00a0<i>Igrejinha\/RS)<\/i><\/p>\n<p class=\"x_yiv8262556587ydp3b0ee3b0yiv1290747331MsoNormal\"><b>Ingressos:\u00a0<\/b>dispon\u00edveis atrav\u00e9s do site oficial\u00a0<a title=\"http:\/\/www.oktoberfest.org.br\/\" href=\"http:\/\/www.oktoberfest.org.br\/\" target=\"_blank\" rel=\"nofollow noopener noreferrer\" shape=\"rect\" data-auth=\"NotApplicable\" data-linkindex=\"0\">www.oktoberfest.org.br<\/a>. Ingresso de acesso individual, v\u00e1lido para um \u00fanico dia. Lotes sujeitos a disponibilidade de ingressos.<\/p>\n<p class=\"x_yiv8262556587ydp3b0ee3b0yiv1290747331MsoNormal\"><b>\u00a0\u00a0\u00a0\u00a0\u00a0\u00a0 1\u00ba lote Arena:\u00a0<\/b>Sextas-feiras (17 e 24\/10) \u2013 R$ 36,00 | S\u00e1bados (18 e 25\/10) \u2013 R$ 25,00| Domingos (19 e 26\/10) \u2013 R$ 36,00<\/p>\n<p class=\"x_yiv8262556587ydp3b0ee3b0yiv1290747331MsoNormal\"><b>\u00a0\u00a0\u00a0\u00a0\u00a0\u00a0 2\u00ba lote Arena:\u00a0<\/b>Sextas-feiras (17 e 24\/10) \u2013 R$ 47,00 | S\u00e1bados (18 e 25\/10) \u2013 R$ 34,00| Domingos (19 e 26\/10) \u2013 R$ 47,00<\/p>\n<p class=\"x_yiv8262556587ydp3b0ee3b0yiv1290747331MsoNormal\"><b>\u00a0\u00a0\u00a0\u00a0\u00a0\u00a0 3\u00ba lote Arena:\u00a0<\/b>Sextas-feiras (17 e 24\/10) \u2013 R$ 58,00 | S\u00e1bados (18 e 25\/10) \u2013 R$ 42,00| Domingos (19 e 26\/10) \u2013 R$ 58,00<\/p>\n<p class=\"x_yiv8262556587ydp3b0ee3b0yiv1290747331MsoNormal\"><b>Patroc\u00ednio:\u00a0<\/b>Eisenbahn, Coca-Cola, Piccadilly, Cal\u00e7ados Beira Rio, Usaflex, Sicoob, Ambiente Verde, Bebec\u00ea, Voltec, A\u00e7oriana Alimentos, Bibi, Construarte, Madeireira Status, Tacosola e Tintas Killing<\/p>\n<p class=\"x_yiv8262556587ydp3b0ee3b0yiv1290747331MsoNormal\"><b>Mais informa\u00e7\u00f5es:\u00a0<\/b>atrav\u00e9s do site oficial<a title=\"http:\/\/www.oktoberfest.org.br\/\" href=\"http:\/\/www.oktoberfest.org.br\/\" target=\"_blank\" rel=\"nofollow noopener noreferrer\" shape=\"rect\" data-auth=\"NotApplicable\" data-linkindex=\"1\">\u00a0<\/a><a title=\"http:\/\/www.oktoberfest.org.br\/\" href=\"http:\/\/www.oktoberfest.org.br\/\" target=\"_blank\" rel=\"nofollow noopener noreferrer\" shape=\"rect\" data-auth=\"NotApplicable\" data-linkindex=\"2\">www.oktoberfest.org.br<\/a> e das redes sociais.<\/p>\n<hr \/>\n<h6><strong>Assessoria de Imprensa - Talenttare | Fotos: Caroline Bischoff<\/strong><\/h6>\n\n\n<center><iframe loading=\"lazy\" class=\"jmvplayer\" src=\"https:\/\/player.jmvstream.com\/lvw\/YYGWo5wfZuZ8fEW7Qoq1ISwhLSEDhU\" allowfullscreen allow=\"autoplay; fullscreen\" frameborder=\"0\" width=\"640\" height=\"360\" ><\/iframe><\/center>\n<\/div><\/div>","protected":false},"excerpt":{"rendered":"<p>Comitiva percorreu 22 empresas, levando m\u00fasica, tradi\u00e7\u00e3o e o convite para os dias mais alegres do ano \u00a0 Ao som de bandinha t\u00edpica e com muita anima\u00e7\u00e3o, a\u00a036\u00aa Oktoberfest de Igrejinha\u00a0tomou conta do ambiente de trabalho de diversas ind\u00fastrias do Vale do Paranhana nesta quarta e quinta-feira (1\u00ba e 2). Mais uma vez, a a\u00e7\u00e3o [&hellip;]<\/p>\n","protected":false},"author":4,"featured_media":78973,"comment_status":"open","ping_status":"open","sticky":false,"template":"","format":"standard","meta":{"footnotes":""},"categories":[1],"tags":[],"class_list":["post-78972","post","type-post","status-publish","format-standard","has-post-thumbnail","hentry","category-sem-categoria"],"_links":{"self":[{"href":"http:\/\/sol.fm.br\/radio\/wp-json\/wp\/v2\/posts\/78972","targetHints":{"allow":["GET"]}}],"collection":[{"href":"http:\/\/sol.fm.br\/radio\/wp-json\/wp\/v2\/posts"}],"about":[{"href":"http:\/\/sol.fm.br\/radio\/wp-json\/wp\/v2\/types\/post"}],"author":[{"embeddable":true,"href":"http:\/\/sol.fm.br\/radio\/wp-json\/wp\/v2\/users\/4"}],"replies":[{"embeddable":true,"href":"http:\/\/sol.fm.br\/radio\/wp-json\/wp\/v2\/comments?post=78972"}],"version-history":[{"count":1,"href":"http:\/\/sol.fm.br\/radio\/wp-json\/wp\/v2\/posts\/78972\/revisions"}],"predecessor-version":[{"id":78978,"href":"http:\/\/sol.fm.br\/radio\/wp-json\/wp\/v2\/posts\/78972\/revisions\/78978"}],"wp:featuredmedia":[{"embeddable":true,"href":"http:\/\/sol.fm.br\/radio\/wp-json\/wp\/v2\/media\/78973"}],"wp:attachment":[{"href":"http:\/\/sol.fm.br\/radio\/wp-json\/wp\/v2\/media?parent=78972"}],"wp:term":[{"taxonomy":"category","embeddable":true,"href":"http:\/\/sol.fm.br\/radio\/wp-json\/wp\/v2\/categories?post=78972"},{"taxonomy":"post_tag","embeddable":true,"href":"http:\/\/sol.fm.br\/radio\/wp-json\/wp\/v2\/tags?post=78972"}],"curies":[{"name":"wp","href":"https:\/\/api.w.org\/{rel}","templated":true}]}}