{"id":78988,"date":"2025-10-09T10:23:25","date_gmt":"2025-10-09T13:23:25","guid":{"rendered":"http:\/\/sol.fm.br\/radio\/?p=78988"},"modified":"2025-10-09T10:23:29","modified_gmt":"2025-10-09T13:23:29","slug":"36a-oktoberfest-de-igrejinha-valoriza-tradicao-com-incentivo-ao-uso-do-traje-tipico","status":"publish","type":"post","link":"http:\/\/sol.fm.br\/radio\/36a-oktoberfest-de-igrejinha-valoriza-tradicao-com-incentivo-ao-uso-do-traje-tipico\/","title":{"rendered":"36\u00aa Oktoberfest de Igrejinha valoriza tradi\u00e7\u00e3o com incentivo ao uso do traje t\u00edpico"},"content":{"rendered":"<div id=\"dslc-theme-content\"><div id=\"dslc-theme-content-inner\"><p class=\"x_yiv7786958312ydp7d3b0dbbyiv0848193574MsoNormal\" align=\"center\"><i data-olk-copy-source=\"MessageBody\">Visitantes que atenderem aos crit\u00e9rios da organiza\u00e7\u00e3o receber\u00e3o tickets de chopp ou \u00e1gua para usufruir durante a festa<\/i><\/p>\n<p class=\"x_yiv7786958312ydp7d3b0dbbyiv0848193574MsoNormal\" align=\"center\"><i>\u00a0<\/i><\/p>\n<p class=\"x_yiv7786958312ydp7d3b0dbbyiv0848193574MsoNormal\">Mais do que uma festa, a Oktoberfest de Igrejinha \u00e9 uma celebra\u00e7\u00e3o da tradi\u00e7\u00e3o. Mantendo a a\u00e7\u00e3o dos \u00faltimos anos, nesta 36\u00aa edi\u00e7\u00e3o, novamente, o visitante que entrar no clima germ\u00e2nico com o uso do traje t\u00edpico completo receber\u00e1 uma recompensa especial. A iniciativa refor\u00e7a o esp\u00edrito cultural do evento e incentiva os visitantes a vivenciarem a tradicional festa de outubro em sua ess\u00eancia.<\/p>\n<p class=\"x_yiv7786958312ydp7d3b0dbbyiv0848193574MsoNormal\">Neste ano, os visitantes que atenderem aos crit\u00e9rios de trajes estabelecidos pela Associa\u00e7\u00e3o de Amigos da Oktoberfest de Igrejinha (Amifest) ser\u00e3o contemplados com: um kit com dois tickets de chopp Eisenbahn (400 ml cada), exclusivo para maiores de 18 anos, ou um kit com quatro \u00e1guas. O benef\u00edcio ser\u00e1 concedido apenas para quem acessar o evento durante o hor\u00e1rio de cobran\u00e7a de ingresso, que deve ser adquirido pelo site oficial ou nos pontos f\u00edsicos de venda.<\/p>\n<p class=\"x_yiv7786958312ydp7d3b0dbbyiv0848193574MsoNormal\" aria-hidden=\"true\"><img loading=\"lazy\" decoding=\"async\" class=\"alignnone size-medium wp-image-78990 aligncenter\" src=\"http:\/\/sol.fm.br\/radio\/wp-content\/uploads\/2025\/10\/21-2-400x267.jpg\" alt=\"\" width=\"400\" height=\"267\" srcset=\"http:\/\/sol.fm.br\/radio\/wp-content\/uploads\/2025\/10\/21-2-400x267.jpg 400w, http:\/\/sol.fm.br\/radio\/wp-content\/uploads\/2025\/10\/21-2-768x512.jpg 768w, http:\/\/sol.fm.br\/radio\/wp-content\/uploads\/2025\/10\/21-2-600x400.jpg 600w, http:\/\/sol.fm.br\/radio\/wp-content\/uploads\/2025\/10\/21-2.jpg 1140w\" sizes=\"auto, (max-width: 400px) 100vw, 400px\" \/><\/p>\n<p class=\"x_yiv7786958312ydp7d3b0dbbyiv0848193574MsoNormal\">De acordo com o regulamento, para o p\u00fablico feminino, o traje t\u00edpico deve incluir obrigatoriamente vestido ou saia combinados com blusa, ou ainda bermuda t\u00edpica acompanhada de blusa, sempre com sapato social, sapatilha, sand\u00e1lia ou botinha t\u00edpica. Itens como tiara ou chap\u00e9u, avental e colete s\u00e3o opcionais.<\/p>\n<p class=\"x_yiv7786958312ydp7d3b0dbbyiv0848193574MsoNormal\">J\u00e1 para os trajes masculinos, as exig\u00eancias s\u00e3o camisa social ou t\u00edpica, combinada com cal\u00e7a ou bermuda t\u00edpica, al\u00e9m de sapato social, sapat\u00eanis, bota ou botina. Chap\u00e9u, colete, suspens\u00f3rio, avental, tiara, meias at\u00e9 o joelho ou polainas s\u00e3o opcionais.<\/p>\n<p class=\"x_yiv7786958312ydp7d3b0dbbyiv0848193574MsoNormal\" aria-hidden=\"true\"><img loading=\"lazy\" decoding=\"async\" class=\"alignnone size-medium wp-image-78991 aligncenter\" src=\"http:\/\/sol.fm.br\/radio\/wp-content\/uploads\/2025\/10\/22-1-400x267.jpg\" alt=\"\" width=\"400\" height=\"267\" srcset=\"http:\/\/sol.fm.br\/radio\/wp-content\/uploads\/2025\/10\/22-1-400x267.jpg 400w, http:\/\/sol.fm.br\/radio\/wp-content\/uploads\/2025\/10\/22-1-768x512.jpg 768w, http:\/\/sol.fm.br\/radio\/wp-content\/uploads\/2025\/10\/22-1-600x400.jpg 600w, http:\/\/sol.fm.br\/radio\/wp-content\/uploads\/2025\/10\/22-1.jpg 1158w\" sizes=\"auto, (max-width: 400px) 100vw, 400px\" \/><\/p>\n<p class=\"x_yiv7786958312ydp7d3b0dbbyiv0848193574MsoNormal\">A retirada do kit somente ser\u00e1 poss\u00edvel quando o traje estiver completo de acordo com as exig\u00eancias estabelecidas. A promo\u00e7\u00e3o \u00e9 v\u00e1lida exclusivamente para quem adquirir ingresso com valor integral, n\u00e3o se aplicando a entradas com desconto de meia-entrada ou a acessos gratuitos.<\/p>\n<p class=\"x_yiv7786958312ydp7d3b0dbbyiv0848193574MsoNormal\" aria-hidden=\"true\">\u00a0<\/p>\n<p class=\"x_yiv7786958312ydp7d3b0dbbyiv0848193574MsoNormal\"><b>SERVI\u00c7O<\/b><\/p>\n<p class=\"x_yiv7786958312ydp7d3b0dbbyiv0848193574MsoNormal\"><b>Evento:<\/b>\u00a036\u00aa Oktoberfest de Igrejinha<\/p>\n<p class=\"x_yiv7786958312ydp7d3b0dbbyiv0848193574MsoNormal\"><b>Data:<\/b>\u00a017 a 26 de outubro de 2025<\/p>\n<p class=\"x_yiv7786958312ydp7d3b0dbbyiv0848193574MsoNormal\"><b>Local:\u00a0<\/b>Parque de Eventos Almiro Grings (<i>Rua<\/i>\u00a0<i>Arlindo<\/i>\u00a0<i>Geis 255,<\/i>\u00a0<i>Igrejinha\/RS)<\/i><\/p>\n<p class=\"x_yiv7786958312ydp7d3b0dbbyiv0848193574MsoNormal\"><b>Ingressos:\u00a0<\/b>dispon\u00edveis atrav\u00e9s do site oficial\u00a0<a title=\"http:\/\/www.oktoberfest.org.br\/\" href=\"http:\/\/www.oktoberfest.org.br\/\" target=\"_blank\" rel=\"nofollow noopener noreferrer\" shape=\"rect\" data-auth=\"NotApplicable\" data-linkindex=\"0\">www.oktoberfest.org.br<\/a>. Ingresso de acesso individual, v\u00e1lido para um \u00fanico dia. Lotes sujeitos a disponibilidade de ingressos.<\/p>\n<p class=\"x_yiv7786958312ydp7d3b0dbbyiv0848193574MsoNormal\"><b>\u00a0\u00a0\u00a0\u00a0\u00a0\u00a0 2\u00ba lote Arena:\u00a0<\/b>Sextas-feiras (17 e 24\/10) \u2013 R$ 47,00 | S\u00e1bados (18 e 25\/10) \u2013 R$ 34,00| Domingos (19 e 26\/10) \u2013 R$ 47,00<\/p>\n<p class=\"x_yiv7786958312ydp7d3b0dbbyiv0848193574MsoNormal\"><b>\u00a0\u00a0\u00a0\u00a0\u00a0\u00a0 3\u00ba lote Arena:\u00a0<\/b>Sextas-feiras (17 e 24\/10) \u2013 R$ 58,00 | S\u00e1bados (18 e 25\/10) \u2013 R$ 42,00| Domingos (19 e 26\/10) \u2013 R$ 58,00<\/p>\n<p class=\"x_yiv7786958312ydp7d3b0dbbyiv0848193574MsoNormal\"><b>Patroc\u00ednio:\u00a0<\/b>Eisenbahn, Coca-Cola, Piccadilly, Cal\u00e7ados Beira Rio, Usaflex, Sicoob, Ambiente Verde, Bebec\u00ea, Voltec, A\u00e7oriana Alimentos, Bibi, Construarte, Madeireira Status, Tacosola e Tintas Killing<\/p>\n<p class=\"x_yiv7786958312ydp7d3b0dbbyiv0848193574MsoNormal\"><b>Apoio:\u00a0<\/b>Prefeitura<b>\u00a0<\/b>Municipal de Igrejinha<\/p>\n<p class=\"x_yiv7786958312ydp7d3b0dbbyiv0848193574MsoNormal\"><b>Mais informa\u00e7\u00f5es:\u00a0<\/b>atrav\u00e9s do site oficial<a title=\"http:\/\/www.oktoberfest.org.br\/\" href=\"http:\/\/www.oktoberfest.org.br\/\" target=\"_blank\" rel=\"nofollow noopener noreferrer\" shape=\"rect\" data-auth=\"NotApplicable\" data-linkindex=\"1\">\u00a0<\/a><a title=\"http:\/\/www.oktoberfest.org.br\/\" href=\"http:\/\/www.oktoberfest.org.br\/\" target=\"_blank\" rel=\"nofollow noopener noreferrer\" shape=\"rect\" data-auth=\"NotApplicable\" data-linkindex=\"2\">www.oktoberfest.org.br<\/a> e das redes sociais.<\/p>\n<hr \/>\n<h6><strong>Assessoria de Imprensa - Talenttare | Fotos: Cleiton Miguel<\/strong><\/h6>\n\n\n<center><iframe loading=\"lazy\" class=\"jmvplayer\" src=\"https:\/\/player.jmvstream.com\/lvw\/YYGWo5wfZuZ8fEW7Qoq1ISwhLSEDhU\" allowfullscreen allow=\"autoplay; fullscreen\" frameborder=\"0\" width=\"640\" height=\"360\" ><\/iframe><\/center>\n<\/div><\/div>","protected":false},"excerpt":{"rendered":"<p>Visitantes que atenderem aos crit\u00e9rios da organiza\u00e7\u00e3o receber\u00e3o tickets de chopp ou \u00e1gua para usufruir durante a festa \u00a0 Mais do que uma festa, a Oktoberfest de Igrejinha \u00e9 uma celebra\u00e7\u00e3o da tradi\u00e7\u00e3o. Mantendo a a\u00e7\u00e3o dos \u00faltimos anos, nesta 36\u00aa edi\u00e7\u00e3o, novamente, o visitante que entrar no clima germ\u00e2nico com o uso do traje [&hellip;]<\/p>\n","protected":false},"author":4,"featured_media":78989,"comment_status":"open","ping_status":"open","sticky":false,"template":"","format":"standard","meta":{"footnotes":""},"categories":[1],"tags":[],"class_list":["post-78988","post","type-post","status-publish","format-standard","has-post-thumbnail","hentry","category-sem-categoria"],"_links":{"self":[{"href":"http:\/\/sol.fm.br\/radio\/wp-json\/wp\/v2\/posts\/78988","targetHints":{"allow":["GET"]}}],"collection":[{"href":"http:\/\/sol.fm.br\/radio\/wp-json\/wp\/v2\/posts"}],"about":[{"href":"http:\/\/sol.fm.br\/radio\/wp-json\/wp\/v2\/types\/post"}],"author":[{"embeddable":true,"href":"http:\/\/sol.fm.br\/radio\/wp-json\/wp\/v2\/users\/4"}],"replies":[{"embeddable":true,"href":"http:\/\/sol.fm.br\/radio\/wp-json\/wp\/v2\/comments?post=78988"}],"version-history":[{"count":1,"href":"http:\/\/sol.fm.br\/radio\/wp-json\/wp\/v2\/posts\/78988\/revisions"}],"predecessor-version":[{"id":78992,"href":"http:\/\/sol.fm.br\/radio\/wp-json\/wp\/v2\/posts\/78988\/revisions\/78992"}],"wp:featuredmedia":[{"embeddable":true,"href":"http:\/\/sol.fm.br\/radio\/wp-json\/wp\/v2\/media\/78989"}],"wp:attachment":[{"href":"http:\/\/sol.fm.br\/radio\/wp-json\/wp\/v2\/media?parent=78988"}],"wp:term":[{"taxonomy":"category","embeddable":true,"href":"http:\/\/sol.fm.br\/radio\/wp-json\/wp\/v2\/categories?post=78988"},{"taxonomy":"post_tag","embeddable":true,"href":"http:\/\/sol.fm.br\/radio\/wp-json\/wp\/v2\/tags?post=78988"}],"curies":[{"name":"wp","href":"https:\/\/api.w.org\/{rel}","templated":true}]}}