{"id":78995,"date":"2025-10-09T10:31:50","date_gmt":"2025-10-09T13:31:50","guid":{"rendered":"http:\/\/sol.fm.br\/radio\/?p=78995"},"modified":"2025-10-09T10:31:52","modified_gmt":"2025-10-09T13:31:52","slug":"apesar-de-avanco-do-pib-empresas-enfrentam-escassez-de-credito","status":"publish","type":"post","link":"http:\/\/sol.fm.br\/radio\/apesar-de-avanco-do-pib-empresas-enfrentam-escassez-de-credito\/","title":{"rendered":"Apesar de avan\u00e7o do PIB, empresas enfrentam escassez de cr\u00e9dito"},"content":{"rendered":"<div id=\"dslc-theme-content\"><div id=\"dslc-theme-content-inner\"><p style=\"text-align: center;\"><em>Com os juros em alta, a falta de cr\u00e9dito para empresas brasileiras dificulta o ramo dos neg\u00f3cios e da popula\u00e7\u00e3o geral<\/em><\/p>\n<p>O PIB brasileiro ir\u00e1 avan\u00e7ar 2,4%, segundo o Banco Mundial. Mas, o volume total de concess\u00f5es de cr\u00e9dito no pa\u00eds caiu 3,3% no \u00faltimo m\u00eas, refletindo a dificuldade crescente de acesso a financiamentos por empresas e pessoas f\u00edsicas.<\/p>\n<p>Atualmente, a Taxa Selic, utilizada pelo Banco Central para controlar a infla\u00e7\u00e3o e garantir a estabilidade econ\u00f4mica est\u00e1 em 15% ao ano, o maior patamar desde junho de 2006. A concentra\u00e7\u00e3o de cr\u00e9dito em poucas institui\u00e7\u00f5es, o baixo n\u00edvel de renda e a elevada carga tribut\u00e1ria tamb\u00e9m contribuem para esse cen\u00e1rio.<\/p>\n<p>Segundo o ranking global elaborado pela MoneYou e Lev Intelligence, o Brasil encerrou o m\u00eas de setembro com 9,51% de juros reais (diferen\u00e7a entre a taxa nominal e a infla\u00e7\u00e3o), ocupando a segunda coloca\u00e7\u00e3o mundial, atr\u00e1s apenas da Turquia, que registrou 12,34%.<\/p>\n<p>Para Luciano Bravo, CVO da Intelig\u00eancia Comercial, os juros persistentemente altos t\u00eam reflexos diretos na economia real, como o aumento da inadimpl\u00eancia e o crescimento dos pedidos de recupera\u00e7\u00e3o judicial. \u201c<em>Ter uma taxa de juros alta n\u00e3o contribui em nada para o avan\u00e7o da cadeia produtiva. O Brasil vive um processo de desacelera\u00e7\u00e3o h\u00e1 mais de 20 anos, e isso \u00e9 um problema que precisa ser combatido na raiz<\/em>\u201d, afirma Bravo.<\/p>\n<p>O cen\u00e1rio \u00e9 resultado direto do aumento das taxas de juros, que reduzem a oferta de cr\u00e9dito por parte das institui\u00e7\u00f5es financeiras para Luciano. Com o cr\u00e9dito caro, as empresas reduzem investimentos e adiam planos de expans\u00e3o, o que reflete em menor gera\u00e7\u00e3o de empregos e, em alguns casos, demiss\u00f5es.<\/p>\n<p>Mesmo assim, o desempenho ainda \u00e9 considerado modesto diante do potencial do pa\u00eds. De acordo com Bravo, a entrada de capital estrangeiro seria essencial para destravar o crescimento. <em>\u201cSe coloc\u00e1ssemos apenas 500 empresas no cr\u00e9dito internacional por ano, captando recursos por meio da emiss\u00e3o de d\u00edvida estruturada na Europa e nos Estados Unidos, o Brasil teria capacidade de crescer, em regime de produ\u00e7\u00e3o de riquezas, 30% em cinco anos, uma m\u00e9dia de 6% ao ano, um PIB chin\u00eas no nosso pa\u00eds. Isso s\u00f3 \u00e9 poss\u00edvel se alinharmos o processo de inje\u00e7\u00e3o de capital estrangeiro \u00e0 cadeia produtiva<\/em>\u201d, conclui Luciano.<\/p>\n<hr \/>\n<h6><strong>Bayit Comunica\u00e7\u00e3o | Foto: internet<\/strong><\/h6>\n\n\n<center><iframe loading=\"lazy\" class=\"jmvplayer\" src=\"https:\/\/player.jmvstream.com\/lvw\/YYGWo5wfZuZ8fEW7Qoq1ISwhLSEDhU\" allowfullscreen allow=\"autoplay; fullscreen\" frameborder=\"0\" width=\"640\" height=\"360\" ><\/iframe><\/center>\n<\/div><\/div>","protected":false},"excerpt":{"rendered":"<p>Com os juros em alta, a falta de cr\u00e9dito para empresas brasileiras dificulta o ramo dos neg\u00f3cios e da popula\u00e7\u00e3o geral O PIB brasileiro ir\u00e1 avan\u00e7ar 2,4%, segundo o Banco Mundial. Mas, o volume total de concess\u00f5es de cr\u00e9dito no pa\u00eds caiu 3,3% no \u00faltimo m\u00eas, refletindo a dificuldade crescente de acesso a financiamentos por [&hellip;]<\/p>\n","protected":false},"author":4,"featured_media":78996,"comment_status":"open","ping_status":"open","sticky":false,"template":"","format":"standard","meta":{"footnotes":""},"categories":[1],"tags":[],"class_list":["post-78995","post","type-post","status-publish","format-standard","has-post-thumbnail","hentry","category-sem-categoria"],"_links":{"self":[{"href":"http:\/\/sol.fm.br\/radio\/wp-json\/wp\/v2\/posts\/78995","targetHints":{"allow":["GET"]}}],"collection":[{"href":"http:\/\/sol.fm.br\/radio\/wp-json\/wp\/v2\/posts"}],"about":[{"href":"http:\/\/sol.fm.br\/radio\/wp-json\/wp\/v2\/types\/post"}],"author":[{"embeddable":true,"href":"http:\/\/sol.fm.br\/radio\/wp-json\/wp\/v2\/users\/4"}],"replies":[{"embeddable":true,"href":"http:\/\/sol.fm.br\/radio\/wp-json\/wp\/v2\/comments?post=78995"}],"version-history":[{"count":1,"href":"http:\/\/sol.fm.br\/radio\/wp-json\/wp\/v2\/posts\/78995\/revisions"}],"predecessor-version":[{"id":78998,"href":"http:\/\/sol.fm.br\/radio\/wp-json\/wp\/v2\/posts\/78995\/revisions\/78998"}],"wp:featuredmedia":[{"embeddable":true,"href":"http:\/\/sol.fm.br\/radio\/wp-json\/wp\/v2\/media\/78996"}],"wp:attachment":[{"href":"http:\/\/sol.fm.br\/radio\/wp-json\/wp\/v2\/media?parent=78995"}],"wp:term":[{"taxonomy":"category","embeddable":true,"href":"http:\/\/sol.fm.br\/radio\/wp-json\/wp\/v2\/categories?post=78995"},{"taxonomy":"post_tag","embeddable":true,"href":"http:\/\/sol.fm.br\/radio\/wp-json\/wp\/v2\/tags?post=78995"}],"curies":[{"name":"wp","href":"https:\/\/api.w.org\/{rel}","templated":true}]}}