{"id":78999,"date":"2025-10-09T11:10:28","date_gmt":"2025-10-09T14:10:28","guid":{"rendered":"http:\/\/sol.fm.br\/radio\/?p=78999"},"modified":"2025-10-09T11:10:31","modified_gmt":"2025-10-09T14:10:31","slug":"pesquisa-radar-febraban-moradores-da-regiao-sul-recuperam-satisfacao-com-a-vida-pessoal-no-ultimo-trimestre-do-ano","status":"publish","type":"post","link":"http:\/\/sol.fm.br\/radio\/pesquisa-radar-febraban-moradores-da-regiao-sul-recuperam-satisfacao-com-a-vida-pessoal-no-ultimo-trimestre-do-ano\/","title":{"rendered":"Pesquisa RADAR FEBRABAN - Moradores da Regi\u00e3o Sul recuperam satisfa\u00e7\u00e3o com a vida pessoal no \u00faltimo trimestre do ano"},"content":{"rendered":"<div id=\"dslc-theme-content\"><div id=\"dslc-theme-content-inner\"><p style=\"text-align: center;\"><em>Infla\u00e7\u00e3o e custo de vida ainda preocupam a maior parte da popula\u00e7\u00e3o<\/em><\/p>\n<p>Ao final do terceiro trimestre deste ano, a popula\u00e7\u00e3o do Sul do Brasil voltou a encarar a realidade do pa\u00eds e as perspectivas de melhoria na vida pessoal com mais confian\u00e7a. De acordo com a \u00faltima Pesquisa RADAR FEBRABAN, realizada entre os dias 21 a 26 de setembro, 77% da popula\u00e7\u00e3o no Sul est\u00e1 satisfeita com a vida que leva. O resultado representa evolu\u00e7\u00e3o de cinco pontos percentuais sobre o levantamento anterior, realizado em junho, quando esse \u00edndice de satisfa\u00e7\u00e3o alcan\u00e7ava 72%.<\/p>\n<p>A percep\u00e7\u00e3o de que a vida pessoal e familiar melhorou este ano em rela\u00e7\u00e3o a 2024 tamb\u00e9m avan\u00e7ou: era de apenas 31% em junho e agora chega a 41% (aumento de dez pontos percentuais).<\/p>\n<p>A infla\u00e7\u00e3o e o custo de vida s\u00e3o ainda os maiores fatores de preocupa\u00e7\u00e3o no cen\u00e1rio econ\u00f4mico para os moradores da regi\u00e3o Sul, apesar de a pesquisa tamb\u00e9m detectar uma perspectiva mais otimista nesse quesito: em setembro, 84% avaliaram que os pre\u00e7os \u201c<em>aumentaram muito ou aumentaram nos \u00faltimos seis meses\u201d<\/em>. Em junho, esse percentual era de 85%, um ponto percentual a mais.<\/p>\n<p>\u201c<em>Nesse terceiro trimestre do ano, para al\u00e9m das tens\u00f5es econ\u00f4micas internas, os brasileiros precisaram lidar com uma nova press\u00e3o externa: as tarifas de at\u00e9 50% sobre produtos brasileiros impostas pelos Estados Unidos, o chamado \u201ctarifa\u00e7o<\/em>\u201d. Nesse contexto, um misto de cautela e otimismo perpassa as avalia\u00e7\u00f5es sobre o pa\u00eds e a economia\u201d, aponta Marcela Montenegro, diretora t\u00e9cnica do IPESPE.<\/p>\n<p><strong>Aplica\u00e7\u00e3o e pix parcelado<\/strong><\/p>\n<p>A pesquisa mostra ainda que a expectativa de mais acesso a cr\u00e9dito passou de 26% a 28%, crescimento de dois pontos percentuais. O resultado \u00e9 ligeiramente superior ao \u00edndice dos que acreditam que essa oferta continuar\u00e1 igual (27% agora, recuo de tr\u00eas pontos percentuais em rela\u00e7\u00e3o aos 30% verificados no levantamento anterior.) Entre os que pensam que o cr\u00e9dito vai diminuir, o \u00edndice atinge 40%, redu\u00e7\u00e3o de um ponto percentual em rela\u00e7\u00e3o ao resultado de junho (41%).<\/p>\n<p>Cresceu entre a popula\u00e7\u00e3o do Sul a vontade de aplicar em outros investimentos banc\u00e1rios que n\u00e3o sejam a poupan\u00e7a, enquanto o sonho de comprar uma casa diminuiu. Investimentos diversos (32%), im\u00f3vel (24%) e a aplica\u00e7\u00e3o na poupan\u00e7a (17%) seguem como as principais op\u00e7\u00f5es dos entrevistados para investir o saldo do or\u00e7amento. Em junho, a posi\u00e7\u00e3o dessas alternativas na pesquisa era a mesma (respectivamente, 29%, 28% e 21%).<\/p>\n<p>A pesquisa tamb\u00e9m verificou a conscientiza\u00e7\u00e3o e aprova\u00e7\u00e3o de servi\u00e7os incorporados pelo sistema financeiro, como o PIX parcelado, que j\u00e1 \u00e9 conhecido por 78% da popula\u00e7\u00e3o do Sul.<\/p>\n<hr \/>\n<h6><strong>Em Foco Comunica\u00e7\u00e3o Estrat\u00e9gica | Foto: internet<\/strong><\/h6>\n\n\n<center><iframe loading=\"lazy\" class=\"jmvplayer\" src=\"https:\/\/player.jmvstream.com\/lvw\/YYGWo5wfZuZ8fEW7Qoq1ISwhLSEDhU\" allowfullscreen allow=\"autoplay; fullscreen\" frameborder=\"0\" width=\"640\" height=\"360\" ><\/iframe><\/center>\n<\/div><\/div>","protected":false},"excerpt":{"rendered":"<p>Infla\u00e7\u00e3o e custo de vida ainda preocupam a maior parte da popula\u00e7\u00e3o Ao final do terceiro trimestre deste ano, a popula\u00e7\u00e3o do Sul do Brasil voltou a encarar a realidade do pa\u00eds e as perspectivas de melhoria na vida pessoal com mais confian\u00e7a. De acordo com a \u00faltima Pesquisa RADAR FEBRABAN, realizada entre os dias [&hellip;]<\/p>\n","protected":false},"author":4,"featured_media":79004,"comment_status":"open","ping_status":"open","sticky":false,"template":"","format":"standard","meta":{"footnotes":""},"categories":[1],"tags":[],"class_list":["post-78999","post","type-post","status-publish","format-standard","has-post-thumbnail","hentry","category-sem-categoria"],"_links":{"self":[{"href":"http:\/\/sol.fm.br\/radio\/wp-json\/wp\/v2\/posts\/78999","targetHints":{"allow":["GET"]}}],"collection":[{"href":"http:\/\/sol.fm.br\/radio\/wp-json\/wp\/v2\/posts"}],"about":[{"href":"http:\/\/sol.fm.br\/radio\/wp-json\/wp\/v2\/types\/post"}],"author":[{"embeddable":true,"href":"http:\/\/sol.fm.br\/radio\/wp-json\/wp\/v2\/users\/4"}],"replies":[{"embeddable":true,"href":"http:\/\/sol.fm.br\/radio\/wp-json\/wp\/v2\/comments?post=78999"}],"version-history":[{"count":1,"href":"http:\/\/sol.fm.br\/radio\/wp-json\/wp\/v2\/posts\/78999\/revisions"}],"predecessor-version":[{"id":79006,"href":"http:\/\/sol.fm.br\/radio\/wp-json\/wp\/v2\/posts\/78999\/revisions\/79006"}],"wp:featuredmedia":[{"embeddable":true,"href":"http:\/\/sol.fm.br\/radio\/wp-json\/wp\/v2\/media\/79004"}],"wp:attachment":[{"href":"http:\/\/sol.fm.br\/radio\/wp-json\/wp\/v2\/media?parent=78999"}],"wp:term":[{"taxonomy":"category","embeddable":true,"href":"http:\/\/sol.fm.br\/radio\/wp-json\/wp\/v2\/categories?post=78999"},{"taxonomy":"post_tag","embeddable":true,"href":"http:\/\/sol.fm.br\/radio\/wp-json\/wp\/v2\/tags?post=78999"}],"curies":[{"name":"wp","href":"https:\/\/api.w.org\/{rel}","templated":true}]}}