{"id":79024,"date":"2025-10-09T14:24:24","date_gmt":"2025-10-09T17:24:24","guid":{"rendered":"http:\/\/sol.fm.br\/radio\/?p=79024"},"modified":"2025-10-09T14:24:26","modified_gmt":"2025-10-09T17:24:26","slug":"tarifas-americanas-impactam-desempenho-da-industria-gaucha-em-agosto-aponta-fiergs","status":"publish","type":"post","link":"http:\/\/sol.fm.br\/radio\/tarifas-americanas-impactam-desempenho-da-industria-gaucha-em-agosto-aponta-fiergs\/","title":{"rendered":"Tarifas americanas impactam desempenho da ind\u00fastria ga\u00facha em agosto, aponta FIERGS"},"content":{"rendered":"<div id=\"dslc-theme-content\"><div id=\"dslc-theme-content-inner\"><p style=\"text-align: center;\"><em>Recuo de 1,9% \u00e9 o maior desde maio de 2024 no Rio Grande do Sul<\/em><\/p>\n<p><br \/>O \u00cdndice de Desempenho Industrial do Rio Grande do Sul (IDI-RS) registrou queda de 1,9%, em agosto, na compara\u00e7\u00e3o com julho, segundo levantamento divulgado nesta quarta-feira (8) pelo Sistema FIERGS. O recuo ocorre no primeiro m\u00eas de vig\u00eancia das tarifas de 50% impostas pelos Estados Unidos sobre produtos brasileiros e representa a maior retra\u00e7\u00e3o desde maio de 2024, quando o estado enfrentou a pior enchente de sua hist\u00f3ria.<\/p>\n<p>A queda reflete o desempenho negativo dos principais componentes do \u00edndice. O faturamento real teve a maior redu\u00e7\u00e3o, de 4,7% em rela\u00e7\u00e3o a julho. As compras industriais recuaram 2,3%, as horas trabalhadas na produ\u00e7\u00e3o diminu\u00edram 1,3% e a utiliza\u00e7\u00e3o da capacidade instalada caiu 0,6 ponto percentual, passando de 79,7% para 79,1%. A massa salarial real registrou queda de 0,6% e o emprego, de 0,3%.<\/p>\n<p>Na compara\u00e7\u00e3o com agosto do ano passado, o IDI-RS apresentou retra\u00e7\u00e3o de 4,3%. Os indicadores ligados ao mercado de trabalho, como emprego (1,5%) e massa salarial real (3,6%), ainda mostraram avan\u00e7o. J\u00e1 os componentes mais diretamente associados \u00e0 atividade produtiva tiveram forte recuo, com destaque para as compras industriais (-11,7%), o faturamento real (-6,8%), as horas trabalhadas (-4,8%) e a utiliza\u00e7\u00e3o da capacidade instalada (-1,5 ponto percentual).<br \/><br \/><strong>ACUMULADO DO ANO<\/strong><br \/>O desempenho negativo impactou o resultado acumulado do ano. O crescimento do IDI-RS desacelerou de 1,3%, em julho, para 0,5%, em agosto, na compara\u00e7\u00e3o entre os primeiros sete e oito meses do ano. A estabilidade, em termos pr\u00e1ticos, observada no acumulado at\u00e9 agosto reflete a disparidade entre os componentes: enquanto compras industriais (4%), emprego (1,5%) e massa salarial real (2,8%) avan\u00e7aram, houve quedas no faturamento real (-0,4%), nas horas trabalhadas (-1,7%) e na utiliza\u00e7\u00e3o da capacidade instalada (-0,9 ponto percentual).<\/p>\n<p>Mesmo com o resultado anual modesto, a atividade industrial cresceu em nove dos 15 segmentos pesquisados. As maiores contribui\u00e7\u00f5es positivas vieram de M\u00e1quinas e Equipamentos (12,5%), Equipamentos de Inform\u00e1tica e Eletr\u00f4nicos (20,7%), Tabaco (10,7%) e Qu\u00edmicos, Derivados de Petr\u00f3leo e Biocombust\u00edveis (3,2%). Em contrapartida, retra\u00e7\u00f5es expressivas em setores de peso, como Ve\u00edculos Automotores (-8,4%) e Couros e Cal\u00e7ados (-6,2%), acabaram puxando o desempenho geral para baixo.<\/p>\n<p>Acesse a pesquisa na \u00edntegra no Observat\u00f3rio da Ind\u00fastria, em <a href=\"https:\/\/observatoriodaindustriars.org.br\/?inteligenciacateg=cenarios-economicos\">https:\/\/observatoriodaindustriars.org.br\/?inteligenciacateg=cenarios-economicos<\/a>.<\/p>\n<hr \/>\n<h6><strong>Sistema - FIERGS | Comunica\u00e7\u00e3o - Ger\u00eancia de Comunica\u00e7\u00e3o Institucional<\/strong><\/h6>\n\n\n<center><iframe loading=\"lazy\" class=\"jmvplayer\" src=\"https:\/\/player.jmvstream.com\/lvw\/YYGWo5wfZuZ8fEW7Qoq1ISwhLSEDhU\" allowfullscreen allow=\"autoplay; fullscreen\" frameborder=\"0\" width=\"640\" height=\"360\" ><\/iframe><\/center>\n\n\n\n<p><\/p>\n<\/div><\/div>","protected":false},"excerpt":{"rendered":"<p>Recuo de 1,9% \u00e9 o maior desde maio de 2024 no Rio Grande do Sul O \u00cdndice de Desempenho Industrial do Rio Grande do Sul (IDI-RS) registrou queda de 1,9%, em agosto, na compara\u00e7\u00e3o com julho, segundo levantamento divulgado nesta quarta-feira (8) pelo Sistema FIERGS. O recuo ocorre no primeiro m\u00eas de vig\u00eancia das tarifas [&hellip;]<\/p>\n","protected":false},"author":4,"featured_media":79025,"comment_status":"open","ping_status":"open","sticky":false,"template":"","format":"standard","meta":{"footnotes":""},"categories":[1],"tags":[],"class_list":["post-79024","post","type-post","status-publish","format-standard","has-post-thumbnail","hentry","category-sem-categoria"],"_links":{"self":[{"href":"http:\/\/sol.fm.br\/radio\/wp-json\/wp\/v2\/posts\/79024","targetHints":{"allow":["GET"]}}],"collection":[{"href":"http:\/\/sol.fm.br\/radio\/wp-json\/wp\/v2\/posts"}],"about":[{"href":"http:\/\/sol.fm.br\/radio\/wp-json\/wp\/v2\/types\/post"}],"author":[{"embeddable":true,"href":"http:\/\/sol.fm.br\/radio\/wp-json\/wp\/v2\/users\/4"}],"replies":[{"embeddable":true,"href":"http:\/\/sol.fm.br\/radio\/wp-json\/wp\/v2\/comments?post=79024"}],"version-history":[{"count":1,"href":"http:\/\/sol.fm.br\/radio\/wp-json\/wp\/v2\/posts\/79024\/revisions"}],"predecessor-version":[{"id":79026,"href":"http:\/\/sol.fm.br\/radio\/wp-json\/wp\/v2\/posts\/79024\/revisions\/79026"}],"wp:featuredmedia":[{"embeddable":true,"href":"http:\/\/sol.fm.br\/radio\/wp-json\/wp\/v2\/media\/79025"}],"wp:attachment":[{"href":"http:\/\/sol.fm.br\/radio\/wp-json\/wp\/v2\/media?parent=79024"}],"wp:term":[{"taxonomy":"category","embeddable":true,"href":"http:\/\/sol.fm.br\/radio\/wp-json\/wp\/v2\/categories?post=79024"},{"taxonomy":"post_tag","embeddable":true,"href":"http:\/\/sol.fm.br\/radio\/wp-json\/wp\/v2\/tags?post=79024"}],"curies":[{"name":"wp","href":"https:\/\/api.w.org\/{rel}","templated":true}]}}