{"id":79027,"date":"2025-10-09T14:39:55","date_gmt":"2025-10-09T17:39:55","guid":{"rendered":"http:\/\/sol.fm.br\/radio\/?p=79027"},"modified":"2025-10-09T14:39:56","modified_gmt":"2025-10-09T17:39:56","slug":"rio-grande-do-sul-tem-tres-casos-suspeitos-de-intoxicacao-por-metanol-em-investigacao","status":"publish","type":"post","link":"http:\/\/sol.fm.br\/radio\/rio-grande-do-sul-tem-tres-casos-suspeitos-de-intoxicacao-por-metanol-em-investigacao\/","title":{"rendered":"Rio Grande do Sul tem tr\u00eas casos suspeitos de intoxica\u00e7\u00e3o por metanol em investiga\u00e7\u00e3o"},"content":{"rendered":"<div id=\"dslc-theme-content\"><div id=\"dslc-theme-content-inner\"><p style=\"text-align: center;\"><em>At\u00e9 o momento, Estado confirmou um caso de intoxica\u00e7\u00e3o e descartou outros tr\u00eas<\/em><\/p>\n<p dir=\"ltr\"><em>Corre\u00e7\u00e3o: O caso em investiga\u00e7\u00e3o em Passo Fundo \u00e9 de uma mulher.\u00a0O texto abaixo foi corrigido \u00e0s 8h47 desta quinta-feira (9\/10)<\/em><\/p>\n<p dir=\"ltr\">Al\u00e9m do\u00a0<a href=\"https:\/\/www.estado.rs.gov.br\/rio-grande-do-sul-confirma-primeiro-caso-de-intoxicacao-por-metanol-em-bebida-consumida-fora-do-estado\" target=\"_blank\" rel=\"noopener\"><strong>primeiro caso confirmado de intoxica\u00e7\u00e3o por metanol<\/strong><\/a>, o Rio Grande do Sul ainda tem tr\u00eas ocorr\u00eancias sob investiga\u00e7\u00e3o, nos munic\u00edpios de Novo Hamburgo, Porto Alegre e Passo Fundo, al\u00e9m de outros tr\u00eas casos descartados.<\/p>\n<p dir=\"ltr\"><strong>Confirmado\u00a0<\/strong><\/p>\n<p dir=\"ltr\">Homem, 42 anos, de Porto Alegre: consumiu caipirinhas de vodca em S\u00e3o Paulo (SP) no dia 26\/9. Apresentou sintomas como febre, dor abdominal e dor de cabe\u00e7a entre 12 e 24 horas ap\u00f3s o consumo. Tamb\u00e9m relatou vis\u00e3o turva e altera\u00e7\u00e3o na percep\u00e7\u00e3o de cores. De volta ao Rio Grande do Sul, foi atendido na emerg\u00eancia do Hospital S\u00e3o Lucas da PUCRS no dia 30\/9, onde recebeu tratamento e foi liberado.\u00a0<\/p>\n<p dir=\"ltr\"><strong>Em investiga\u00e7\u00e3o<\/strong><\/p>\n<ul>\n<li dir=\"ltr\">Homem, 21 anos, de Novo Hamburgo\u00a0<\/li>\n<li dir=\"ltr\">Homem, 23 anos, de Porto Alegre<\/li>\n<li dir=\"ltr\">Mulher, 20 anos, de Passo Fundo<\/li>\n<\/ul>\n<p dir=\"ltr\"><strong>Descartados<\/strong><\/p>\n<ul>\n<li dir=\"ltr\">Homem, 45 anos, de Nova Santa Rita<\/li>\n<li dir=\"ltr\">Homem, 38 anos, de Porto Alegre<\/li>\n<li dir=\"ltr\">Homem, 84 anos, de Santa Maria<br \/><br \/><\/li>\n<\/ul>\n<ul>\n<li dir=\"ltr\"><a href=\"https:\/\/www.estado.rs.gov.br\/governo-do-estado-destaca-principais-sintomas-como-se-prevenir-e-o-que-fazer-em-caso-de-intoxicacao-por-metanol\" target=\"_blank\" rel=\"noopener\"><strong>Governo do Estado destaca principais sintomas, como se prevenir e o que fazer em caso de intoxica\u00e7\u00e3o por metanol<br \/><br \/><\/strong><\/a><\/li>\n<li dir=\"ltr\"><a href=\"https:\/\/estado.rs.gov.br\/governador-eduardo-leite-determina-criacao-de-comite-intersecretarial-para-acompanhar-a-presenca-de-metanol-em-bebidas-no-rs\" target=\"_blank\" rel=\"noopener\"><strong>Governador Eduardo Leite determina cria\u00e7\u00e3o de comit\u00ea intersecretarial para acompanhar a presen\u00e7a de metanol em bebidas no RS<\/strong><\/a><\/li>\n<\/ul>\n<hr \/>\n<h6><strong>GOV RS | Texto: Ascom SES | Edi\u00e7\u00e3o: Secom\u00a0<\/strong><\/h6>\n\n\n<center><iframe loading=\"lazy\" class=\"jmvplayer\" src=\"https:\/\/player.jmvstream.com\/lvw\/YYGWo5wfZuZ8fEW7Qoq1ISwhLSEDhU\" allowfullscreen allow=\"autoplay; fullscreen\" frameborder=\"0\" width=\"640\" height=\"360\" ><\/iframe><\/center>\n<\/div><\/div>","protected":false},"excerpt":{"rendered":"<p>At\u00e9 o momento, Estado confirmou um caso de intoxica\u00e7\u00e3o e descartou outros tr\u00eas Corre\u00e7\u00e3o: O caso em investiga\u00e7\u00e3o em Passo Fundo \u00e9 de uma mulher.\u00a0O texto abaixo foi corrigido \u00e0s 8h47 desta quinta-feira (9\/10) Al\u00e9m do\u00a0primeiro caso confirmado de intoxica\u00e7\u00e3o por metanol, o Rio Grande do Sul ainda tem tr\u00eas ocorr\u00eancias sob investiga\u00e7\u00e3o, nos munic\u00edpios [&hellip;]<\/p>\n","protected":false},"author":4,"featured_media":79028,"comment_status":"open","ping_status":"open","sticky":false,"template":"","format":"standard","meta":{"footnotes":""},"categories":[1],"tags":[],"class_list":["post-79027","post","type-post","status-publish","format-standard","has-post-thumbnail","hentry","category-sem-categoria"],"_links":{"self":[{"href":"http:\/\/sol.fm.br\/radio\/wp-json\/wp\/v2\/posts\/79027","targetHints":{"allow":["GET"]}}],"collection":[{"href":"http:\/\/sol.fm.br\/radio\/wp-json\/wp\/v2\/posts"}],"about":[{"href":"http:\/\/sol.fm.br\/radio\/wp-json\/wp\/v2\/types\/post"}],"author":[{"embeddable":true,"href":"http:\/\/sol.fm.br\/radio\/wp-json\/wp\/v2\/users\/4"}],"replies":[{"embeddable":true,"href":"http:\/\/sol.fm.br\/radio\/wp-json\/wp\/v2\/comments?post=79027"}],"version-history":[{"count":1,"href":"http:\/\/sol.fm.br\/radio\/wp-json\/wp\/v2\/posts\/79027\/revisions"}],"predecessor-version":[{"id":79029,"href":"http:\/\/sol.fm.br\/radio\/wp-json\/wp\/v2\/posts\/79027\/revisions\/79029"}],"wp:featuredmedia":[{"embeddable":true,"href":"http:\/\/sol.fm.br\/radio\/wp-json\/wp\/v2\/media\/79028"}],"wp:attachment":[{"href":"http:\/\/sol.fm.br\/radio\/wp-json\/wp\/v2\/media?parent=79027"}],"wp:term":[{"taxonomy":"category","embeddable":true,"href":"http:\/\/sol.fm.br\/radio\/wp-json\/wp\/v2\/categories?post=79027"},{"taxonomy":"post_tag","embeddable":true,"href":"http:\/\/sol.fm.br\/radio\/wp-json\/wp\/v2\/tags?post=79027"}],"curies":[{"name":"wp","href":"https:\/\/api.w.org\/{rel}","templated":true}]}}