{"id":79182,"date":"2025-10-15T10:48:14","date_gmt":"2025-10-15T13:48:14","guid":{"rendered":"http:\/\/sol.fm.br\/radio\/?p=79182"},"modified":"2025-10-15T10:48:16","modified_gmt":"2025-10-15T13:48:16","slug":"governo-divulga-lista-preliminar-de-municipios-selecionados-para-programa-de-implantacao-e-custeio-de-cozinhas-comunitarias","status":"publish","type":"post","link":"http:\/\/sol.fm.br\/radio\/governo-divulga-lista-preliminar-de-municipios-selecionados-para-programa-de-implantacao-e-custeio-de-cozinhas-comunitarias\/","title":{"rendered":"Governo divulga lista preliminar de munic\u00edpios selecionados para programa de implanta\u00e7\u00e3o e custeio de cozinhas comunit\u00e1rias"},"content":{"rendered":"<div id=\"dslc-theme-content\"><div id=\"dslc-theme-content-inner\"><p class=\"artigo__subtitulo\" style=\"text-align: center;\"><em>Resultado final ser\u00e1 publicado em 20 de outubro<\/em><\/p>\n<p>O governo do Estado divulgou, nesta ter\u00e7a-feira (14\/10), a\u00a0<a href=\"https:\/\/social.rs.gov.br\/upload\/arquivos\/202510\/14114002-selecionados-edital-ppg.pdf\" target=\"_blank\" rel=\"noopener\"><strong>lista preliminar de munic\u00edpios selecionados para o Programa Prato Ga\u00facho(PPG)<\/strong><\/a>. A iniciativa \u00e9 destinada para implanta\u00e7\u00e3o de cozinhas comunit\u00e1rias e apoio ao custeio de refei\u00e7\u00f5es para o atendimento \u00e0 popula\u00e7\u00e3o em situa\u00e7\u00e3o de vulnerabilidade social em cidades afetadas pelas chuvas intensas de abril e maio de 2024.<\/p>\n<p>O\u00a0<a href=\"https:\/\/social.rs.gov.br\/upload\/arquivos\/202509\/23092743-edital-e-manual-ppg-cozinhas-comunitarias-1.pdf\" target=\"_blank\" rel=\"noopener\"><strong>edital do PPG foi publicado em 23 de setembro<\/strong><\/a>\u00a0pela Secretaria de Desenvolvimento Social (Sedes). Os munic\u00edpios aptos tiveram at\u00e9 9 de outubro para encaminhar manifesta\u00e7\u00e3o de interesse. Foram selecionadas 52 cidades, sendo 35 para a modalidade de implanta\u00e7\u00e3o de cozinha comunit\u00e1ria sem espa\u00e7o de refeit\u00f3rio e 17 para a modalidade que conta com refeit\u00f3rio no local. O resultado final ser\u00e1 divulgado em 20 de outubro,\u00a0<a href=\"https:\/\/social.rs.gov.br\/upload\/arquivos\/202510\/02102510-novo-cronograma.pdf\" target=\"_blank\" rel=\"noopener\"><strong>conforme cronograma<\/strong><\/a>.<\/p>\n<p>Essa \u00e9 a primeira vez que uma a\u00e7\u00e3o do Executivo estadual prev\u00ea aporte espec\u00edfico para apoio ao custeio da alimenta\u00e7\u00e3o ofertada, al\u00e9m de repasse com a finalidade de implanta\u00e7\u00e3o de cozinhas comunit\u00e1rias. Com isso, o governo assegura um n\u00famero m\u00ednimo di\u00e1rio de refei\u00e7\u00f5es servidas durante o per\u00edodo de conveniamento do programa.<\/p>\n<p>A iniciativa faz parte do\u00a0<a href=\"https:\/\/planoriogrande.rs.gov.br\/inicial\" target=\"_blank\" rel=\"noopener\"><strong>Plano Rio Grande<\/strong><\/a>, programa liderado pelo governador Eduardo Leite, criado para proteger a popula\u00e7\u00e3o, reconstruir o Estado e torn\u00e1-lo ainda mais forte e resiliente, preparado para o futuro.<\/p>\n<ul>\n<li><a href=\"https:\/\/social.rs.gov.br\/upload\/arquivos\/202510\/14114002-selecionados-edital-ppg.pdf\" target=\"_blank\" rel=\"noopener\"><strong>Lista preliminar de munic\u00edpios selecionados<\/strong><\/a><\/li>\n<\/ul>\n<hr \/>\n<h6><strong>GOV RS | Texto: Ascom Sedes | Edi\u00e7\u00e3o: Secom<\/strong><\/h6>\n\n\n<center><iframe loading=\"lazy\" class=\"jmvplayer\" src=\"https:\/\/player.jmvstream.com\/lvw\/YYGWo5wfZuZ8fEW7Qoq1ISwhLSEDhU\" allowfullscreen allow=\"autoplay; fullscreen\" frameborder=\"0\" width=\"640\" height=\"360\" ><\/iframe><\/center>\n<\/div><\/div>","protected":false},"excerpt":{"rendered":"<p>Resultado final ser\u00e1 publicado em 20 de outubro O governo do Estado divulgou, nesta ter\u00e7a-feira (14\/10), a\u00a0lista preliminar de munic\u00edpios selecionados para o Programa Prato Ga\u00facho(PPG). A iniciativa \u00e9 destinada para implanta\u00e7\u00e3o de cozinhas comunit\u00e1rias e apoio ao custeio de refei\u00e7\u00f5es para o atendimento \u00e0 popula\u00e7\u00e3o em situa\u00e7\u00e3o de vulnerabilidade social em cidades afetadas pelas [&hellip;]<\/p>\n","protected":false},"author":4,"featured_media":79183,"comment_status":"open","ping_status":"open","sticky":false,"template":"","format":"standard","meta":{"footnotes":""},"categories":[1],"tags":[],"class_list":["post-79182","post","type-post","status-publish","format-standard","has-post-thumbnail","hentry","category-sem-categoria"],"_links":{"self":[{"href":"http:\/\/sol.fm.br\/radio\/wp-json\/wp\/v2\/posts\/79182","targetHints":{"allow":["GET"]}}],"collection":[{"href":"http:\/\/sol.fm.br\/radio\/wp-json\/wp\/v2\/posts"}],"about":[{"href":"http:\/\/sol.fm.br\/radio\/wp-json\/wp\/v2\/types\/post"}],"author":[{"embeddable":true,"href":"http:\/\/sol.fm.br\/radio\/wp-json\/wp\/v2\/users\/4"}],"replies":[{"embeddable":true,"href":"http:\/\/sol.fm.br\/radio\/wp-json\/wp\/v2\/comments?post=79182"}],"version-history":[{"count":1,"href":"http:\/\/sol.fm.br\/radio\/wp-json\/wp\/v2\/posts\/79182\/revisions"}],"predecessor-version":[{"id":79184,"href":"http:\/\/sol.fm.br\/radio\/wp-json\/wp\/v2\/posts\/79182\/revisions\/79184"}],"wp:featuredmedia":[{"embeddable":true,"href":"http:\/\/sol.fm.br\/radio\/wp-json\/wp\/v2\/media\/79183"}],"wp:attachment":[{"href":"http:\/\/sol.fm.br\/radio\/wp-json\/wp\/v2\/media?parent=79182"}],"wp:term":[{"taxonomy":"category","embeddable":true,"href":"http:\/\/sol.fm.br\/radio\/wp-json\/wp\/v2\/categories?post=79182"},{"taxonomy":"post_tag","embeddable":true,"href":"http:\/\/sol.fm.br\/radio\/wp-json\/wp\/v2\/tags?post=79182"}],"curies":[{"name":"wp","href":"https:\/\/api.w.org\/{rel}","templated":true}]}}