{"id":79200,"date":"2025-10-15T11:15:55","date_gmt":"2025-10-15T14:15:55","guid":{"rendered":"http:\/\/sol.fm.br\/radio\/?p=79200"},"modified":"2025-10-15T11:15:57","modified_gmt":"2025-10-15T14:15:57","slug":"hereford-e-braford-mostram-genetica-de-destaque-na-expofeira-de-pelotas","status":"publish","type":"post","link":"http:\/\/sol.fm.br\/radio\/hereford-e-braford-mostram-genetica-de-destaque-na-expofeira-de-pelotas\/","title":{"rendered":"Hereford e Braford mostram gen\u00e9tica de destaque na Expofeira de Pelotas"},"content":{"rendered":"<div id=\"dslc-theme-content\"><div id=\"dslc-theme-content-inner\"><p style=\"text-align: center;\"><em>Exposi\u00e7\u00e3o de primavera realizada no Parque da Associa\u00e7\u00e3o Rural do Munic\u00edpio destacou a qualidade dos criat\u00f3rios e integrou o calend\u00e1rio oficial da ABHB<\/em><\/p>\n<p>Os julgamentos das categorias r\u00fasticas das ra\u00e7as Hereford e Braford foram um dos pontos altos da Expofeira de Pelotas, realizada no Parque da Associa\u00e7\u00e3o Rural do Munic\u00edpio, e evidenciaram a excel\u00eancia gen\u00e9tica dos exemplares apresentados. Criat\u00f3rios tradicionais do Rio Grande do Sul se destacaram nas competi\u00e7\u00f5es. A exposi\u00e7\u00e3o de primavera integrou o calend\u00e1rio oficial de eventos da Associa\u00e7\u00e3o Brasileira de Hereford e Braford (ABHB)<\/p>\n<p>Na categoria Polled Hereford PO \u2013 F\u00eameas R\u00fasticas, o lote grande campe\u00e3o foi o de n\u00famero 3, composto pelas tatuagens 327, 331 e 353, da Agropecu\u00e1ria Canoa Mirim S.A., da Est\u00e2ncia do Salso, de Santa Vit\u00f3ria do Palmar (RS). O reservado grande campe\u00e3o foi o lote 1, com os exemplares 560, 564 e FIV618, criados por Vitor e Jacques Leston, Gustavo Reginato, Eduardo Menezes e Darcy Crespo, das propriedades Agropecu\u00e1ria Dom Vitor, Cabanha Catarina, Est\u00e2ncia Boaventura e Est\u00e2ncia Umbu, respectivamente de Santa Vit\u00f3ria do Palmar(RS), Ca\u00e7ador (SC), Pinheiro Machado (RS) e S\u00e3o Louren\u00e7o do Sul (RS). A melhor r\u00fastica foi a f\u00eamea de tatuagem 331, tamb\u00e9m da Agropecu\u00e1ria Canoa Mirim S.A.<\/p>\n<p>Entre as F\u00eameas Polled Hereford PC, o pr\u00eamio de melhor r\u00fastica ficou com o lote 5, de tatuagem 2000, da Agropecu\u00e1ria Dom Vitor, de cria\u00e7\u00e3o de Vitor Leston e Jacques R. Leston. Nos machos, o desempenho da Agropecu\u00e1ria Canoa Mirim S.A. tamb\u00e9m se destacou. O lote 6, com as tatuagens 386, 387 e 393, foi o grande campe\u00e3o Polled Hereford PO \u2013 R\u00fastico, com o exemplar 386 eleito como melhor r\u00fastico.<\/p>\n<p>Na categoria Hereford PC \u2013 Machos R\u00fasticos, o t\u00edtulo de melhor r\u00fastico e supremo ficou com o lote 8, de tatuagem 1235, da Agropecu\u00e1ria Dom Vitor, de cria\u00e7\u00e3o de Vitor e Jacques R. Leston. O julgamento de Polled Hereford PC \u2013 Machos R\u00fasticos tamb\u00e9m premiou a gen\u00e9tica da Agropecu\u00e1ria Dom Vitor. O lote 10, com as tatuagens 1201, 1223 e 1229, conquistou o t\u00edtulo de grande campe\u00e3o, enquanto o lote 9, com 1227, 1239 e 1241, ficou como reservado grande campe\u00e3o. O animal de tatuagem 1201 foi eleito o melhor r\u00fastico da categoria.<\/p>\n<p>Entre os exemplares da ra\u00e7a Braford, a Est\u00e2ncia Rio Negro, de Bag\u00e9 (RS), dos criadores Gustavo e Gilberto Camponogara, teve destaque nas f\u00eameas, conquistando o t\u00edtulo de lote grande campe\u00e3o com o lote 18, formado pelas tatuagens 3014, 3035 e 3041. O lote 19, com 3015, 3026 e 3044, foi o reservado grande campe\u00e3o, e a f\u00eamea de tatuagem 3026 recebeu o pr\u00eamio de melhor r\u00fastica.<\/p>\n<p>Nos machos Braford, o t\u00edtulo de lote grande campe\u00e3o ficou com o lote 26, composto pelas tatuagens MG143, MG146 e MG158, da Fazenda Curupira, de Pedro Os\u00f3rio (RS), da Sucess\u00e3o Jo\u00e3o Carlos Mascarenhas Alves Pereira. O lote 23, com 4039, 4120 e 4124, da Est\u00e2ncia Rio Negro, foi o reservado grande campe\u00e3o, e o touro de tatuagem MG146 foi eleito o melhor r\u00fastico da ra\u00e7a.<\/p>\n<hr \/>\n<h6><strong>AgroEffective | Assessoria de Comunica\u00e7\u00e3o da Associa\u00e7\u00e3o Brasileira de Hereford e Braford (ABHB) | Foto: Edu Rickes\/Divulga\u00e7\u00e3o | Texto: Nestor Tipa J\u00fanior\/AgroEffective<\/strong><\/h6>\n\n\n<center><iframe loading=\"lazy\" class=\"jmvplayer\" src=\"https:\/\/player.jmvstream.com\/lvw\/YYGWo5wfZuZ8fEW7Qoq1ISwhLSEDhU\" allowfullscreen allow=\"autoplay; fullscreen\" frameborder=\"0\" width=\"640\" height=\"360\" ><\/iframe><\/center>\n<\/div><\/div>","protected":false},"excerpt":{"rendered":"<p>Exposi\u00e7\u00e3o de primavera realizada no Parque da Associa\u00e7\u00e3o Rural do Munic\u00edpio destacou a qualidade dos criat\u00f3rios e integrou o calend\u00e1rio oficial da ABHB Os julgamentos das categorias r\u00fasticas das ra\u00e7as Hereford e Braford foram um dos pontos altos da Expofeira de Pelotas, realizada no Parque da Associa\u00e7\u00e3o Rural do Munic\u00edpio, e evidenciaram a excel\u00eancia gen\u00e9tica [&hellip;]<\/p>\n","protected":false},"author":4,"featured_media":79201,"comment_status":"open","ping_status":"open","sticky":false,"template":"","format":"standard","meta":{"footnotes":""},"categories":[1],"tags":[],"class_list":["post-79200","post","type-post","status-publish","format-standard","has-post-thumbnail","hentry","category-sem-categoria"],"_links":{"self":[{"href":"http:\/\/sol.fm.br\/radio\/wp-json\/wp\/v2\/posts\/79200","targetHints":{"allow":["GET"]}}],"collection":[{"href":"http:\/\/sol.fm.br\/radio\/wp-json\/wp\/v2\/posts"}],"about":[{"href":"http:\/\/sol.fm.br\/radio\/wp-json\/wp\/v2\/types\/post"}],"author":[{"embeddable":true,"href":"http:\/\/sol.fm.br\/radio\/wp-json\/wp\/v2\/users\/4"}],"replies":[{"embeddable":true,"href":"http:\/\/sol.fm.br\/radio\/wp-json\/wp\/v2\/comments?post=79200"}],"version-history":[{"count":1,"href":"http:\/\/sol.fm.br\/radio\/wp-json\/wp\/v2\/posts\/79200\/revisions"}],"predecessor-version":[{"id":79202,"href":"http:\/\/sol.fm.br\/radio\/wp-json\/wp\/v2\/posts\/79200\/revisions\/79202"}],"wp:featuredmedia":[{"embeddable":true,"href":"http:\/\/sol.fm.br\/radio\/wp-json\/wp\/v2\/media\/79201"}],"wp:attachment":[{"href":"http:\/\/sol.fm.br\/radio\/wp-json\/wp\/v2\/media?parent=79200"}],"wp:term":[{"taxonomy":"category","embeddable":true,"href":"http:\/\/sol.fm.br\/radio\/wp-json\/wp\/v2\/categories?post=79200"},{"taxonomy":"post_tag","embeddable":true,"href":"http:\/\/sol.fm.br\/radio\/wp-json\/wp\/v2\/tags?post=79200"}],"curies":[{"name":"wp","href":"https:\/\/api.w.org\/{rel}","templated":true}]}}