{"id":79206,"date":"2025-10-15T11:47:34","date_gmt":"2025-10-15T14:47:34","guid":{"rendered":"http:\/\/sol.fm.br\/radio\/?p=79206"},"modified":"2025-10-15T11:47:38","modified_gmt":"2025-10-15T14:47:38","slug":"ifpa-oferece-ao-varejo-campanha-de-sazonalidade-da-uva-para-estimular-consumo","status":"publish","type":"post","link":"http:\/\/sol.fm.br\/radio\/ifpa-oferece-ao-varejo-campanha-de-sazonalidade-da-uva-para-estimular-consumo\/","title":{"rendered":"IFPA oferece ao varejo campanha de sazonalidade da uva para estimular consumo"},"content":{"rendered":"<div id=\"dslc-theme-content\"><div id=\"dslc-theme-content-inner\"><p><span data-olk-copy-source=\"MessageBody\">A International Fresh Produce Association (IFPA) iniciou sua campanha de sazonalidade da uva com o objetivo de estimular o consumo da fruta e refor\u00e7ar sua presen\u00e7a no dia a dia dos brasileiros.<\/span><\/p>\n<p>Segundo Valeska Cir\u00e9, gestora da IFPA no Brasil, a iniciativa \u00e9 estrat\u00e9gica para ampliar a visibilidade da uva no mercado: \u201c<em>Queremos mostrar ao consumidor brasileiro a versatilidade e os benef\u00edcios da uva, refor\u00e7ando que a fruta est\u00e1 com qualidade e pre\u00e7os excelentes e deve fazer parte da rotina alimentar.\u201d<\/em><\/p>\n<p>Valeska destaca ainda o impacto da a\u00e7\u00e3o para toda a cadeia produtiva: \u201c<em>Campanhas de sazonalidade s\u00e3o fundamentais para movimentar o mercado, gerar valor para produtores e distribuidores e, ao mesmo tempo, inspirar os consumidores a redescobrirem a uva em diferentes formas de consumo.\u201d<\/em><\/p>\n<p>O mercado est\u00e1 aquecido, como relata Daniel Eijsink, CEO da Kuar\u00e1, uma das maiores produtoras de uva do Vale do S\u00e3o Francisco: \u201c<em>2025 est\u00e1 se mostrando uma safra normal em termos de volume. A qualidade est\u00e1 muito boa, com um clima mais favor\u00e1vel que 2024. Em termos de mercado, mesmo com a tarifa para o mercado americano, as exporta\u00e7\u00f5es continuam com boas expectativas para Europa e demais continentes. Esperamos que seja uma safra de qualidade\u201d<\/em>.\u00a0<\/p>\n<p>O kit digital da campanha de sazonalidade da uva \u00e9 gratuito para todo o varejo e deve ser baixada pelo link\u00a0<a title=\"https:\/\/bit.ly\/CampUvaIFPA25\" href=\"https:\/\/bit.ly\/CampUvaIFPA25\" target=\"_blank\" rel=\"noreferrer noopener\" shape=\"rect\" data-auth=\"NotApplicable\" data-linkindex=\"0\">https:\/\/bit.ly\/CampUvaIFPA25<\/a><\/p>\n<p>\u00a0<\/p>\n<p><strong><em>Sobre a IFPA<\/em><\/strong>\u00a0- International Fresh Produce Association (IFPA) \u00e9 a maior e mais diversa associa\u00e7\u00e3o internacional que atende toda a cadeia de suprimentos de frutas, flores, legumes e verduras. Integra tamb\u00e9m a advocacia voltada para o mundo prestando todo suporte a essa ind\u00fastria. Presente em 55 pa\u00edses, tem 2.900 empresas, 4.600 fornecedores e 3.300 empresas continentais associadas. No Brasil, a entidade tem 150 associados da cadeia do FFLV.<\/p>\n<hr \/>\n<h6><strong>Assessoria de Imprensa - Vera Moreira | Foto: Divulga\u00e7\u00e3o IFPA<\/strong><\/h6>\n\n\n<center><iframe loading=\"lazy\" class=\"jmvplayer\" src=\"https:\/\/player.jmvstream.com\/lvw\/YYGWo5wfZuZ8fEW7Qoq1ISwhLSEDhU\" allowfullscreen allow=\"autoplay; fullscreen\" frameborder=\"0\" width=\"640\" height=\"360\" ><\/iframe><\/center>\n<\/div><\/div>","protected":false},"excerpt":{"rendered":"<p>A International Fresh Produce Association (IFPA) iniciou sua campanha de sazonalidade da uva com o objetivo de estimular o consumo da fruta e refor\u00e7ar sua presen\u00e7a no dia a dia dos brasileiros. Segundo Valeska Cir\u00e9, gestora da IFPA no Brasil, a iniciativa \u00e9 estrat\u00e9gica para ampliar a visibilidade da uva no mercado: \u201cQueremos mostrar ao [&hellip;]<\/p>\n","protected":false},"author":4,"featured_media":79207,"comment_status":"open","ping_status":"open","sticky":false,"template":"","format":"standard","meta":{"footnotes":""},"categories":[1],"tags":[],"class_list":["post-79206","post","type-post","status-publish","format-standard","has-post-thumbnail","hentry","category-sem-categoria"],"_links":{"self":[{"href":"http:\/\/sol.fm.br\/radio\/wp-json\/wp\/v2\/posts\/79206","targetHints":{"allow":["GET"]}}],"collection":[{"href":"http:\/\/sol.fm.br\/radio\/wp-json\/wp\/v2\/posts"}],"about":[{"href":"http:\/\/sol.fm.br\/radio\/wp-json\/wp\/v2\/types\/post"}],"author":[{"embeddable":true,"href":"http:\/\/sol.fm.br\/radio\/wp-json\/wp\/v2\/users\/4"}],"replies":[{"embeddable":true,"href":"http:\/\/sol.fm.br\/radio\/wp-json\/wp\/v2\/comments?post=79206"}],"version-history":[{"count":1,"href":"http:\/\/sol.fm.br\/radio\/wp-json\/wp\/v2\/posts\/79206\/revisions"}],"predecessor-version":[{"id":79208,"href":"http:\/\/sol.fm.br\/radio\/wp-json\/wp\/v2\/posts\/79206\/revisions\/79208"}],"wp:featuredmedia":[{"embeddable":true,"href":"http:\/\/sol.fm.br\/radio\/wp-json\/wp\/v2\/media\/79207"}],"wp:attachment":[{"href":"http:\/\/sol.fm.br\/radio\/wp-json\/wp\/v2\/media?parent=79206"}],"wp:term":[{"taxonomy":"category","embeddable":true,"href":"http:\/\/sol.fm.br\/radio\/wp-json\/wp\/v2\/categories?post=79206"},{"taxonomy":"post_tag","embeddable":true,"href":"http:\/\/sol.fm.br\/radio\/wp-json\/wp\/v2\/tags?post=79206"}],"curies":[{"name":"wp","href":"https:\/\/api.w.org\/{rel}","templated":true}]}}