{"id":79209,"date":"2025-10-15T12:00:10","date_gmt":"2025-10-15T15:00:10","guid":{"rendered":"http:\/\/sol.fm.br\/radio\/?p=79209"},"modified":"2025-10-15T12:00:12","modified_gmt":"2025-10-15T15:00:12","slug":"envelhecer-com-dignidade-e-um-compromisso-coletivo","status":"publish","type":"post","link":"http:\/\/sol.fm.br\/radio\/envelhecer-com-dignidade-e-um-compromisso-coletivo\/","title":{"rendered":"Envelhecer com dignidade \u00e9 um compromisso coletivo"},"content":{"rendered":"<div id=\"dslc-theme-content\"><div id=\"dslc-theme-content-inner\"><p style=\"text-align: center;\"><i>Por Gustavo Samar\u00e1, vice-presidente e presidente em exerc\u00edcio do Asilo Padre Cacique<\/i><\/p>\n<div>\n<div>Outubro \u00e9 o m\u00eas em que celebramos o Dia Nacional do Idoso, uma data que nos convida a olhar com aten\u00e7\u00e3o para o valor da experi\u00eancia, da mem\u00f3ria e da hist\u00f3ria que cada pessoa idosa carrega. No Asilo Padre Cacique, esse olhar n\u00e3o se restringe a um dia espec\u00edfico: ele se traduz em um compromisso di\u00e1rio de cuidar, acolher e valorizar cada residente como parte essencial da nossa comunidade.<\/div>\n<div>\u00a0<\/div>\n<div>O nosso centen\u00e1rio Asilo \u00e9 um verdadeiro patrim\u00f4nio afetivo de Porto Alegre. Ele se mant\u00e9m vivo n\u00e3o apenas pelas paredes que o sustentam, mas, principalmente, pela dedica\u00e7\u00e3o de colaboradores e volunt\u00e1rios que, com Amor, Cuidado e Carinho, constroem um ambiente de seguran\u00e7a e afeto. Em cada gesto, no cuidado com a sa\u00fade, na aten\u00e7\u00e3o personalizada, nas atividades que despertam alegria, se encontra o compromisso genu\u00edno com a vida.<\/div>\n<div>\u00a0<\/div>\n<div>Quem chega ao Asilo traz consigo algo que nenhum rem\u00e9dio \u00e9 capaz de oferecer: afeto. Uma conversa, uma risada compartilhada, um abra\u00e7o. Esses gestos simples t\u00eam um impacto profundo no bem-estar de quem vive aqui. O idoso precisa se sentir visto, ouvido e inclu\u00eddo; precisa sentir que ainda ocupa um lugar ativo na sociedade. \u00c9 nesse v\u00ednculo humano que est\u00e1 o verdadeiro sentido de envelhecer com dignidade.<\/div>\n<div>\u00a0<\/div>\n<div>Nos \u00faltimos anos, temos buscado oferecer ainda mais qualidade de vida aos nossos residentes. Renovamos espa\u00e7os de conviv\u00eancia e dormit\u00f3rios, e investimos em iniciativas culturais e recreativas: saraus, oficinas de artesanato, festas tem\u00e1ticas e at\u00e9 a decora\u00e7\u00e3o especial do nosso Galp\u00e3o Crioulo na Semana Farroupilha, que trouxe novas cores e alegria ao cotidiano da casa.<\/div>\n<div>\u00a0<\/div>\n<div>O Asilo Padre Cacique \u00e9, antes de tudo, um espa\u00e7o de amor. Um lar que pertence \u00e0 cidade e que continua de p\u00e9 porque \u00e9 sustentado pela uni\u00e3o de muitas m\u00e3os e cora\u00e7\u00f5es. Nosso maior desafio, e tamb\u00e9m nossa miss\u00e3o, \u00e9 garantir que cada idoso que passa por aqui viva n\u00e3o apenas mais anos, mas anos melhores, com sa\u00fade, respeito e alegria.<\/div>\n<div>\u00a0<\/div>\n<div>Convido a sociedade a se aproximar de n\u00f3s e participar dessa miss\u00e3o. Para saber como ajudar, acesse https:\/\/www.doecarinho.com.br\/play Donativos podem ser entregues diretamente na sede do asilo, na Avenida Padre Cacique, 1178, bairro Menino Deus, Porto Alegre (RS), todos os dias, das 7h \u00e0s 20h.<\/div>\n<div>\u00a0<\/div>\n<div><strong>Gustavo Samar\u00e1<\/strong><\/div>\n<div><em>Presidente em exerc\u00edcio do Asilo Padre Cacique<\/em><\/div>\n<div>\u00a0<\/div>\n<\/div>\n<div><strong>Sobre o Asilo Padre Cacique<\/strong><br \/>O Asilo Padre Cacique \u00e9 uma institui\u00e7\u00e3o centen\u00e1ria localizada em Porto Alegre, dedicada ao acolhimento e cuidado de idosos em situa\u00e7\u00e3o de vulnerabilidade. Fundado em 1895, o asilo oferece n\u00e3o apenas moradia, mas tamb\u00e9m assist\u00eancia m\u00e9dica, atividades recreativas e culturais, garantindo assim qualidade de vida e bem-estar aos seus residentes. Ao longo dos anos, tornou-se refer\u00eancia na cidade pela sua atua\u00e7\u00e3o humanizada e pelo compromisso em proporcionar dignidade e conforto aos idosos que ali vivem.<\/div>\n<hr \/>\n<h6><strong>PlayPress | Asilo Padre Cacique | Foto: <span style=\"color: initial;\">Asilo Padre Cacique<\/span><\/strong><\/h6>\n\n\n<center><iframe loading=\"lazy\" class=\"jmvplayer\" src=\"https:\/\/player.jmvstream.com\/lvw\/YYGWo5wfZuZ8fEW7Qoq1ISwhLSEDhU\" allowfullscreen allow=\"autoplay; fullscreen\" frameborder=\"0\" width=\"640\" height=\"360\" ><\/iframe><\/center>\n<\/div><\/div>","protected":false},"excerpt":{"rendered":"<p>Por Gustavo Samar\u00e1, vice-presidente e presidente em exerc\u00edcio do Asilo Padre Cacique Outubro \u00e9 o m\u00eas em que celebramos o Dia Nacional do Idoso, uma data que nos convida a olhar com aten\u00e7\u00e3o para o valor da experi\u00eancia, da mem\u00f3ria e da hist\u00f3ria que cada pessoa idosa carrega. No Asilo Padre Cacique, esse olhar n\u00e3o [&hellip;]<\/p>\n","protected":false},"author":4,"featured_media":79210,"comment_status":"open","ping_status":"open","sticky":false,"template":"","format":"standard","meta":{"footnotes":""},"categories":[1],"tags":[],"class_list":["post-79209","post","type-post","status-publish","format-standard","has-post-thumbnail","hentry","category-sem-categoria"],"_links":{"self":[{"href":"http:\/\/sol.fm.br\/radio\/wp-json\/wp\/v2\/posts\/79209","targetHints":{"allow":["GET"]}}],"collection":[{"href":"http:\/\/sol.fm.br\/radio\/wp-json\/wp\/v2\/posts"}],"about":[{"href":"http:\/\/sol.fm.br\/radio\/wp-json\/wp\/v2\/types\/post"}],"author":[{"embeddable":true,"href":"http:\/\/sol.fm.br\/radio\/wp-json\/wp\/v2\/users\/4"}],"replies":[{"embeddable":true,"href":"http:\/\/sol.fm.br\/radio\/wp-json\/wp\/v2\/comments?post=79209"}],"version-history":[{"count":1,"href":"http:\/\/sol.fm.br\/radio\/wp-json\/wp\/v2\/posts\/79209\/revisions"}],"predecessor-version":[{"id":79211,"href":"http:\/\/sol.fm.br\/radio\/wp-json\/wp\/v2\/posts\/79209\/revisions\/79211"}],"wp:featuredmedia":[{"embeddable":true,"href":"http:\/\/sol.fm.br\/radio\/wp-json\/wp\/v2\/media\/79210"}],"wp:attachment":[{"href":"http:\/\/sol.fm.br\/radio\/wp-json\/wp\/v2\/media?parent=79209"}],"wp:term":[{"taxonomy":"category","embeddable":true,"href":"http:\/\/sol.fm.br\/radio\/wp-json\/wp\/v2\/categories?post=79209"},{"taxonomy":"post_tag","embeddable":true,"href":"http:\/\/sol.fm.br\/radio\/wp-json\/wp\/v2\/tags?post=79209"}],"curies":[{"name":"wp","href":"https:\/\/api.w.org\/{rel}","templated":true}]}}